{"id":627264,"date":"2025-07-23T00:53:16","date_gmt":"2025-07-23T04:53:16","guid":{"rendered":"https:\/\/diariodominicano.com\/?p=627264"},"modified":"2025-07-23T00:53:18","modified_gmt":"2025-07-23T04:53:18","slug":"senado-aprueba-en-segunda-lectura-con-modificaciones-proyecto-que-modifica-el-codigo-de-trabajo","status":"publish","type":"post","link":"https:\/\/diariodominicano.com\/?p=627264","title":{"rendered":"Senado aprueba en segunda lectura con modificaciones proyecto que modifica el C\u00f3digo de Trabajo"},"content":{"rendered":"\n<p>Santo Domingo, R.D. \u2013 El Senado de la Rep\u00fablica aprob\u00f3 en segunda lectura con modificaciones, el proyecto de ley org\u00e1nica que modifica la Ley n\u00fam. 16-92, que establece el C\u00f3digo de Trabajo de la Rep\u00fablica Dominicana.<\/p>\n\n\n\n<p>La iniciativa busca modernizar el C\u00f3digo de Trabajo para mejorar las condiciones laborales, garantizar derechos fundamentales y fortalecer aspectos como la no discriminaci\u00f3n, la conciliaci\u00f3n de conflictos y las regulaciones sobre horas extras, suspensi\u00f3n de contratos y licencias.<\/p>\n\n\n\n<p>El pleno del Senado acogi\u00f3 las modificaciones a la reforma laboral entre las que destacan el art\u00edculo 3 del proyecto de reforma laboral, el cual proh\u00edbe toda forma de discriminaci\u00f3n en el \u00e1mbito laboral por motivos de sexo, g\u00e9nero, edad, raza, origen, opini\u00f3n pol\u00edtica, militancia sindical, orientaci\u00f3n sexual, discapacidad o creencia religiosa, salvo las excepciones previstas por la ley para la protecci\u00f3n del trabajador. Asimismo, se aclara que no se consideran discriminatorias las distinciones basadas en las calificaciones requeridas para un puesto espec\u00edfico.<\/p>\n\n\n\n<p>Asimismo, el pleno aprob\u00f3 eliminar el art\u00edculo 83 y acogi\u00f3 la modificaci\u00f3n al art\u00edculo 88, el cual establece las causas bajo las cuales un empleador puede dar por terminado un contrato laboral mediante despido.<\/p>\n\n\n\n<p>Entre otras de las modificaciones que fueron conocidas a la reforma laboral, se destaca el cambio introducido al art\u00edculo 511, que busca agilizar el proceso de conciliaci\u00f3n. La propuesta establece plazos espec\u00edficos para la designaci\u00f3n del juez conciliador, la notificaci\u00f3n de la demanda y la citaci\u00f3n a audiencia, garantizando que entre esta \u00faltima y su celebraci\u00f3n medie un m\u00ednimo de ocho d\u00edas francos.<\/p>\n\n\n\n<p>El art\u00edculo 722 del proyecto de reforma laboral establece que los fondos recaudados por concepto de multas ser\u00e1n incorporados al presupuesto del Ministerio de Trabajo. Estos recursos ser\u00e1n destinados al fortalecimiento de los servicios ofrecidos a los usuarios.<\/p>\n\n\n\n<p>Con estas disposiciones, el Senado de la Rep\u00fablica avanza en la construcci\u00f3n de un marco legal laboral m\u00e1s moderno, justo y eficiente, que fortalezca los mecanismos de control institucional, promueva la equidad en el empleo y garantice una mayor protecci\u00f3n a los derechos de los trabajadores y empleadores en la Rep\u00fablica Dominicana.<\/p>\n\n\n\n<p>En la sesi\u00f3n de este martes, tambi\u00e9n se aprob\u00f3 el proyecto de ley de fiscalizaci\u00f3n y control del Congreso Nacional, una iniciativa presentada por los senadores F\u00e9lix Ram\u00f3n Bautista Rosario y Ram\u00f3n Rogelio Genao Dur\u00e1n.<\/p>\n\n\n\n<p>Esta propuesta legislativa tiene como objetivo regular los procedimientos y mecanismos que permitan al Congreso Nacional ejercer de forma efectiva su funci\u00f3n constitucional de fiscalizaci\u00f3n y control pol\u00edtico por parte del Congreso Nacional.<\/p>\n\n\n\n<p>En el considerando tercero del nuevo marco legislativo, el poder legislativo reafirma su rol como contrapeso del Poder Ejecutivo, subrayando que la fiscalizaci\u00f3n y el control pol\u00edtico deben ejercerse a trav\u00e9s de instrumentos y procedimientos adecuados que garanticen la protecci\u00f3n del patrimonio p\u00fablico.<\/p>\n\n\n\n<p>De acuerdo con el art\u00edculo 31 del nuevo marco legislativo, los funcionarios p\u00fablicos electos por voto popular, as\u00ed como aquellos designados por el Senado de la Rep\u00fablica y el Consejo Nacional de la Magistratura, incluyendo ministros, viceministros, el gobernador del Banco Central, directores y administradores de organismos aut\u00f3nomos y descentralizado del Estado y los de entidades que administren fondos p\u00fablicos, podr\u00e1n ser citados a comparecer ante el Pleno o las comisiones del Congreso si incumplen con la entrega de informes solicitados en el tiempo establecido en el art\u00edculo 30 de dicha normativa.<\/p>\n\n\n\n<p>El art\u00edculo 34 del proyecto legislativo establece que los plenos de ambas c\u00e1maras y sus comisiones tendr\u00e1n la facultad de invitar a comparecer a funcionarios p\u00fablicos, con el fin de informar sobre asuntos vinculados a sus funciones.<\/p>\n\n\n\n<p>Estas disposiciones reflejan el compromiso del Congreso Nacional con el fortalecimiento del control institucional y la transparencia en la gesti\u00f3n p\u00fablica.<\/p>\n\n\n\n<p>\u00daNICA LECTURA<\/p>\n\n\n\n<p>El Pleno aprob\u00f3 en \u00fanica discusi\u00f3n la resoluci\u00f3n que solicita al director ejecutivo del Servicio Nacional de Salud (SNS), doctor Mario Lama, la instalaci\u00f3n de una Unidad de Atenci\u00f3n Primaria (UNAP) en el paraje de la Ceiba, secci\u00f3n El Salado, distrito municipal tur\u00edstico Ver\u00f3n-Punta Cana, municipio de Hig\u00fcey, provincia La Altagracia, una iniciativa propuesta por el senador Rafael Bar\u00f3n Duluc Rijo.<\/p>\n\n\n\n<p>Asimismo, fue aprobada la resoluci\u00f3n que otorga un reconocimiento a Monse\u00f1or Santiago Rodr\u00edguez, obispo de San Pedro de Macor\u00eds, con motivo de la conmemoraci\u00f3n de sus veinticinco a\u00f1os de ordenaci\u00f3n sacerdotal y su ejemplar servicio pastoral a la Iglesia Cat\u00f3lica y a la sociedad. Esta iniciativa fue presentada por la senadora Aracelis Villanueva.<\/p>\n\n\n\n<p>En los trabajos legislativos tambi\u00e9n se aprob\u00f3 la resoluci\u00f3n que solicita al presidente Luis Rodolfo Abinader, instruir al ministro de Educaci\u00f3n, Luis Miguel Decamps, para que sea incluida en el curr\u00edculo estudiantil de la educaci\u00f3n primaria y secundaria las asignaturas sobre prevenci\u00f3n y manejo de enfermedades de transmisi\u00f3n por vectores, iniciativa de la senadora L\u00eda Ynocencia D\u00edaz Santana.<\/p>\n\n\n\n<p>De los Santos convoc\u00f3 a sesi\u00f3n para el pr\u00f3ximo mi\u00e9rcoles 23 de julio a las 2:00 de la tarde.<\/p>\n\n\n\n<p>Senado<\/p>\n","protected":false},"excerpt":{"rendered":"<p>Santo Domingo, R.D. \u2013 El Senado de la Rep\u00fablica aprob\u00f3 en segunda lectura con modificaciones, el proyecto de ley org\u00e1nica que modifica la Ley n\u00fam. 16-92, que establece el C\u00f3digo de Trabajo de la Rep\u00fablica Dominicana. La iniciativa busca modernizar el C\u00f3digo de Trabajo para mejorar las condiciones laborales, garantizar derechos fundamentales y fortalecer aspectos [&hellip;]<\/p>\n","protected":false},"author":7,"featured_media":622893,"comment_status":"closed","ping_status":"closed","sticky":false,"template":"","format":"standard","meta":{"footnotes":""},"categories":[24],"tags":[2359],"class_list":["post-627264","post","type-post","status-publish","format-standard","has-post-thumbnail","hentry","category-justicia-y-derecho","tag-senado"],"_links":{"self":[{"href":"https:\/\/diariodominicano.com\/index.php?rest_route=\/wp\/v2\/posts\/627264","targetHints":{"allow":["GET"]}}],"collection":[{"href":"https:\/\/diariodominicano.com\/index.php?rest_route=\/wp\/v2\/posts"}],"about":[{"href":"https:\/\/diariodominicano.com\/index.php?rest_route=\/wp\/v2\/types\/post"}],"author":[{"embeddable":true,"href":"https:\/\/diariodominicano.com\/index.php?rest_route=\/wp\/v2\/users\/7"}],"replies":[{"embeddable":true,"href":"https:\/\/diariodominicano.com\/index.php?rest_route=%2Fwp%2Fv2%2Fcomments&post=627264"}],"version-history":[{"count":1,"href":"https:\/\/diariodominicano.com\/index.php?rest_route=\/wp\/v2\/posts\/627264\/revisions"}],"predecessor-version":[{"id":627277,"href":"https:\/\/diariodominicano.com\/index.php?rest_route=\/wp\/v2\/posts\/627264\/revisions\/627277"}],"wp:featuredmedia":[{"embeddable":true,"href":"https:\/\/diariodominicano.com\/index.php?rest_route=\/wp\/v2\/media\/622893"}],"wp:attachment":[{"href":"https:\/\/diariodominicano.com\/index.php?rest_route=%2Fwp%2Fv2%2Fmedia&parent=627264"}],"wp:term":[{"taxonomy":"category","embeddable":true,"href":"https:\/\/diariodominicano.com\/index.php?rest_route=%2Fwp%2Fv2%2Fcategories&post=627264"},{"taxonomy":"post_tag","embeddable":true,"href":"https:\/\/diariodominicano.com\/index.php?rest_route=%2Fwp%2Fv2%2Ftags&post=627264"}],"curies":[{"name":"wp","href":"https:\/\/api.w.org\/{rel}","templated":true}]}}