{"id":627261,"date":"2025-07-22T22:23:34","date_gmt":"2025-07-23T02:23:34","guid":{"rendered":"https:\/\/diariodominicano.com\/?p=627261"},"modified":"2025-07-22T22:23:37","modified_gmt":"2025-07-23T02:23:37","slug":"fundacion-maestro-cares-anuncia-a-j-balvin-como-honrado-en-la-12a-gala-anual-cambiando-vidas-construyendo-suenos","status":"publish","type":"post","link":"https:\/\/diariodominicano.com\/?p=627261","title":{"rendered":"Fundaci\u00f3n Maestro Cares anuncia a J Balvin como Honrado en la 12\u00aa Gala Anual \u201cCambiando Vidas, Construyendo Sue\u00f1os\u201d"},"content":{"rendered":"\n<p>El \u00edcono de la m\u00fasica latina ser\u00e1 reconocido por su impacto filantr\u00f3pico.<\/p>\n\n\n\n<p>Maestro Cares Foundation se enorgullece en anunciar que la superestrella global de la m\u00fasica y empresario J Balvin ser\u00e1 homenajeado en su 12\u00aa Gala Anual Changing Lives, Building Dreams , que se llevar\u00e1 a cabo el 5 de noviembre de 2025 en Cipriani Wall Street , en la ciudad de Nueva York .<\/p>\n\n\n\n<p>J Balvin recibir\u00e1 el Premio Pionero del Empoderamiento Cultural , en reconocimiento a su inquebrantable compromiso con la promoci\u00f3n de la cultura latina y su labor de concientizaci\u00f3n sobre la salud mental en plataformas globales. Como uno de los artistas latinos m\u00e1s influyentes de nuestro tiempo, J Balvin contin\u00faa utilizando su voz y plataforma para derribar barreras, empoderar a la juventud y fomentar conversaciones significativas sobre el bienestar y la identidad.<\/p>\n\n\n\n<p>\u201cEstamos encantados de honrar a J Balvin, un verdadero pionero cuyo liderazgo art\u00edstico y filantr\u00f3pico inspira cambios positivos en comunidades de todo el mundo\u201d, dijo Henry C\u00e1rdenas , cofundador de Maestro Cares Foundation. \u201c\u00c9l refleja nuestro compromiso de transformar vidas a trav\u00e9s de la oportunidad y la esperanza\u201d.<\/p>\n\n\n\n<p>Pr\u00f3ximamente se anunciar\u00e1n m\u00e1s homenajeados. &nbsp;<\/p>\n\n\n\n<p>Los fondos recaudados durante la gala anual beneficiar\u00e1n los esfuerzos continuos de Maestro Cares Foundation para apoyar a ni\u00f1os y comunidades vulnerables en Am\u00e9rica Latina y Estados Unidos, a trav\u00e9s de iniciativas de vivienda, educaci\u00f3n y salud.<\/p>\n\n\n\n<p>Para oportunidades de patrocinio, boletos o m\u00e1s informaci\u00f3n sobre la gala, visite: https:\/\/mcfgala2025.givesmart.com\/<\/p>\n\n\n\n<p>Acerca de Fundaci\u00f3n Maestro Cares<\/p>\n\n\n\n<p>Maestro Cares Foundation, cofundada por Marc Anthony y Henry C\u00e1rdenas en 2012, es una organizaci\u00f3n sin fines de lucro dedicada a mejorar la vida de ni\u00f1os y comunidades desfavorecidas en Am\u00e9rica Latina y Estados Unidos. La fundaci\u00f3n proporciona recursos esenciales como vivienda, educaci\u00f3n y atenci\u00f3n m\u00e9dica, colaborando con organizaciones locales y gobiernos para lograr un impacto sostenible. A trav\u00e9s de sus proyectos, Maestro Cares invierte en el futuro de los ni\u00f1os al brindarles apoyo fundamental en educaci\u00f3n, salud y desarrollo comunitario.<\/p>\n\n\n\n<p>EB Public Relations <a href=\"mailto:press@ebmanagement.io\">press@ebmanagement.io<\/a><\/p>\n","protected":false},"excerpt":{"rendered":"<p>El \u00edcono de la m\u00fasica latina ser\u00e1 reconocido por su impacto filantr\u00f3pico. Maestro Cares Foundation se enorgullece en anunciar que la superestrella global de la m\u00fasica y empresario J Balvin ser\u00e1 homenajeado en su 12\u00aa Gala Anual Changing Lives, Building Dreams , que se llevar\u00e1 a cabo el 5 de noviembre de 2025 en Cipriani [&hellip;]<\/p>\n","protected":false},"author":7,"featured_media":627271,"comment_status":"closed","ping_status":"closed","sticky":false,"template":"","format":"standard","meta":{"footnotes":""},"categories":[36],"tags":[2843,2844],"class_list":["post-627261","post","type-post","status-publish","format-standard","has-post-thumbnail","hentry","category-hombresmujeresycosas","tag-fundacion-maestro-cares","tag-j-balvin"],"_links":{"self":[{"href":"https:\/\/diariodominicano.com\/index.php?rest_route=\/wp\/v2\/posts\/627261","targetHints":{"allow":["GET"]}}],"collection":[{"href":"https:\/\/diariodominicano.com\/index.php?rest_route=\/wp\/v2\/posts"}],"about":[{"href":"https:\/\/diariodominicano.com\/index.php?rest_route=\/wp\/v2\/types\/post"}],"author":[{"embeddable":true,"href":"https:\/\/diariodominicano.com\/index.php?rest_route=\/wp\/v2\/users\/7"}],"replies":[{"embeddable":true,"href":"https:\/\/diariodominicano.com\/index.php?rest_route=%2Fwp%2Fv2%2Fcomments&post=627261"}],"version-history":[{"count":1,"href":"https:\/\/diariodominicano.com\/index.php?rest_route=\/wp\/v2\/posts\/627261\/revisions"}],"predecessor-version":[{"id":627272,"href":"https:\/\/diariodominicano.com\/index.php?rest_route=\/wp\/v2\/posts\/627261\/revisions\/627272"}],"wp:featuredmedia":[{"embeddable":true,"href":"https:\/\/diariodominicano.com\/index.php?rest_route=\/wp\/v2\/media\/627271"}],"wp:attachment":[{"href":"https:\/\/diariodominicano.com\/index.php?rest_route=%2Fwp%2Fv2%2Fmedia&parent=627261"}],"wp:term":[{"taxonomy":"category","embeddable":true,"href":"https:\/\/diariodominicano.com\/index.php?rest_route=%2Fwp%2Fv2%2Fcategories&post=627261"},{"taxonomy":"post_tag","embeddable":true,"href":"https:\/\/diariodominicano.com\/index.php?rest_route=%2Fwp%2Fv2%2Ftags&post=627261"}],"curies":[{"name":"wp","href":"https:\/\/api.w.org\/{rel}","templated":true}]}}