{"id":627195,"date":"2025-07-22T00:41:56","date_gmt":"2025-07-22T04:41:56","guid":{"rendered":"https:\/\/diariodominicano.com\/?p=627195"},"modified":"2025-07-22T00:41:58","modified_gmt":"2025-07-22T04:41:58","slug":"equipos-de-rd-ganan-series-en-torneo-competicion-por-equipos-itf-cotecc-sub-12-2025","status":"publish","type":"post","link":"https:\/\/diariodominicano.com\/?p=627195","title":{"rendered":"Equipos de RD ganan series en\u00a0torneo Competici\u00f3n por equipos ITF Cotecc Sub-12 \u00a02025"},"content":{"rendered":"\n<p>SANTO DOMINGO.- Los equipos Dominicana 1 en femenino y masculino consiguieron sendas series en sus primeros encuentros del torneo 2025 ITF Cotecc U12 Team Competition Sub Regi\u00f3n 3, que se jugar\u00e1 hasta el 26 de julio, en el Centro Nacional de Tenis del Parque del Este. El evento es totalmente gratuito para los fan\u00e1ticos.<\/p>\n\n\n\n<p>Dominicana 1 en femenino venci\u00f3 al equipo 2 de Dominicana, por 3-0.&nbsp;Elaine Mart\u00ednez y Kyara Khayyat ganaron en sencillos, mientras que en dobles Ana Paula Vega se uni\u00f3 a Mart\u00ednez para terminar con el 3-0.<\/p>\n\n\n\n<figure class=\"wp-block-image size-full\"><img loading=\"lazy\" decoding=\"async\" width=\"994\" height=\"663\" src=\"https:\/\/diariodominicano.com\/wp-content\/uploads\/2025\/07\/Michael-Almeida-Eliezer-Santos-y-Elias-Santana-con-su-capitan-Wilson-Pena.jpg\" alt=\"\" class=\"wp-image-627218\" srcset=\"https:\/\/diariodominicano.com\/wp-content\/uploads\/2025\/07\/Michael-Almeida-Eliezer-Santos-y-Elias-Santana-con-su-capitan-Wilson-Pena.jpg 994w, https:\/\/diariodominicano.com\/wp-content\/uploads\/2025\/07\/Michael-Almeida-Eliezer-Santos-y-Elias-Santana-con-su-capitan-Wilson-Pena-300x200.jpg 300w, https:\/\/diariodominicano.com\/wp-content\/uploads\/2025\/07\/Michael-Almeida-Eliezer-Santos-y-Elias-Santana-con-su-capitan-Wilson-Pena-768x512.jpg 768w, https:\/\/diariodominicano.com\/wp-content\/uploads\/2025\/07\/Michael-Almeida-Eliezer-Santos-y-Elias-Santana-con-su-capitan-Wilson-Pena-816x544.jpg 816w\" sizes=\"auto, (max-width: 994px) 100vw, 994px\" \/><figcaption class=\"wp-element-caption\">Michael Almeida, Eliezer Santos y El\u00edas Santana con su capit\u00e1n, Wilson Pe\u00f1a <\/figcaption><\/figure>\n\n\n\n<p>Por su parte, el equipo 1 de Dominicana en masculino, con Michael Almeida y Eliezer Santos, en sencillos, y en dobles, El\u00edas Santana y Santos, ganaron por 3-0 a Dominicana 2.<\/p>\n\n\n\n<p>Puerto Rico tambi\u00e9n gan\u00f3 en ambas ramas sus dos series de este lunes.<\/p>\n\n\n\n<p>En el torneo tambi\u00e9n participan tenistas de Bahamas y Bermudas.<\/p>\n\n\n\n<p>Cabe mencionar que dos equipos clasifican (uno femenino y uno masculino) para la gran final del 2025 ITF Cotecc U12 Team Competition, que luego van a participar en la gran final de todas las subregiones que componen Cotecc.<\/p>\n\n\n\n<p>Los eventos organizados por Fedotenis son gracias al Ministerio de Turismo, Banco de Reservas, Junta de Aviaci\u00f3n Civil (JAC), Banco Central, Ekatex, Creso, El Nuevo Diario y Wilson.<\/p>\n\n\n\n<p>Wilson Joya es el \u00e1rbitro del evento, con Miguel Irigoyen como supervisor de la ITF para el evento.<\/p>\n\n\n\n<p>Federacion Dominicana de Tenis Fedotenis <a href=\"mailto:prensafedotenis@gmail.com\">prensafedotenis@gmail.com<\/a> <\/p>\n","protected":false},"excerpt":{"rendered":"<p>SANTO DOMINGO.- Los equipos Dominicana 1 en femenino y masculino consiguieron sendas series en sus primeros encuentros del torneo 2025 ITF Cotecc U12 Team Competition Sub Regi\u00f3n 3, que se jugar\u00e1 hasta el 26 de julio, en el Centro Nacional de Tenis del Parque del Este. El evento es totalmente gratuito para los fan\u00e1ticos. Dominicana [&hellip;]<\/p>\n","protected":false},"author":7,"featured_media":627219,"comment_status":"closed","ping_status":"closed","sticky":false,"template":"","format":"standard","meta":{"footnotes":""},"categories":[17],"tags":[2842],"class_list":["post-627195","post","type-post","status-publish","format-standard","has-post-thumbnail","hentry","category-deportes","tag-itf-cotecc-sub-12"],"_links":{"self":[{"href":"https:\/\/diariodominicano.com\/index.php?rest_route=\/wp\/v2\/posts\/627195","targetHints":{"allow":["GET"]}}],"collection":[{"href":"https:\/\/diariodominicano.com\/index.php?rest_route=\/wp\/v2\/posts"}],"about":[{"href":"https:\/\/diariodominicano.com\/index.php?rest_route=\/wp\/v2\/types\/post"}],"author":[{"embeddable":true,"href":"https:\/\/diariodominicano.com\/index.php?rest_route=\/wp\/v2\/users\/7"}],"replies":[{"embeddable":true,"href":"https:\/\/diariodominicano.com\/index.php?rest_route=%2Fwp%2Fv2%2Fcomments&post=627195"}],"version-history":[{"count":1,"href":"https:\/\/diariodominicano.com\/index.php?rest_route=\/wp\/v2\/posts\/627195\/revisions"}],"predecessor-version":[{"id":627223,"href":"https:\/\/diariodominicano.com\/index.php?rest_route=\/wp\/v2\/posts\/627195\/revisions\/627223"}],"wp:featuredmedia":[{"embeddable":true,"href":"https:\/\/diariodominicano.com\/index.php?rest_route=\/wp\/v2\/media\/627219"}],"wp:attachment":[{"href":"https:\/\/diariodominicano.com\/index.php?rest_route=%2Fwp%2Fv2%2Fmedia&parent=627195"}],"wp:term":[{"taxonomy":"category","embeddable":true,"href":"https:\/\/diariodominicano.com\/index.php?rest_route=%2Fwp%2Fv2%2Fcategories&post=627195"},{"taxonomy":"post_tag","embeddable":true,"href":"https:\/\/diariodominicano.com\/index.php?rest_route=%2Fwp%2Fv2%2Ftags&post=627195"}],"curies":[{"name":"wp","href":"https:\/\/api.w.org\/{rel}","templated":true}]}}