{"id":627147,"date":"2025-07-21T22:48:27","date_gmt":"2025-07-22T02:48:27","guid":{"rendered":"https:\/\/diariodominicano.com\/?p=627147"},"modified":"2025-07-21T22:48:37","modified_gmt":"2025-07-22T02:48:37","slug":"20-y-15-anos-de-prision-para-dos-hombres-que-abusaron-de-dos-ninas-en-samana","status":"publish","type":"post","link":"https:\/\/diariodominicano.com\/?p=627147","title":{"rendered":"20 y 15 a\u00f1os de prisi\u00f3n para dos hombres que abusaron de dos ni\u00f1as en Saman\u00e1"},"content":{"rendered":"\n<p><strong>SANTO DOMINGO (Rep\u00fablica Dominicana).-<\/strong>&nbsp;A petici\u00f3n del Ministerio P\u00fablico fueron condenados dos hombres a 20 y 15 a\u00f1os de prisi\u00f3n luego de que el Ministerio P\u00fablico estableciera con diferentes pruebas ante un tribunal que abusaron sexualmente de dos ni\u00f1as en Saman\u00e1.<\/p>\n\n\n\n<p>El Tribunal Colegiado del Distrito Judicial de Saman\u00e1 conden\u00f3 a 20 a\u00f1os de prisi\u00f3n a Enmanuel Rodr\u00edguez Devers y a 15 a\u00f1os a Ezequiel de Olma Forchue.<\/p>\n\n\n\n<p>El expediente indica que los procesados abusaron sexualmente de las ni\u00f1as en varias ocasiones, aprovechando momentos en que la madre no se encontraba en la vivienda. Detalla que las v\u00edctimas estaban obligadas a realizar actividad sexual y que eran agredidas a golpes y amenazas de muerte para que no contaran lo ocurrido.<\/p>\n\n\n\n<p>Rodr\u00edguez Devers, de 38 a\u00f1os de edad, cumplir\u00e1 la sentencia en la c\u00e1rcel del Kil\u00f3metro 15 de Azua y Olma Forchue en la c\u00e1rcel p\u00fablica de Saman\u00e1.<\/p>\n\n\n\n<p>La acusaci\u00f3n contra los dos procesadores fue presentada por las fiscales Porfiria Calca\u00f1o y Belkis Uceta.<\/p>\n\n\n\n<p>El equipo litigante del Ministerio P\u00fablico estuvo integrado por Anni Concepci\u00f3n y Marlene Rodr\u00edguez, quienes demostraron la acusaci\u00f3n con pruebas suficientes que fueron acogidas por los jueces Salma Bonilla, Edward Jos\u00e9 Soto Soto y Martha Mireya Indira Javier.<\/p>\n\n\n\n<p>.<\/p>\n\n\n\n<p><strong>Direcci\u00f3n General de Comunicaci\u00f3n, Prensa y RRPP<\/strong><\/p>\n\n\n\n<p><strong>Ministerio P\u00fablico RD<\/strong><\/p>\n\n\n\n<p>Comunicaciones PGR <a href=\"mailto:comunicaciones@pgr.gob.do\">comunicaciones@pgr.gob.do<\/a> &nbsp;<\/p>\n","protected":false},"excerpt":{"rendered":"<p>SANTO DOMINGO (Rep\u00fablica Dominicana).-&nbsp;A petici\u00f3n del Ministerio P\u00fablico fueron condenados dos hombres a 20 y 15 a\u00f1os de prisi\u00f3n luego de que el Ministerio P\u00fablico estableciera con diferentes pruebas ante un tribunal que abusaron sexualmente de dos ni\u00f1as en Saman\u00e1. El Tribunal Colegiado del Distrito Judicial de Saman\u00e1 conden\u00f3 a 20 a\u00f1os de prisi\u00f3n a [&hellip;]<\/p>\n","protected":false},"author":7,"featured_media":522732,"comment_status":"closed","ping_status":"closed","sticky":false,"template":"","format":"standard","meta":{"footnotes":""},"categories":[24],"tags":[171],"class_list":["post-627147","post","type-post","status-publish","format-standard","has-post-thumbnail","hentry","category-justicia-y-derecho","tag-ministerio-publico"],"_links":{"self":[{"href":"https:\/\/diariodominicano.com\/index.php?rest_route=\/wp\/v2\/posts\/627147","targetHints":{"allow":["GET"]}}],"collection":[{"href":"https:\/\/diariodominicano.com\/index.php?rest_route=\/wp\/v2\/posts"}],"about":[{"href":"https:\/\/diariodominicano.com\/index.php?rest_route=\/wp\/v2\/types\/post"}],"author":[{"embeddable":true,"href":"https:\/\/diariodominicano.com\/index.php?rest_route=\/wp\/v2\/users\/7"}],"replies":[{"embeddable":true,"href":"https:\/\/diariodominicano.com\/index.php?rest_route=%2Fwp%2Fv2%2Fcomments&post=627147"}],"version-history":[{"count":1,"href":"https:\/\/diariodominicano.com\/index.php?rest_route=\/wp\/v2\/posts\/627147\/revisions"}],"predecessor-version":[{"id":627154,"href":"https:\/\/diariodominicano.com\/index.php?rest_route=\/wp\/v2\/posts\/627147\/revisions\/627154"}],"wp:featuredmedia":[{"embeddable":true,"href":"https:\/\/diariodominicano.com\/index.php?rest_route=\/wp\/v2\/media\/522732"}],"wp:attachment":[{"href":"https:\/\/diariodominicano.com\/index.php?rest_route=%2Fwp%2Fv2%2Fmedia&parent=627147"}],"wp:term":[{"taxonomy":"category","embeddable":true,"href":"https:\/\/diariodominicano.com\/index.php?rest_route=%2Fwp%2Fv2%2Fcategories&post=627147"},{"taxonomy":"post_tag","embeddable":true,"href":"https:\/\/diariodominicano.com\/index.php?rest_route=%2Fwp%2Fv2%2Ftags&post=627147"}],"curies":[{"name":"wp","href":"https:\/\/api.w.org\/{rel}","templated":true}]}}