{"id":627104,"date":"2025-07-20T15:53:04","date_gmt":"2025-07-20T19:53:04","guid":{"rendered":"https:\/\/diariodominicano.com\/?p=627104"},"modified":"2025-07-20T15:53:07","modified_gmt":"2025-07-20T19:53:07","slug":"clasificacion-y-competencia-latinoamericano-de-motocross-mx-open-el-domingo-en-jarabacoa-rd","status":"publish","type":"post","link":"https:\/\/diariodominicano.com\/?p=627104","title":{"rendered":"Clasificaci\u00f3n y competencia Latinoamericano de Motocross MX Open el domingo en Jarabacoa, RD"},"content":{"rendered":"\n<p>Hay una categor\u00eda invitada es VMX Invitacional<\/p>\n\n\n\n<p>M\u00e1ster Internacional<\/p>\n\n\n\n<p>COROCITO, Jarabacoa, La Vega, Rep\u00fablica Dominicana (18-07-2025).- La Federaci\u00f3n Internacional de Motociclismo\/Latinoam\u00e9rica (FIM\/LA) present\u00f3 el programa de clasificaci\u00f3n y competencias oficiales del Latinoamericano de Motocross MX Open que se correr\u00e1 el pr\u00f3ximo domingo en la moderna pista internacional, Corocito MX Park, con dedicatoria especial al hist\u00f3rico ex presidente de esa instituci\u00f3n, Pedro Venturo Markoc.<\/p>\n\n\n\n<p>As\u00ed fue informado por los se\u00f1ores, Pedro Venturo, presidente de FIM\/LA; Carlos Amiro Finke Brugal, vicepresidente de la misma y presidente de la Federaci\u00f3n Dominicana de Motociclismo (FDM), junto al empresario, Vicente Fern\u00e1ndez, presidente de comisi\u00f3n organizadora local.<\/p>\n\n\n\n<p>Previo a un extenso programa de trabajos organizativos que comenzar\u00e1 a las 8:00am de este s\u00e1bado 19 de julio de 2025, las clasificaciones oficiales iniciar\u00e1n a las 3:15pm, mientras que, al otro d\u00eda, domingo, la competencia es a las 12:00m con el Invitacional master y la oficial MX Open a las 12:45pm.<\/p>\n\n\n\n<p>A continuaci\u00f3n, presentamos el programa del d\u00eda s\u00e1bado:<\/p>\n\n\n\n<p>De 8:00 a 10:00, Control t\u00e9cnico; 10:00am, reuni\u00f3n de pilotos en la grilla de salida; 10:45, primera reuni\u00f3n del jurado internacional; de 11:30am a 12:00m, primera pr\u00e1ctica libre Latino MX Open; de 12:15pm a 12:35pm, primera pr\u00e1ctica libre VMX Master Invitacional Internacional; de 12:00m a 13:30pm, almuerzo y de 12:35pm a 1:10pm, riego de pista.<\/p>\n\n\n\n<p>De 13:10 a 13:15, pr\u00e1ctica del Latino MX Open; de 14:00 a 14:20, segunda pr\u00e1ctica libre VMX Master Invitacional Internacional; de 13:20 a 15:10, riego de pista; de 15:15 a 15:30, carrera clasificatoria MX Open grupo A (15 minutos m\u00e1s dos vueltas); de 15:45 a 16:00, carrera clasificatoria Latino MX Open, grupo B (Si hay m\u00e1s de 30 pilotos); de 4:15pm a 4:35pm, pr\u00e1ctica clasificatoria VMX Master Invitacional y 5:00pm, segunda reuni\u00f3n del jurado internacional.<\/p>\n\n\n\n<p>Actividades del domingo 20 de julio 2025:<\/p>\n\n\n\n<p>De 9:00am a 9:30am, pr\u00e1ctica libre \/Warm-Up) Latino MX Open; 21:45 a 21:50, pr\u00e1ctica de arrancada VMX Master Invitacional Internacional; de 9:50pm a 10:10pm, pr\u00e1ctica libre (Warm Up) VMX Master Internacional; de 10:30 a 12:00, acto protocolar; 12:00m, primera carrera VMX Master Internacional Invitacional (20 minutos m\u00e1s dos vueltas); 12:45pm, primera carrera MX Open (30 minutos m\u00e1s dos vueltas); de 13:00 a 15:00 horas, almuerzo; 13:30, premiaci\u00f3n de la primera manga del Latinoamericano MX Open; de 13:20 a 14:30, riego de la pista; a las 2:30pm, segundo manga VMX Master Invitacional (20 minutos m\u00e1s dos vueltas); 15:00, segunda manga Latino MX Open (30 minutos m\u00e1s dos vueltas); 4:15pm, premiaci\u00f3n de la segunda manga Latino MX Open y acto de premiaci\u00f3n general a todos los pilotos participantes y 5:00pm, tercera reuni\u00f3n del jurado internacional.<\/p>\n\n\n\n<p>\u00d3scar Polanco <a href=\"http:\/\/www.oscarpolanco.santiagord@gmail.com\">www.oscarpolanco.santiagord@gmail.com<\/a><\/p>\n","protected":false},"excerpt":{"rendered":"<p>Hay una categor\u00eda invitada es VMX Invitacional M\u00e1ster Internacional COROCITO, Jarabacoa, La Vega, Rep\u00fablica Dominicana (18-07-2025).- La Federaci\u00f3n Internacional de Motociclismo\/Latinoam\u00e9rica (FIM\/LA) present\u00f3 el programa de clasificaci\u00f3n y competencias oficiales del Latinoamericano de Motocross MX Open que se correr\u00e1 el pr\u00f3ximo domingo en la moderna pista internacional, Corocito MX Park, con dedicatoria especial al hist\u00f3rico [&hellip;]<\/p>\n","protected":false},"author":7,"featured_media":627111,"comment_status":"closed","ping_status":"closed","sticky":false,"template":"","format":"standard","meta":{"footnotes":""},"categories":[17],"tags":[2839],"class_list":["post-627104","post","type-post","status-publish","format-standard","has-post-thumbnail","hentry","category-deportes","tag-motocross-mx"],"_links":{"self":[{"href":"https:\/\/diariodominicano.com\/index.php?rest_route=\/wp\/v2\/posts\/627104","targetHints":{"allow":["GET"]}}],"collection":[{"href":"https:\/\/diariodominicano.com\/index.php?rest_route=\/wp\/v2\/posts"}],"about":[{"href":"https:\/\/diariodominicano.com\/index.php?rest_route=\/wp\/v2\/types\/post"}],"author":[{"embeddable":true,"href":"https:\/\/diariodominicano.com\/index.php?rest_route=\/wp\/v2\/users\/7"}],"replies":[{"embeddable":true,"href":"https:\/\/diariodominicano.com\/index.php?rest_route=%2Fwp%2Fv2%2Fcomments&post=627104"}],"version-history":[{"count":1,"href":"https:\/\/diariodominicano.com\/index.php?rest_route=\/wp\/v2\/posts\/627104\/revisions"}],"predecessor-version":[{"id":627112,"href":"https:\/\/diariodominicano.com\/index.php?rest_route=\/wp\/v2\/posts\/627104\/revisions\/627112"}],"wp:featuredmedia":[{"embeddable":true,"href":"https:\/\/diariodominicano.com\/index.php?rest_route=\/wp\/v2\/media\/627111"}],"wp:attachment":[{"href":"https:\/\/diariodominicano.com\/index.php?rest_route=%2Fwp%2Fv2%2Fmedia&parent=627104"}],"wp:term":[{"taxonomy":"category","embeddable":true,"href":"https:\/\/diariodominicano.com\/index.php?rest_route=%2Fwp%2Fv2%2Fcategories&post=627104"},{"taxonomy":"post_tag","embeddable":true,"href":"https:\/\/diariodominicano.com\/index.php?rest_route=%2Fwp%2Fv2%2Ftags&post=627104"}],"curies":[{"name":"wp","href":"https:\/\/api.w.org\/{rel}","templated":true}]}}