{"id":627084,"date":"2025-07-16T20:23:30","date_gmt":"2025-07-17T00:23:30","guid":{"rendered":"https:\/\/diariodominicano.com\/?p=627084"},"modified":"2025-07-20T16:53:40","modified_gmt":"2025-07-20T20:53:40","slug":"coercion-para-hombre-que-causo-incendio-forestal-en-refugio-silvestre-canon-del-rio-gurabo","status":"publish","type":"post","link":"https:\/\/diariodominicano.com\/?p=627084","title":{"rendered":"Coerci\u00f3n para hombre que caus\u00f3 incendio forestal en refugio silvestre Ca\u00f1\u00f3n del R\u00edo Gurabo"},"content":{"rendered":"\n<p><strong>SANTO DOMINGO (Rep\u00fablica Dominicana).-<\/strong>&nbsp;Respondiendo a la solicitud del Ministerio P\u00fablico, un tribunal impuso una garant\u00eda econ\u00f3mica de 100 mil pesos y presentaci\u00f3n peri\u00f3dica, como medidas de coerci\u00f3n, a un hombre imputado de haber provocado un incendio forestal en el \u00e1rea protegida del refugio silvestre Ca\u00f1\u00f3n del R\u00edo Gurabo, en la zona correspondiente a Santiago Rodr\u00edguez.<\/p>\n\n\n\n<p>Las medidas de coerci\u00f3n fueron impuestas a Rinaldo Roberto Mart\u00edn Taveras, para quien el Ministerio P\u00fablico, representado por la procuradora de corte Martha Bret\u00f3n, coordinadora de la Procuradur\u00eda Especializada para la Defensa del Medio Ambiente y los Recursos Naturales (Proedemaren) en Montecristi, solicit\u00f3 tres meses de prisi\u00f3n preventiva.<\/p>\n\n\n\n<p>Mart\u00edn Taveras fue arrestado en flagrante delito el pasado 9 del mes de julio, cuando, junto a dos ciudadanos haitianos que se encuentran pr\u00f3fugos, caus\u00f3 un incendio forestal en la ca\u00f1ada Arroyo de agua, Los Calabazos, secci\u00f3n Cacique, del municipio Monci\u00f3n, dentro de la zona protegida por la Ley Sectorial de Medio Ambiente 202-04.<\/p>\n\n\n\n<p>En el \u00e1rea donde ocurri\u00f3 el incendio forestal abarc\u00f3 unas 119.7 tareas, donde se realiz\u00f3 limpieza de terreno de regeneraci\u00f3n natural, cinchado y tala de \u00e1rboles.<\/p>\n\n\n\n<p>Por el lugar pasa Arroyo de Agua, zona de vida de bosque seco, el cual tiene una pendiente inclinada de aproximadamente 40%, mismo que tiene un alto valor ecol\u00f3gico para la biodiversidad y para la conservaci\u00f3n del ecosistema del lugar.<\/p>\n\n\n\n<p>Entre las especies de \u00e1rboles afectadas por el fuego se encuentran: Palo amargo, Escob\u00f3n, Cabuya, Aroma, Palma Guanito, Campeche, Guatac\u00e1n, Candel\u00f3n, Almacigo, Bruc\u00f3n, Nin y Guabilla.<\/p>\n\n\n\n<p>El incendio afect\u00f3 el h\u00e1bitat de las palomas moradas (Patagioena Squamosa) una especie residente permanente y en peligro de extinci\u00f3n, adem\u00e1s de otras especies de aves.<\/p>\n\n\n\n<p>El Ministerio P\u00fablico ha se\u00f1alado, de manera provisional, que las acciones cometidas por Mart\u00edn Taveras constituyen una falta a la Ley General de Medio Ambiente y los Recursos Naturales, en sus art\u00edculos 8, 33, 36, 40, 41.8.16, 121, 136, 137, 138, 140, 156, 174, 175.1.2.3.8 y 176, sancionados por el art\u00edculo 183 y siguientes de la misma Ley; la Ley Sectorial Forestal de la Rep\u00fablica Dominicana en su art\u00edculo 62.1.7.8 sancionado por los art\u00edculos 63 y 64 de la misma Ley.<\/p>\n\n\n\n<p>As\u00ed mismo viol\u00f3 la Ley Sectorial de \u00c1reas Protegidas, en sus Art\u00edculos 1,2, 3, 5, 7, 8, 9, 13, 14, 33, 34, 35, 36, 37 numeral 3 y la Ley de Biodiversidad, en sus considerandos 2, 3, 5, 6, 8, 9, 14, 16,29 y 30, sancionados por los art\u00edculos 71, 72, 73 y 76.<\/p>\n\n\n\n<p>Las medidas de coerci\u00f3n fueron impuestas a Mart\u00edn Taveras por el juez Jos\u00e9 Nicol\u00e1s Est\u00e9vez Rodr\u00edguez.<\/p>\n\n\n\n<p><strong>Direcci\u00f3n General de Comunicaci\u00f3n, Prensa, y RRPP<\/strong><\/p>\n\n\n\n<p>Ministerio P\u00fablico.&nbsp;R.D.<\/p>\n\n\n\n<p>Comunicaciones PGR <a href=\"mailto:comunicaciones@pgr.gob.do\">comunicaciones@pgr.gob.do<\/a><\/p>\n","protected":false},"excerpt":{"rendered":"<p>SANTO DOMINGO (Rep\u00fablica Dominicana).-&nbsp;Respondiendo a la solicitud del Ministerio P\u00fablico, un tribunal impuso una garant\u00eda econ\u00f3mica de 100 mil pesos y presentaci\u00f3n peri\u00f3dica, como medidas de coerci\u00f3n, a un hombre imputado de haber provocado un incendio forestal en el \u00e1rea protegida del refugio silvestre Ca\u00f1\u00f3n del R\u00edo Gurabo, en la zona correspondiente a Santiago Rodr\u00edguez. [&hellip;]<\/p>\n","protected":false},"author":7,"featured_media":456880,"comment_status":"closed","ping_status":"closed","sticky":false,"template":"","format":"standard","meta":{"footnotes":""},"categories":[24],"tags":[171],"class_list":["post-627084","post","type-post","status-publish","format-standard","has-post-thumbnail","hentry","category-justicia-y-derecho","tag-ministerio-publico"],"_links":{"self":[{"href":"https:\/\/diariodominicano.com\/index.php?rest_route=\/wp\/v2\/posts\/627084","targetHints":{"allow":["GET"]}}],"collection":[{"href":"https:\/\/diariodominicano.com\/index.php?rest_route=\/wp\/v2\/posts"}],"about":[{"href":"https:\/\/diariodominicano.com\/index.php?rest_route=\/wp\/v2\/types\/post"}],"author":[{"embeddable":true,"href":"https:\/\/diariodominicano.com\/index.php?rest_route=\/wp\/v2\/users\/7"}],"replies":[{"embeddable":true,"href":"https:\/\/diariodominicano.com\/index.php?rest_route=%2Fwp%2Fv2%2Fcomments&post=627084"}],"version-history":[{"count":1,"href":"https:\/\/diariodominicano.com\/index.php?rest_route=\/wp\/v2\/posts\/627084\/revisions"}],"predecessor-version":[{"id":627085,"href":"https:\/\/diariodominicano.com\/index.php?rest_route=\/wp\/v2\/posts\/627084\/revisions\/627085"}],"wp:featuredmedia":[{"embeddable":true,"href":"https:\/\/diariodominicano.com\/index.php?rest_route=\/wp\/v2\/media\/456880"}],"wp:attachment":[{"href":"https:\/\/diariodominicano.com\/index.php?rest_route=%2Fwp%2Fv2%2Fmedia&parent=627084"}],"wp:term":[{"taxonomy":"category","embeddable":true,"href":"https:\/\/diariodominicano.com\/index.php?rest_route=%2Fwp%2Fv2%2Fcategories&post=627084"},{"taxonomy":"post_tag","embeddable":true,"href":"https:\/\/diariodominicano.com\/index.php?rest_route=%2Fwp%2Fv2%2Ftags&post=627084"}],"curies":[{"name":"wp","href":"https:\/\/api.w.org\/{rel}","templated":true}]}}