{"id":627072,"date":"2025-07-16T20:11:25","date_gmt":"2025-07-17T00:11:25","guid":{"rendered":"https:\/\/diariodominicano.com\/?p=627072"},"modified":"2025-07-16T20:11:27","modified_gmt":"2025-07-17T00:11:27","slug":"senado-presenta-documental-el-triunfo-de-la-democracia-del-cineasta-rene-fortunato","status":"publish","type":"post","link":"https:\/\/diariodominicano.com\/?p=627072","title":{"rendered":"Senado presenta documental \u201cEl Triunfo de la Democracia\u201d del cineasta Ren\u00e9 Fortunato"},"content":{"rendered":"\n<p>SANTO DOMINGO. &#8211; En un acto encabezado por el presidente del Senado, Ricardo de los Santos, fue presentado este mi\u00e9rcoles el documental \u201cEl Triunfo de la Democracia\u201d, un largometraje del cineasta dominicano Ren\u00e9 Fortunato, que muestra las luchas del pueblo dominicano por el establecimiento de una democracia verdadera durante el per\u00edodo 1974 al 1978.<\/p>\n\n\n\n<p>La presentaci\u00f3n del documental se llev\u00f3 a cabo en el auditorio de la C\u00e1mara Alta, bajo la coordinaci\u00f3n del senador Pedro Catrain, y el periodista Rafael Sosa, con el objetivo de invitar a todos los dominicanos a un viaje por los senderos de la memoria hist\u00f3rica y pol\u00edtica que relata los inicios de la democracia nacional.<\/p>\n\n\n\n<figure class=\"wp-block-gallery has-nested-images columns-default is-cropped wp-block-gallery-1 is-layout-flex wp-block-gallery-is-layout-flex\">\n<figure class=\"wp-block-image size-large\"><img loading=\"lazy\" decoding=\"async\" width=\"1024\" height=\"681\" data-id=\"627075\" src=\"https:\/\/diariodominicano.com\/wp-content\/uploads\/2025\/07\/Senado-presenta-documental-El-Triunfo-de-la-Democracia-del-cineasta-Rene-Fortunato-1024x681.jpg\" alt=\"\" class=\"wp-image-627075\" srcset=\"https:\/\/diariodominicano.com\/wp-content\/uploads\/2025\/07\/Senado-presenta-documental-El-Triunfo-de-la-Democracia-del-cineasta-Rene-Fortunato-1024x681.jpg 1024w, https:\/\/diariodominicano.com\/wp-content\/uploads\/2025\/07\/Senado-presenta-documental-El-Triunfo-de-la-Democracia-del-cineasta-Rene-Fortunato-300x200.jpg 300w, https:\/\/diariodominicano.com\/wp-content\/uploads\/2025\/07\/Senado-presenta-documental-El-Triunfo-de-la-Democracia-del-cineasta-Rene-Fortunato-768x511.jpg 768w, https:\/\/diariodominicano.com\/wp-content\/uploads\/2025\/07\/Senado-presenta-documental-El-Triunfo-de-la-Democracia-del-cineasta-Rene-Fortunato-1536x1022.jpg 1536w, https:\/\/diariodominicano.com\/wp-content\/uploads\/2025\/07\/Senado-presenta-documental-El-Triunfo-de-la-Democracia-del-cineasta-Rene-Fortunato-2048x1363.jpg 2048w, https:\/\/diariodominicano.com\/wp-content\/uploads\/2025\/07\/Senado-presenta-documental-El-Triunfo-de-la-Democracia-del-cineasta-Rene-Fortunato-816x543.jpg 816w\" sizes=\"auto, (max-width: 1024px) 100vw, 1024px\" \/><\/figure>\n<\/figure>\n\n\n\n<p>El presidente del Senado, dijo que \u201cel documenta, El Triunfo de la Democracia es un aporte hist\u00f3rico y cultural que se realiz\u00f3 con esfuerzo para dejar a las presentes y futuras generaciones, un documento audiovisual de una de las \u00e9pocas m\u00e1s convulsas de la Rep\u00fablica Dominicana, que la poblaci\u00f3n no debe olvidar\u201d.<\/p>\n\n\n\n<figure class=\"wp-block-gallery has-nested-images columns-default is-cropped wp-block-gallery-2 is-layout-flex wp-block-gallery-is-layout-flex\">\n<figure class=\"wp-block-image size-large\"><img loading=\"lazy\" decoding=\"async\" width=\"682\" height=\"1024\" data-id=\"627074\" src=\"https:\/\/diariodominicano.com\/wp-content\/uploads\/2025\/07\/Senado-presenta-documental-El-Triunfo-de-la-Democracia-del-cineasta-Rene-Fortunato-1-682x1024.jpeg\" alt=\"\" class=\"wp-image-627074\" srcset=\"https:\/\/diariodominicano.com\/wp-content\/uploads\/2025\/07\/Senado-presenta-documental-El-Triunfo-de-la-Democracia-del-cineasta-Rene-Fortunato-1-682x1024.jpeg 682w, https:\/\/diariodominicano.com\/wp-content\/uploads\/2025\/07\/Senado-presenta-documental-El-Triunfo-de-la-Democracia-del-cineasta-Rene-Fortunato-1-200x300.jpeg 200w, https:\/\/diariodominicano.com\/wp-content\/uploads\/2025\/07\/Senado-presenta-documental-El-Triunfo-de-la-Democracia-del-cineasta-Rene-Fortunato-1-768x1153.jpeg 768w, https:\/\/diariodominicano.com\/wp-content\/uploads\/2025\/07\/Senado-presenta-documental-El-Triunfo-de-la-Democracia-del-cineasta-Rene-Fortunato-1-1023x1536.jpeg 1023w, https:\/\/diariodominicano.com\/wp-content\/uploads\/2025\/07\/Senado-presenta-documental-El-Triunfo-de-la-Democracia-del-cineasta-Rene-Fortunato-1-816x1225.jpeg 816w, https:\/\/diariodominicano.com\/wp-content\/uploads\/2025\/07\/Senado-presenta-documental-El-Triunfo-de-la-Democracia-del-cineasta-Rene-Fortunato-1.jpeg 1066w\" sizes=\"auto, (max-width: 682px) 100vw, 682px\" \/><\/figure>\n<\/figure>\n\n\n\n<p>Agreg\u00f3 que, \u201ctodo documento que promueva la democracia, siempre ser\u00e1 bien acogido por este \u00f3rgano legislativo, por eso felicito al documentalista Ren\u00e9 Fortunato. Gloria a los hombres y mujeres que han luchado para establecer y preservar la libertad en nuestro pa\u00eds\u201d.<\/p>\n\n\n\n<figure class=\"wp-block-gallery has-nested-images columns-default is-cropped wp-block-gallery-3 is-layout-flex wp-block-gallery-is-layout-flex\">\n<figure class=\"wp-block-image size-large\"><img loading=\"lazy\" decoding=\"async\" width=\"1024\" height=\"682\" data-id=\"627073\" src=\"https:\/\/diariodominicano.com\/wp-content\/uploads\/2025\/07\/Senado-presenta-documental-El-Triunfo-de-la-Democracia-del-cineasta-Rene-Fortunato-1024x682.jpeg\" alt=\"\" class=\"wp-image-627073\" srcset=\"https:\/\/diariodominicano.com\/wp-content\/uploads\/2025\/07\/Senado-presenta-documental-El-Triunfo-de-la-Democracia-del-cineasta-Rene-Fortunato-1024x682.jpeg 1024w, https:\/\/diariodominicano.com\/wp-content\/uploads\/2025\/07\/Senado-presenta-documental-El-Triunfo-de-la-Democracia-del-cineasta-Rene-Fortunato-300x200.jpeg 300w, https:\/\/diariodominicano.com\/wp-content\/uploads\/2025\/07\/Senado-presenta-documental-El-Triunfo-de-la-Democracia-del-cineasta-Rene-Fortunato-768x512.jpeg 768w, https:\/\/diariodominicano.com\/wp-content\/uploads\/2025\/07\/Senado-presenta-documental-El-Triunfo-de-la-Democracia-del-cineasta-Rene-Fortunato-1536x1023.jpeg 1536w, https:\/\/diariodominicano.com\/wp-content\/uploads\/2025\/07\/Senado-presenta-documental-El-Triunfo-de-la-Democracia-del-cineasta-Rene-Fortunato-816x544.jpeg 816w, https:\/\/diariodominicano.com\/wp-content\/uploads\/2025\/07\/Senado-presenta-documental-El-Triunfo-de-la-Democracia-del-cineasta-Rene-Fortunato.jpeg 1600w\" sizes=\"auto, (max-width: 1024px) 100vw, 1024px\" \/><\/figure>\n<\/figure>\n\n\n\n<p>El representante de S\u00e1nchez Ram\u00edrez, tambi\u00e9n resalt\u00f3 la figura del extinto l\u00edder pol\u00edtico, Jos\u00e9 Francisco Pe\u00f1a G\u00f3mez, a quien describi\u00f3 como un defensor apasionado de las libertades, que estuvo presente en momentos decisivos para la democracia, en ocasiones claves de gran inestabilidad social, llamando el pueblo a las calles cuando fue necesario, y que se inclin\u00f3 a favor de la paz.<\/p>\n\n\n\n<p>El vicepresidente del Senado, Pedro Catrain, resalt\u00f3 que, a trav\u00e9s de sus documentales, incluyendo \u201cEl Triunfo de la Democracia\u201d, Ren\u00e9 Fortunato ha salvado el patrimonio f\u00edlmico de la sociedad dominicana que se encontraba disperso en archivos privados, y en espacios inadecuados de instituciones p\u00fablicas bajo el riesgo de da\u00f1arse y perderse para siempre.<\/p>\n\n\n\n<p>El senador por Saman\u00e1, sostuvo que los documentales del cineasta dominicano se distinguen por la rigurosa recolecci\u00f3n y curaci\u00f3n de los materiales visuales y sonoros que, sirven de fuente a la detallada recreaci\u00f3n de la est\u00e9tica del contexto, la acertada musicalizaci\u00f3n y el osado tratamiento de los personajes que les han valido la distinci\u00f3n y el reconocimiento en diferentes foros internacionales.<\/p>\n\n\n\n<p>\u201cEl Senado de la Rep\u00fablica abre sus puertas, no solo al reconocimiento de los protagonistas de historia y a la labor celadora de nuestros intelectuales y artistas, sino que, tambi\u00e9n, nos convertimos en un espacio de recuperaci\u00f3n de la memoria hist\u00f3rica de nuestra democracia\u201d, expres\u00f3 Pedro Catrain.<\/p>\n\n\n\n<p>En representaci\u00f3n de Ren\u00e9 Fortunato, el periodista Jos\u00e9 Rafael Sosa, agradeci\u00f3 a la C\u00e1mara Alta por la magn\u00edfica oportunidad de permitir que sus colaboradores se reencuentren con un episodio importante de la historia dominicana.<\/p>\n\n\n\n<p>El documental \u201cEl Triunfo de la Democracia\u201d, es un largometraje documental de 85 minutos, que muestra la lucha del pueblo dominicano por el establecimiento de una democracia verdadera, y es el resultado de una profunda y rigurosa investigaci\u00f3n sobre el per\u00edodo 1974 al 1978, que tiene como figuras centrales a Jos\u00e9 Francisco Pe\u00f1a G\u00f3mez, y a los expresidentes, Antonio Guzm\u00e1n Fern\u00e1ndez y al doctor Joaqu\u00edn Balaguer.<\/p>\n\n\n\n<p>En la actividad tambi\u00e9n estuvieron Tony Pe\u00f1a Guaba, hijo del extinto l\u00edder pol\u00edtico, Jos\u00e9 Francisco Pe\u00f1a G\u00f3mez, y coordinador del Gabinete de Pol\u00edticas Sociales de la Presidencia de la Rep\u00fablica; Francis Almonte, subdirector de Aduanas; Cecilio Garc\u00eda, diputado por Saman\u00e1, entre otras personalidades.<\/p>\n\n\n\n<p>Por el Senado de la Rep\u00fablica, adem\u00e1s de Ricardo de los Santos (S\u00e1nchez Ram\u00edrez), presidente; y Pedro Catrain (Saman\u00e1), vicepresidente; estuvieron Ginette Bournigal de Jim\u00e9nez (Puerto Plata); Eduard Alexis Esp\u00edritusanto (La Romana); Mar\u00eda Mercedes Ortiz (Hermanas Mirabal); Odalis Rodr\u00edguez (Valverde); Pedro Tineo (Monte Plata); Franklin Romero (Duarte), Mois\u00e9s Ayala (Barahona), y Dagoberto Rodr\u00edguez Adames (Independencia). Tambi\u00e9n asistieron funcionarios y colaboradores del \u00f3rgano legislativo.<\/p>\n\n\n\n<p>Por Elvis Castro<\/p>\n\n\n\n<p>Senado <\/p>\n","protected":false},"excerpt":{"rendered":"<p>SANTO DOMINGO. &#8211; En un acto encabezado por el presidente del Senado, Ricardo de los Santos, fue presentado este mi\u00e9rcoles el documental \u201cEl Triunfo de la Democracia\u201d, un largometraje del cineasta dominicano Ren\u00e9 Fortunato, que muestra las luchas del pueblo dominicano por el establecimiento de una democracia verdadera durante el per\u00edodo 1974 al 1978. La [&hellip;]<\/p>\n","protected":false},"author":7,"featured_media":627076,"comment_status":"closed","ping_status":"closed","sticky":false,"template":"","format":"standard","meta":{"footnotes":""},"categories":[36],"tags":[2359],"class_list":["post-627072","post","type-post","status-publish","format-standard","has-post-thumbnail","hentry","category-hombresmujeresycosas","tag-senado"],"_links":{"self":[{"href":"https:\/\/diariodominicano.com\/index.php?rest_route=\/wp\/v2\/posts\/627072","targetHints":{"allow":["GET"]}}],"collection":[{"href":"https:\/\/diariodominicano.com\/index.php?rest_route=\/wp\/v2\/posts"}],"about":[{"href":"https:\/\/diariodominicano.com\/index.php?rest_route=\/wp\/v2\/types\/post"}],"author":[{"embeddable":true,"href":"https:\/\/diariodominicano.com\/index.php?rest_route=\/wp\/v2\/users\/7"}],"replies":[{"embeddable":true,"href":"https:\/\/diariodominicano.com\/index.php?rest_route=%2Fwp%2Fv2%2Fcomments&post=627072"}],"version-history":[{"count":1,"href":"https:\/\/diariodominicano.com\/index.php?rest_route=\/wp\/v2\/posts\/627072\/revisions"}],"predecessor-version":[{"id":627078,"href":"https:\/\/diariodominicano.com\/index.php?rest_route=\/wp\/v2\/posts\/627072\/revisions\/627078"}],"wp:featuredmedia":[{"embeddable":true,"href":"https:\/\/diariodominicano.com\/index.php?rest_route=\/wp\/v2\/media\/627076"}],"wp:attachment":[{"href":"https:\/\/diariodominicano.com\/index.php?rest_route=%2Fwp%2Fv2%2Fmedia&parent=627072"}],"wp:term":[{"taxonomy":"category","embeddable":true,"href":"https:\/\/diariodominicano.com\/index.php?rest_route=%2Fwp%2Fv2%2Fcategories&post=627072"},{"taxonomy":"post_tag","embeddable":true,"href":"https:\/\/diariodominicano.com\/index.php?rest_route=%2Fwp%2Fv2%2Ftags&post=627072"}],"curies":[{"name":"wp","href":"https:\/\/api.w.org\/{rel}","templated":true}]}}