{"id":627069,"date":"2025-07-16T16:49:40","date_gmt":"2025-07-16T20:49:40","guid":{"rendered":"https:\/\/diariodominicano.com\/?p=627069"},"modified":"2025-07-16T16:49:42","modified_gmt":"2025-07-16T20:49:42","slug":"sft-ya-suma-miles-de-ideas-en-latinoamerica-y-extiende-plazo-de-inscripciones","status":"publish","type":"post","link":"https:\/\/diariodominicano.com\/?p=627069","title":{"rendered":"SFT ya suma miles de ideas en Latinoam\u00e9rica y extiende plazo de inscripciones"},"content":{"rendered":"\n<p>Estudiantes de escuelas p\u00fablicas siguen mostrando gran entusiasmo por sumarse a Solve for Tomorrow, el programa de Samsung que impulsa la innovaci\u00f3n social a trav\u00e9s de la creatividad y la inventiva. Las inscripciones se han extendido hasta el 18 de julio, brindando una oportunidad \u00fanica para que m\u00e1s j\u00f3venes transformen sus ideas en soluciones con impacto real en sus comunidades<\/p>\n\n\n\n<p>Santo Domingo, Rep\u00fablica Dominicana&nbsp;\u2013 16 Julio de 2025 \u2013&nbsp;La creatividad y el compromiso de los j\u00f3venes latinoamericanos por cambiar su entorno est\u00e1n dejando huella:&nbsp;la 12\u00aa edici\u00f3n de&nbsp;Solve for Tomorrow (SFT)&nbsp;ya ha recibido m\u00e1s de dos mil ideas provenientes de toda la regi\u00f3n. Frente al entusiasmo generado,&nbsp;Samsung Electronics anuncia la extensi\u00f3n del per\u00edodo de inscripciones hasta el 18 de julio.<\/p>\n\n\n\n<p>Desde su lanzamiento en mayo, el programa ha convocado a miles de estudiantes de escuelas p\u00fablicas y docentes a idear soluciones innovadoras para los desaf\u00edos cotidianos de sus comunidades, utilizando herramientas de&nbsp;Design Thinking. Hasta la fecha, m\u00e1s de&nbsp;5,800 j\u00f3venes y profesores&nbsp;han participado en sesiones de capacitaci\u00f3n impartidas por expertos, marcando el inicio de una traves\u00eda transformadora que culminar\u00e1 en la gran final regional en noviembre.<\/p>\n\n\n\n<p>Entre los pa\u00edses con mayor n\u00famero de inscripciones destacan&nbsp;Ecuador, Honduras, Venezuela&nbsp;y&nbsp;El Salvador. Estas cifras reflejan el entusiasmo y la voluntad de los j\u00f3venes por imaginar un futuro mejor, con soluciones concretas y socialmente responsables.<\/p>\n\n\n\n<p>Adicional a los pa\u00edses antes mencionados, tambi\u00e9n participan en Solve for Tomorrow&nbsp;Barbados, Belice, Costa Rica, Guatemala, Nicaragua, Panam\u00e1, Rep\u00fablica Dominicana, Paraguay, Trinidad y Tobago y Uruguay. Esta presencia regional permite que estudiantes de distintas culturas y contextos compartan una visi\u00f3n com\u00fan: mejorar su entorno a trav\u00e9s de la innovaci\u00f3n con prop\u00f3sito.<\/p>\n\n\n\n<p>A lo largo de cada etapa, el programa busca impulsar habilidades que van m\u00e1s all\u00e1 del aula. El enfoque pedag\u00f3gico de&nbsp;Solve for Tomorrow 2025&nbsp;combina la creatividad con el pensamiento cr\u00edtico, promoviendo la colaboraci\u00f3n y la resoluci\u00f3n pr\u00e1ctica de problemas reales. Los estudiantes aprenden a estructurar ideas, desarrollar proyectos y presentar soluciones viables, fortaleciendo as\u00ed competencias que les servir\u00e1n en m\u00faltiples contextos de su vida personal, acad\u00e9mica y profesional.<\/p>\n\n\n\n<p>\u201cNos llena de esperanza ver c\u00f3mo estudiantes de distintos rincones de Latinoam\u00e9rica est\u00e1n identificando problemas reales en sus comunidades y proponiendo soluciones con un alto potencial de impacto. Desde Samsung, queremos brindarles las herramientas para que desarrollen su talento y hagan realidad esas ideas\u201d, afirm\u00f3 Mar\u00eda Fernanda Hern\u00e1ndez, gerente de Ciudadan\u00eda Corporativa de Samsung Electronics para Centroam\u00e9rica, el Caribe, Ecuador y Venezuela.<\/p>\n\n\n\n<p>La din\u00e1mica del programa continuar\u00e1 con una etapa de evaluaci\u00f3n para elegir a los semifinalistas por pa\u00eds, quienes participar\u00e1n en un bootcamp intensivo donde desarrollar\u00e1n sus prototipos. A lo largo del proceso, los equipos seleccionados recibir\u00e1n mentor\u00edas de profesionales de Samsung, as\u00ed como capacitaciones enfocadas en aprendizaje basado en proyectos, metodolog\u00edas \u00e1giles e innovaci\u00f3n.<\/p>\n\n\n\n<p>Si formas parte de una escuela p\u00fablica y tienes entre&nbsp;15 y 18 a\u00f1os, a\u00fan est\u00e1s a tiempo de transformar una idea en una soluci\u00f3n real. Esta puede ser tu oportunidad para generar un impacto positivo en tu comunidad y formar parte de una red regional de j\u00f3venes que est\u00e1n cambiando el presente desde la educaci\u00f3n.<\/p>\n\n\n\n<p>No pierdas la oportunidad de sumarte a esta aventura que puede cambiar tu vida y la de muchos m\u00e1s. Ingresa a&nbsp;<a href=\"https:\/\/link.prismgrp.net\/click\/necmS40ZGilx.QRaEaMjLPDri.F0t1JQRDAce\/Ao3XeW6E\/3\/www.solvefortomorrowlatin.com\" target=\"_blank\" rel=\"noreferrer noopener\">www.solvefortomorrowlatin.com<\/a>,&nbsp;sigue las instrucciones y da el primer paso para convertir tu idea en acci\u00f3n.<\/p>\n\n\n\n<p>Alexandra Medina <a href=\"mailto:alexandra@prismgrp.net\">alexandra@prismgrp.net<\/a><\/p>\n","protected":false},"excerpt":{"rendered":"<p>Estudiantes de escuelas p\u00fablicas siguen mostrando gran entusiasmo por sumarse a Solve for Tomorrow, el programa de Samsung que impulsa la innovaci\u00f3n social a trav\u00e9s de la creatividad y la inventiva. Las inscripciones se han extendido hasta el 18 de julio, brindando una oportunidad \u00fanica para que m\u00e1s j\u00f3venes transformen sus ideas en soluciones con [&hellip;]<\/p>\n","protected":false},"author":7,"featured_media":627070,"comment_status":"closed","ping_status":"closed","sticky":false,"template":"","format":"standard","meta":{"footnotes":""},"categories":[36],"tags":[2838],"class_list":["post-627069","post","type-post","status-publish","format-standard","has-post-thumbnail","hentry","category-hombresmujeresycosas","tag-sft"],"_links":{"self":[{"href":"https:\/\/diariodominicano.com\/index.php?rest_route=\/wp\/v2\/posts\/627069","targetHints":{"allow":["GET"]}}],"collection":[{"href":"https:\/\/diariodominicano.com\/index.php?rest_route=\/wp\/v2\/posts"}],"about":[{"href":"https:\/\/diariodominicano.com\/index.php?rest_route=\/wp\/v2\/types\/post"}],"author":[{"embeddable":true,"href":"https:\/\/diariodominicano.com\/index.php?rest_route=\/wp\/v2\/users\/7"}],"replies":[{"embeddable":true,"href":"https:\/\/diariodominicano.com\/index.php?rest_route=%2Fwp%2Fv2%2Fcomments&post=627069"}],"version-history":[{"count":1,"href":"https:\/\/diariodominicano.com\/index.php?rest_route=\/wp\/v2\/posts\/627069\/revisions"}],"predecessor-version":[{"id":627071,"href":"https:\/\/diariodominicano.com\/index.php?rest_route=\/wp\/v2\/posts\/627069\/revisions\/627071"}],"wp:featuredmedia":[{"embeddable":true,"href":"https:\/\/diariodominicano.com\/index.php?rest_route=\/wp\/v2\/media\/627070"}],"wp:attachment":[{"href":"https:\/\/diariodominicano.com\/index.php?rest_route=%2Fwp%2Fv2%2Fmedia&parent=627069"}],"wp:term":[{"taxonomy":"category","embeddable":true,"href":"https:\/\/diariodominicano.com\/index.php?rest_route=%2Fwp%2Fv2%2Fcategories&post=627069"},{"taxonomy":"post_tag","embeddable":true,"href":"https:\/\/diariodominicano.com\/index.php?rest_route=%2Fwp%2Fv2%2Ftags&post=627069"}],"curies":[{"name":"wp","href":"https:\/\/api.w.org\/{rel}","templated":true}]}}