{"id":627027,"date":"2025-07-16T15:31:47","date_gmt":"2025-07-16T19:31:47","guid":{"rendered":"https:\/\/diariodominicano.com\/?p=627027"},"modified":"2025-07-16T15:31:51","modified_gmt":"2025-07-16T19:31:51","slug":"premios-padre-billini-2025-embajada-dominicana-en-espana-revela-a-los-ganadores-de-su-septima-edicion","status":"publish","type":"post","link":"https:\/\/diariodominicano.com\/?p=627027","title":{"rendered":"Premios Padre Billini 2025: Embajada dominicana en Espa\u00f1a revela a los ganadores de su s\u00e9ptima edici\u00f3n"},"content":{"rendered":"\n<p>La Embajada de Rep\u00fablica Dominicana ante el Reino de Espa\u00f1a ha anunciado los ganadores de la s\u00e9ptima edici\u00f3n de los Premios Padre Billini, correspondientes al a\u00f1o 2025. Como cada a\u00f1o, los galardonados han sido elegidos en dos categor\u00edas, despu\u00e9s de un riguroso proceso de deliberaci\u00f3n:<\/p>\n\n\n\n<p><strong>Solidaridad:<\/strong>&nbsp;Asociaci\u00f3n Cultural y de Cooperaci\u00f3n al Desarrollo Biblioteca Rep\u00fablica Dominicana (ACUDEBI).<\/p>\n\n\n\n<p><strong>Excelencia:<\/strong>&nbsp;Dr. Luis Esteban Abreu Garc\u00eda, m\u00e9dico gastroenter\u00f3logo.<\/p>\n\n\n\n<p>El jurado estuvo compuesto por Ra\u00fal Jim\u00e9nez, director general del Centro de Participaci\u00f3n de la Comunidad de Madrid (CEPI); Thelma Kundhart, odont\u00f3loga; Julio De Castro, director del Programa de Doctorados del IE Business School; y la escritora Virginia Read. La secretaria del jurado fue la ministra consejera Carmen Amelia Cede\u00f1o, encargada de Asuntos Comunitarios de la Embajada, con apoyo administrativo de V\u00edctor Figuereo.<\/p>\n\n\n\n<p>El Dr. Abreu Garc\u00eda, nacido en La Vega, Rep\u00fablica Dominicana, es un destacado profesional de la medicina con una amplia trayectoria en Espa\u00f1a. Es profesor asociado en la Universidad Aut\u00f3noma de Madrid y jefe del Servicio de Gastroenterolog\u00eda del Hospital Universitario Puerta de Hierro de Majadahonda. Ha sido distinguido con la Orden al M\u00e9rito Duarte, S\u00e1nchez y Mella por su aporte a la ciencia y su rol como referente para la di\u00e1spora m\u00e9dica dominicana, entre otros premios.<\/p>\n\n\n\n<p>Por su parte, ACUDEBI, fundada en 2007, es una asociaci\u00f3n sin fines de lucro que promueve la cultura dominicana en Espa\u00f1a mediante una biblioteca especializada, actividades literarias y proyectos de cooperaci\u00f3n cultural. Su labor ha fortalecido los lazos entre la Rep\u00fablica Dominicana y su comunidad en el exterior, fomentando el acceso a la lectura y el intercambio intelectual.<\/p>\n\n\n\n<p>Los Premios Padre Billini fueron instituidos en 2015 en memoria de Francisco Xavier Billini, sacerdote, educador y fil\u00e1ntropo dominicano del siglo XIX, pionero en la creaci\u00f3n de instituciones sociales en el pa\u00eds. Esta distinci\u00f3n reconoce a personas e instituciones cuyas acciones solidarias o logros profesionales contribuyen al bienestar y prestigio de la comunidad dominicana en Espa\u00f1a.<\/p>\n\n\n\n<p>El acto de entrega de los galardones se celebrar\u00e1 en Madrid y contar\u00e1 con la presencia del embajador dominicano ante el Reino de Espa\u00f1a, Sr. Tony Raful Tejada, en una fecha que ser\u00e1 anunciada pr\u00f3ximamente.<\/p>\n\n\n\n<p>Diana Infante Qui\u00f1ones <a href=\"mailto:dinfante@embajadadominicana.es\">dinfante@embajadadominicana.es<\/a><\/p>\n","protected":false},"excerpt":{"rendered":"<p>La Embajada de Rep\u00fablica Dominicana ante el Reino de Espa\u00f1a ha anunciado los ganadores de la s\u00e9ptima edici\u00f3n de los Premios Padre Billini, correspondientes al a\u00f1o 2025. Como cada a\u00f1o, los galardonados han sido elegidos en dos categor\u00edas, despu\u00e9s de un riguroso proceso de deliberaci\u00f3n: Solidaridad:&nbsp;Asociaci\u00f3n Cultural y de Cooperaci\u00f3n al Desarrollo Biblioteca Rep\u00fablica Dominicana [&hellip;]<\/p>\n","protected":false},"author":7,"featured_media":627035,"comment_status":"closed","ping_status":"closed","sticky":false,"template":"","format":"standard","meta":{"footnotes":""},"categories":[23],"tags":[],"class_list":["post-627027","post","type-post","status-publish","format-standard","has-post-thumbnail","hentry","category-internacional"],"_links":{"self":[{"href":"https:\/\/diariodominicano.com\/index.php?rest_route=\/wp\/v2\/posts\/627027","targetHints":{"allow":["GET"]}}],"collection":[{"href":"https:\/\/diariodominicano.com\/index.php?rest_route=\/wp\/v2\/posts"}],"about":[{"href":"https:\/\/diariodominicano.com\/index.php?rest_route=\/wp\/v2\/types\/post"}],"author":[{"embeddable":true,"href":"https:\/\/diariodominicano.com\/index.php?rest_route=\/wp\/v2\/users\/7"}],"replies":[{"embeddable":true,"href":"https:\/\/diariodominicano.com\/index.php?rest_route=%2Fwp%2Fv2%2Fcomments&post=627027"}],"version-history":[{"count":1,"href":"https:\/\/diariodominicano.com\/index.php?rest_route=\/wp\/v2\/posts\/627027\/revisions"}],"predecessor-version":[{"id":627037,"href":"https:\/\/diariodominicano.com\/index.php?rest_route=\/wp\/v2\/posts\/627027\/revisions\/627037"}],"wp:featuredmedia":[{"embeddable":true,"href":"https:\/\/diariodominicano.com\/index.php?rest_route=\/wp\/v2\/media\/627035"}],"wp:attachment":[{"href":"https:\/\/diariodominicano.com\/index.php?rest_route=%2Fwp%2Fv2%2Fmedia&parent=627027"}],"wp:term":[{"taxonomy":"category","embeddable":true,"href":"https:\/\/diariodominicano.com\/index.php?rest_route=%2Fwp%2Fv2%2Fcategories&post=627027"},{"taxonomy":"post_tag","embeddable":true,"href":"https:\/\/diariodominicano.com\/index.php?rest_route=%2Fwp%2Fv2%2Ftags&post=627027"}],"curies":[{"name":"wp","href":"https:\/\/api.w.org\/{rel}","templated":true}]}}