{"id":626977,"date":"2025-07-16T11:13:16","date_gmt":"2025-07-16T15:13:16","guid":{"rendered":"https:\/\/diariodominicano.com\/?p=626977"},"modified":"2025-07-16T11:13:20","modified_gmt":"2025-07-16T15:13:20","slug":"uasd-presenta-coleccion-de-obras-literarias-dominicanas-alusivas-a-la-fundacion-de-la-trinitaria","status":"publish","type":"post","link":"https:\/\/diariodominicano.com\/?p=626977","title":{"rendered":"UASD presenta colecci\u00f3n de obras literarias dominicanas alusivas a la Fundaci\u00f3n de La Trinitaria"},"content":{"rendered":"\n<p>La Universidad Aut\u00f3noma de Santo Domingo (UASD), a trav\u00e9s del Centro de Recursos para el Aprendizaje y la Investigaci\u00f3n (CRAI), de la Biblioteca Pedro Mir, present\u00f3 a la comunidad universitaria la colecci\u00f3n de obras literarias dominicanas alusivas al 187 aniversario de la fundaci\u00f3n de la sociedad secreta La Trinitaria, con objetivo de enaltecer la historia dominicana.<\/p>\n\n\n\n<p>El director de CRAI, maestro Augusto Bravo, resalt\u00f3 que el 16 de julio del 1838 se funda La Trinitaria, dirigida por Juan Pablo Duarte, quien, aprovechando que la poblaci\u00f3n estaba celebrando el D\u00eda de Nuestra Se\u00f1ora del Carmen, organiz\u00f3 ese encuentro clandestino y que el mismo no levantara sospecha.<\/p>\n\n\n\n<p>\u00a8Ese d\u00eda se considera la g\u00e9nesis de la fundaci\u00f3n del pa\u00eds, quedando por escrito el testimonio de la juramentaci\u00f3n &nbsp;de los trinitarios, donde Juan Pablo Duarte le da el nombre de Rep\u00fablica Dominicana, y que rep\u00fablica corresponde a una organizaci\u00f3n pol\u00edtica, y dominicana hace referencia a la orden de los dominicos que jug\u00f3 un papel fundamental en el proceso de evangelizaci\u00f3n y educativo\u00a8, preciso.<\/p>\n\n\n\n<p>El maestro Bravo indic\u00f3 que hoy deber\u00eda ser el D\u00eda de la Bandera Nacional, porque &nbsp;en la &nbsp;juramentaci\u00f3n de La Trinitaria se estableci\u00f3 la forma, el logo, el lema y los colores de la bandera, por tal raz\u00f3n se puede asegurar que el \u00fanico independizador en todo el continente americano fue Duarte.<\/p>\n\n\n\n<p>\u00a8La UASD siempre en la lucha permanente en el rescate de la memoria hist\u00f3rica del pueblo dominicano, desde la Primada de Am\u00e9rica seguimos aportando al desarrollo de la sociedad, llevando a cabo lo que es el pensamiento duartiano<a><\/a>, tomando a Duarte como ejemplo y modelo\u00a8, &nbsp;manifest\u00f3 el funcionario.<\/p>\n\n\n\n<p><strong><u>Pie de foto<\/u><\/strong><\/p>\n\n\n\n<p>El director del Centro de Recursos para el Aprendizaje y la Investigaci\u00f3n (CRAI), de la Biblioteca Pedro Mir, maestro Augusto Bravo, resalt\u00f3 que el 16 de julio del 1838 se funda La Trinitaria, dirigida por Juan Pablo Duarte, quien, aprovechando que la poblaci\u00f3n estaba celebrando el D\u00eda de Nuestra Se\u00f1ora del Carmen, organiz\u00f3 ese encuentro clandestino y que el mismo no levantara sospecha.<\/p>\n","protected":false},"excerpt":{"rendered":"<p>La Universidad Aut\u00f3noma de Santo Domingo (UASD), a trav\u00e9s del Centro de Recursos para el Aprendizaje y la Investigaci\u00f3n (CRAI), de la Biblioteca Pedro Mir, present\u00f3 a la comunidad universitaria la colecci\u00f3n de obras literarias dominicanas alusivas al 187 aniversario de la fundaci\u00f3n de la sociedad secreta La Trinitaria, con objetivo de enaltecer la historia [&hellip;]<\/p>\n","protected":false},"author":2,"featured_media":626978,"comment_status":"closed","ping_status":"closed","sticky":false,"template":"","format":"standard","meta":{"footnotes":""},"categories":[21,36],"tags":[],"class_list":["post-626977","post","type-post","status-publish","format-standard","has-post-thumbnail","hentry","category-cultura","category-hombresmujeresycosas"],"_links":{"self":[{"href":"https:\/\/diariodominicano.com\/index.php?rest_route=\/wp\/v2\/posts\/626977","targetHints":{"allow":["GET"]}}],"collection":[{"href":"https:\/\/diariodominicano.com\/index.php?rest_route=\/wp\/v2\/posts"}],"about":[{"href":"https:\/\/diariodominicano.com\/index.php?rest_route=\/wp\/v2\/types\/post"}],"author":[{"embeddable":true,"href":"https:\/\/diariodominicano.com\/index.php?rest_route=\/wp\/v2\/users\/2"}],"replies":[{"embeddable":true,"href":"https:\/\/diariodominicano.com\/index.php?rest_route=%2Fwp%2Fv2%2Fcomments&post=626977"}],"version-history":[{"count":1,"href":"https:\/\/diariodominicano.com\/index.php?rest_route=\/wp\/v2\/posts\/626977\/revisions"}],"predecessor-version":[{"id":626979,"href":"https:\/\/diariodominicano.com\/index.php?rest_route=\/wp\/v2\/posts\/626977\/revisions\/626979"}],"wp:featuredmedia":[{"embeddable":true,"href":"https:\/\/diariodominicano.com\/index.php?rest_route=\/wp\/v2\/media\/626978"}],"wp:attachment":[{"href":"https:\/\/diariodominicano.com\/index.php?rest_route=%2Fwp%2Fv2%2Fmedia&parent=626977"}],"wp:term":[{"taxonomy":"category","embeddable":true,"href":"https:\/\/diariodominicano.com\/index.php?rest_route=%2Fwp%2Fv2%2Fcategories&post=626977"},{"taxonomy":"post_tag","embeddable":true,"href":"https:\/\/diariodominicano.com\/index.php?rest_route=%2Fwp%2Fv2%2Ftags&post=626977"}],"curies":[{"name":"wp","href":"https:\/\/api.w.org\/{rel}","templated":true}]}}