{"id":626926,"date":"2025-07-16T02:19:09","date_gmt":"2025-07-16T06:19:09","guid":{"rendered":"https:\/\/diariodominicano.com\/?p=626926"},"modified":"2025-07-16T02:21:37","modified_gmt":"2025-07-16T06:21:37","slug":"uasd-suscribe-acuerdo-con-la-university-of-massachusetts-amherst","status":"publish","type":"post","link":"https:\/\/diariodominicano.com\/?p=626926","title":{"rendered":"UASD suscribe acuerdo con la University of Massachusetts Amherst"},"content":{"rendered":"\n<p>El rector de la UASD, maestro Editrudis Beltr\u00e1n Cris\u00f3stomo durante la firma del acuerdo en su despacho con la University of Massachusetts Amherst (UMA), representada por la doctora \u00a0Katryn Denorise, con el objetivo de establecer una relaci\u00f3n de cooperaci\u00f3n, colaboraci\u00f3n acad\u00e9mica y de investigaci\u00f3n.<\/p>\n\n\n\n<p>El rector de la UASD, maestro Editrudis Beltr\u00e1n Cris\u00f3stomo durante la firma del acuerdo en su despacho con la University of Massachusetts Amherst (UMA), representada por la doctora \u00a0Katryn Denorise, con el objetivo de establecer una relaci\u00f3n de cooperaci\u00f3n, colaboraci\u00f3n acad\u00e9mica y de investigaci\u00f3n.<\/p>\n\n\n\n<p>El rector de la Universidad Aut\u00f3noma de Santo Domingo (UASD), maestro Editrudis Beltr\u00e1n Cris\u00f3stomo, firm\u00f3 un acuerdo en su despacho con la University of Massachusetts Amherst (UMA), representada por la doctora &nbsp;Katryn Denorise, con el objetivo de establecer una relaci\u00f3n de cooperaci\u00f3n, colaboraci\u00f3n acad\u00e9mica y de investigaci\u00f3n.<\/p>\n\n\n\n<figure class=\"wp-block-image size-large\"><img loading=\"lazy\" decoding=\"async\" width=\"1024\" height=\"683\" src=\"https:\/\/diariodominicano.com\/wp-content\/uploads\/2025\/07\/FIRMA-1024x683.jpg\" alt=\"\" class=\"wp-image-626930\" srcset=\"https:\/\/diariodominicano.com\/wp-content\/uploads\/2025\/07\/FIRMA-1024x683.jpg 1024w, https:\/\/diariodominicano.com\/wp-content\/uploads\/2025\/07\/FIRMA-300x200.jpg 300w, https:\/\/diariodominicano.com\/wp-content\/uploads\/2025\/07\/FIRMA-768x512.jpg 768w, https:\/\/diariodominicano.com\/wp-content\/uploads\/2025\/07\/FIRMA-1536x1024.jpg 1536w, https:\/\/diariodominicano.com\/wp-content\/uploads\/2025\/07\/FIRMA-2048x1365.jpg 2048w, https:\/\/diariodominicano.com\/wp-content\/uploads\/2025\/07\/FIRMA-816x544.jpg 816w\" sizes=\"auto, (max-width: 1024px) 100vw, 1024px\" \/><\/figure>\n\n\n\n<p>Autoridades de la UASD y de la Uuniversity of Massachusetts Amhert durante la firma del convenio.\u00a0<\/p>\n\n\n\n<p>Mediante el convenio, ambas entidades educativas pactan en programas educativos y proyectos de investigaci\u00f3n en conjunto, al tiempo de que fomentar\u00e1n los contactos directos y la cooperaci\u00f3n entre sus docentes, estudiantes de postgrado, departamentos, institutos y personal de planificaci\u00f3n acad\u00e9mica.<\/p>\n\n\n\n<p>Tambi\u00e9n se acord\u00f3 que, de acuerdo al inter\u00e9s expresado por ambas universidades, existe la posibilidad de establecer proyectos de investigaci\u00f3n en colaboraci\u00f3n de beneficios mutuamente entre departamentos y miembros individuales de facultades. &nbsp;<\/p>\n\n\n\n<p>Igualmente, se contempla permitir el intercambio de docentes&nbsp; mediante visitas de corta y larga duraci\u00f3n, con fines de investigaci\u00f3n, docencia y presentaci\u00f3n de seminarios.<\/p>\n\n\n\n<p>Asimismo, establece&nbsp; el intercambio de estudiantes graduados y no graduados, la supervisi\u00f3n conjunta de estudiantes de investigaci\u00f3n de posgrado, as\u00ed como otras actividades de inter\u00e9s y beneficio mutuo.<\/p>\n\n\n\n<p>El convenio permanecer\u00e1 en vigor durante cuatro (4) a\u00f1os, al t\u00e9rmino ser\u00e1 revisado por ambas partes y ser\u00e1 renovado mediante consentimiento mutuo, podr\u00e1 ser rescindido por cualquiera de las partes con una notificaci\u00f3n escrita de rescisi\u00f3n de seis meses.<\/p>\n\n\n\n<p>Durante la firma del acuerdo estuvieron presentes, &nbsp;la doctora Amarilis Then, enlace entre ambas universidades a trav\u00e9s del Instituto de Investigaciones de la UASD; el doctor Mario Uffre, decano de la Facultad de Ciencias de la Salud (FCS); el doctor Julio Borb\u00f3n, decano de la Facultad de Ciencias Agron\u00f3micas y Veterinarias (FCAYV).<\/p>\n\n\n\n<p>Adem\u00e1s el maestro Jos\u00e9 Casado, vicesecretario general;\u00a0 maestro Antonio Medina Calca\u00f1o, director de Relaciones Nacionales e Internacionales; maestro Manuel de Aza, consultor Jur\u00eddico; la doctora Matilde Peguero, directora de la Escuela de Salud P\u00fablica \u00a0y el maestro Wascar Herrera, gerente Financiero de la UASD.<\/p>\n\n\n\n<p>Relaciones P\u00fablicas<\/p>\n\n\n\n<p><a target=\"_blank\" href=\"mailto:relacionespublicas@uasd.edu.do\" rel=\"noreferrer noopener\">relacionespublicas@uasd.edu.do<\/a><\/p>\n\n\n\n<p><\/p>\n","protected":false},"excerpt":{"rendered":"<p>El rector de la UASD, maestro Editrudis Beltr\u00e1n Cris\u00f3stomo durante la firma del acuerdo en su despacho con la University of Massachusetts Amherst (UMA), representada por la doctora \u00a0Katryn Denorise, con el objetivo de establecer una relaci\u00f3n de cooperaci\u00f3n, colaboraci\u00f3n acad\u00e9mica y de investigaci\u00f3n. El rector de la UASD, maestro Editrudis Beltr\u00e1n Cris\u00f3stomo durante la [&hellip;]<\/p>\n","protected":false},"author":2,"featured_media":626927,"comment_status":"closed","ping_status":"closed","sticky":false,"template":"","format":"standard","meta":{"footnotes":""},"categories":[36,20],"tags":[],"class_list":["post-626926","post","type-post","status-publish","format-standard","has-post-thumbnail","hentry","category-hombresmujeresycosas","category-dominicana-hoy"],"_links":{"self":[{"href":"https:\/\/diariodominicano.com\/index.php?rest_route=\/wp\/v2\/posts\/626926","targetHints":{"allow":["GET"]}}],"collection":[{"href":"https:\/\/diariodominicano.com\/index.php?rest_route=\/wp\/v2\/posts"}],"about":[{"href":"https:\/\/diariodominicano.com\/index.php?rest_route=\/wp\/v2\/types\/post"}],"author":[{"embeddable":true,"href":"https:\/\/diariodominicano.com\/index.php?rest_route=\/wp\/v2\/users\/2"}],"replies":[{"embeddable":true,"href":"https:\/\/diariodominicano.com\/index.php?rest_route=%2Fwp%2Fv2%2Fcomments&post=626926"}],"version-history":[{"count":2,"href":"https:\/\/diariodominicano.com\/index.php?rest_route=\/wp\/v2\/posts\/626926\/revisions"}],"predecessor-version":[{"id":626931,"href":"https:\/\/diariodominicano.com\/index.php?rest_route=\/wp\/v2\/posts\/626926\/revisions\/626931"}],"wp:featuredmedia":[{"embeddable":true,"href":"https:\/\/diariodominicano.com\/index.php?rest_route=\/wp\/v2\/media\/626927"}],"wp:attachment":[{"href":"https:\/\/diariodominicano.com\/index.php?rest_route=%2Fwp%2Fv2%2Fmedia&parent=626926"}],"wp:term":[{"taxonomy":"category","embeddable":true,"href":"https:\/\/diariodominicano.com\/index.php?rest_route=%2Fwp%2Fv2%2Fcategories&post=626926"},{"taxonomy":"post_tag","embeddable":true,"href":"https:\/\/diariodominicano.com\/index.php?rest_route=%2Fwp%2Fv2%2Ftags&post=626926"}],"curies":[{"name":"wp","href":"https:\/\/api.w.org\/{rel}","templated":true}]}}