{"id":626874,"date":"2025-07-16T01:22:27","date_gmt":"2025-07-16T05:22:27","guid":{"rendered":"https:\/\/diariodominicano.com\/?p=626874"},"modified":"2025-07-16T01:22:30","modified_gmt":"2025-07-16T05:22:30","slug":"alvaro-perez-a-octavos-de-final-copa-mango-j100","status":"publish","type":"post","link":"https:\/\/diariodominicano.com\/?p=626874","title":{"rendered":"\u00c1lvaro P\u00e9rez a octavos de final Copa Mango J100"},"content":{"rendered":"\n<p>SANTO DOMINGO.- El dominicano \u00c1lvaro P\u00e9rez avanz\u00f3 este martes a los octavos de final de la Copa Mango J100 Santo Domingo U18, que se juega en conjunto a la U14, con jugadores de 20 pa\u00edses, totalmente gratis para el p\u00fablico.<\/p>\n\n\n\n<p>P\u00e9rez venci\u00f3 al estadounidense&nbsp;Charles Minvielle en un partido largo de tres sets, por&nbsp;6-2 3-6 6-3.<\/p>\n\n\n\n<p>En dobles, P\u00e9rez junto al tambi\u00e9n dominicano Isaac Guerrero se metieron en los cuartos de final, tras vencer a la dupla de Paul Croisy, de Francia y el esloveno Matija Kozjak, por 6-4 6-3.<\/p>\n\n\n\n<p>Categor\u00eda U14<\/p>\n\n\n\n<p>Daniel Suero se meti\u00f3 en la final, jugar\u00e1 por el t\u00edtulo ante Ethan Huller en el cuadro principal, en el segundo Eliezer Santos tambi\u00e9n avanz\u00f3\u064c&nbsp;a la final U14. &nbsp;<\/p>\n\n\n\n<p>Mientras que en la rama femenina, las dos dominicanas Kyara Khayyat y Ana Paula Vega se medir\u00e1n por el t\u00edtulo del cuadro principal.<\/p>\n\n\n\n<p>El r\u00e9feri del torneo U18 es Abel \u00c1lvarez de Cuba, asistido por Francisco de los Santos. Sergio Tobal es director general y vicepresidente de Fedotenis. Julio Cavero del U14.<\/p>\n\n\n\n<p>Los eventos organizados por&nbsp;Fedotenis&nbsp;son gracias al Ministerio de Turismo, Banco de Reservas, Junta de Aviaci\u00f3n Civil (JAC),&nbsp;Banco Central,&nbsp;Ekatex, Creso, El Nuevo Diario y Wilson.<\/p>\n\n\n\n<p><strong>Federacion Dominicana de Tenis Fedotenis <a href=\"mailto:prensafedotenis@gmail.com\">prensafedotenis@gmail.com<\/a><\/strong><\/p>\n","protected":false},"excerpt":{"rendered":"<p>SANTO DOMINGO.- El dominicano \u00c1lvaro P\u00e9rez avanz\u00f3 este martes a los octavos de final de la Copa Mango J100 Santo Domingo U18, que se juega en conjunto a la U14, con jugadores de 20 pa\u00edses, totalmente gratis para el p\u00fablico. P\u00e9rez venci\u00f3 al estadounidense&nbsp;Charles Minvielle en un partido largo de tres sets, por&nbsp;6-2 3-6 6-3. [&hellip;]<\/p>\n","protected":false},"author":7,"featured_media":626889,"comment_status":"closed","ping_status":"closed","sticky":false,"template":"","format":"standard","meta":{"footnotes":""},"categories":[17],"tags":[2825],"class_list":["post-626874","post","type-post","status-publish","format-standard","has-post-thumbnail","hentry","category-deportes","tag-copa-mango-j100"],"_links":{"self":[{"href":"https:\/\/diariodominicano.com\/index.php?rest_route=\/wp\/v2\/posts\/626874","targetHints":{"allow":["GET"]}}],"collection":[{"href":"https:\/\/diariodominicano.com\/index.php?rest_route=\/wp\/v2\/posts"}],"about":[{"href":"https:\/\/diariodominicano.com\/index.php?rest_route=\/wp\/v2\/types\/post"}],"author":[{"embeddable":true,"href":"https:\/\/diariodominicano.com\/index.php?rest_route=\/wp\/v2\/users\/7"}],"replies":[{"embeddable":true,"href":"https:\/\/diariodominicano.com\/index.php?rest_route=%2Fwp%2Fv2%2Fcomments&post=626874"}],"version-history":[{"count":1,"href":"https:\/\/diariodominicano.com\/index.php?rest_route=\/wp\/v2\/posts\/626874\/revisions"}],"predecessor-version":[{"id":626890,"href":"https:\/\/diariodominicano.com\/index.php?rest_route=\/wp\/v2\/posts\/626874\/revisions\/626890"}],"wp:featuredmedia":[{"embeddable":true,"href":"https:\/\/diariodominicano.com\/index.php?rest_route=\/wp\/v2\/media\/626889"}],"wp:attachment":[{"href":"https:\/\/diariodominicano.com\/index.php?rest_route=%2Fwp%2Fv2%2Fmedia&parent=626874"}],"wp:term":[{"taxonomy":"category","embeddable":true,"href":"https:\/\/diariodominicano.com\/index.php?rest_route=%2Fwp%2Fv2%2Fcategories&post=626874"},{"taxonomy":"post_tag","embeddable":true,"href":"https:\/\/diariodominicano.com\/index.php?rest_route=%2Fwp%2Fv2%2Ftags&post=626874"}],"curies":[{"name":"wp","href":"https:\/\/api.w.org\/{rel}","templated":true}]}}