{"id":626872,"date":"2025-07-16T00:41:23","date_gmt":"2025-07-16T04:41:23","guid":{"rendered":"https:\/\/diariodominicano.com\/?p=626872"},"modified":"2025-07-16T00:41:27","modified_gmt":"2025-07-16T04:41:27","slug":"ministros-de-defensa-de-republica-dominicana-y-colombia-reafirman-lazos-estrategicos-en-materia-de-seguridad-y-cooperacion","status":"publish","type":"post","link":"https:\/\/diariodominicano.com\/?p=626872","title":{"rendered":"Ministros de Defensa de Rep\u00fablica Dominicana y Colombia reafirman lazos estrat\u00e9gicos en materia de seguridad y cooperaci\u00f3n"},"content":{"rendered":"\n<p>SANTO DOMINGO, R.D. \u2013 En una muestra de voluntad compartida por fortalecer la seguridad regional y la cooperaci\u00f3n hemisf\u00e9rica, el Ministro de Defensa de la Rep\u00fablica Dominicana, teniente general Carlos Antonio Fern\u00e1ndez Onofre, ERD., recibi\u00f3 en visita oficial a su hom\u00f3logo colombiano, el se\u00f1or Pedro Arnulfo S\u00e1nchez Su\u00e1rez.<\/p>\n\n\n\n<p>El encuentro, celebrado en la sede del Ministerio de Defensa, sirvi\u00f3 para afianzar los hist\u00f3ricos v\u00ednculos entre ambas naciones y abordar una amplia agenda orientada a fortalecer los mecanismos bilaterales de cooperaci\u00f3n en defensa. Entre los temas tratados se destacan la lucha contra amenazas transnacionales, el intercambio de experiencias operativas, la formaci\u00f3n conjunta y el desarrollo de capacidades institucionales.<\/p>\n\n\n\n<p>Ambos ministros coincidieron en la importancia de impulsar una agenda colaborativa que responda a los desaf\u00edos actuales de seguridad, promueva la estabilidad regional y contribuya al desarrollo sostenible de sus pa\u00edses.<\/p>\n\n\n\n<p>\u201cEl fortalecimiento de nuestras relaciones con Colombia, una naci\u00f3n con amplia experiencia en materia de seguridad y defensa, es de gran valor estrat\u00e9gico para seguir perfeccionando nuestras capacidades operativas\u201d, expres\u00f3 el teniente general Fern\u00e1ndez Onofre.<\/p>\n\n\n\n<p>Por su parte, el ministro Pedro S\u00e1nchez calific\u00f3 a la Rep\u00fablica Dominicana como \u201cun socio estrat\u00e9gico y confiable para Colombia\u201d, y destac\u00f3 su participaci\u00f3n en iniciativas regionales como la Estrategia Naval ORI\u00d3N y la Estrategia ZEUS, esenciales para enfrentar amenazas transnacionales y econom\u00edas il\u00edcitas.<\/p>\n\n\n\n<p>Asimismo, reafirm\u00f3 el compromiso de Colombia con la capacitaci\u00f3n conjunta, los ejercicios combinados y el intercambio t\u00e9cnico-operativo como pilares del fortalecimiento mutuo.<\/p>\n\n\n\n<p>Durante la reuni\u00f3n tambi\u00e9n estuvieron presentes el Mayor General William Ren\u00e9 Salamanca Ram\u00edrez, Director General de la Polic\u00eda Nacional de Colombia, y el embajador de Colombia en la Rep\u00fablica Dominicana, Dar\u00edo Villamizar Herrera, quienes respaldaron los esfuerzos de integraci\u00f3n y di\u00e1logo entre ambas naciones.<\/p>\n\n\n\n<p>Este encuentro reafirma el papel activo y confiable de la Rep\u00fablica Dominicana en los esfuerzos de integraci\u00f3n y seguridad hemisf\u00e9rica, consolidando su compromiso con la paz, la cooperaci\u00f3n internacional y el desarrollo institucional en beneficio de ambos pueblos.<\/p>\n\n\n\n<p>Prensa Mide prensaj5mide@gmail.com<\/p>\n","protected":false},"excerpt":{"rendered":"<p>SANTO DOMINGO, R.D. \u2013 En una muestra de voluntad compartida por fortalecer la seguridad regional y la cooperaci\u00f3n hemisf\u00e9rica, el Ministro de Defensa de la Rep\u00fablica Dominicana, teniente general Carlos Antonio Fern\u00e1ndez Onofre, ERD., recibi\u00f3 en visita oficial a su hom\u00f3logo colombiano, el se\u00f1or Pedro Arnulfo S\u00e1nchez Su\u00e1rez. El encuentro, celebrado en la sede del [&hellip;]<\/p>\n","protected":false},"author":7,"featured_media":626885,"comment_status":"closed","ping_status":"closed","sticky":false,"template":"","format":"standard","meta":{"footnotes":""},"categories":[20],"tags":[2823],"class_list":["post-626872","post","type-post","status-publish","format-standard","has-post-thumbnail","hentry","category-dominicana-hoy","tag-ministros-de-defensa"],"_links":{"self":[{"href":"https:\/\/diariodominicano.com\/index.php?rest_route=\/wp\/v2\/posts\/626872","targetHints":{"allow":["GET"]}}],"collection":[{"href":"https:\/\/diariodominicano.com\/index.php?rest_route=\/wp\/v2\/posts"}],"about":[{"href":"https:\/\/diariodominicano.com\/index.php?rest_route=\/wp\/v2\/types\/post"}],"author":[{"embeddable":true,"href":"https:\/\/diariodominicano.com\/index.php?rest_route=\/wp\/v2\/users\/7"}],"replies":[{"embeddable":true,"href":"https:\/\/diariodominicano.com\/index.php?rest_route=%2Fwp%2Fv2%2Fcomments&post=626872"}],"version-history":[{"count":1,"href":"https:\/\/diariodominicano.com\/index.php?rest_route=\/wp\/v2\/posts\/626872\/revisions"}],"predecessor-version":[{"id":626886,"href":"https:\/\/diariodominicano.com\/index.php?rest_route=\/wp\/v2\/posts\/626872\/revisions\/626886"}],"wp:featuredmedia":[{"embeddable":true,"href":"https:\/\/diariodominicano.com\/index.php?rest_route=\/wp\/v2\/media\/626885"}],"wp:attachment":[{"href":"https:\/\/diariodominicano.com\/index.php?rest_route=%2Fwp%2Fv2%2Fmedia&parent=626872"}],"wp:term":[{"taxonomy":"category","embeddable":true,"href":"https:\/\/diariodominicano.com\/index.php?rest_route=%2Fwp%2Fv2%2Fcategories&post=626872"},{"taxonomy":"post_tag","embeddable":true,"href":"https:\/\/diariodominicano.com\/index.php?rest_route=%2Fwp%2Fv2%2Ftags&post=626872"}],"curies":[{"name":"wp","href":"https:\/\/api.w.org\/{rel}","templated":true}]}}