{"id":626822,"date":"2025-07-15T14:07:21","date_gmt":"2025-07-15T18:07:21","guid":{"rendered":"https:\/\/diariodominicano.com\/?p=626822"},"modified":"2025-07-15T14:08:50","modified_gmt":"2025-07-15T18:08:50","slug":"torneo-de-domino-familiar-en-homenaje-al-dia-de-los-padres-es-la-propuesta-de-destino-maravilloso-films","status":"publish","type":"post","link":"https:\/\/diariodominicano.com\/?p=626822","title":{"rendered":"Torneo de Domin\u00f3 familiar en homenaje al D\u00eda de los Padres es la propuesta de Destino Maravilloso Films"},"content":{"rendered":"\n<p>En las acostumbradas visitas al pa\u00eds de Luiggi Beltr\u00e9 con motivos vacacionales siempre est\u00e1 la motivaci\u00f3n de darle calor al proyecto \u201cDestino Maravilloso\u201d para lo que sostendr\u00e1 encuentros estrat\u00e9gicos con organizaciones e instituciones, fortaleciendo v\u00ednculos que consolidan el compromiso social y cinematogr\u00e1fico de Destino Maravilloso Films que contin\u00faa sumando respaldo e inter\u00e9s tanto a nivel nacional como internacional.<\/p>\n\n\n\n<p>Estaremos nuevamente en la Rep\u00fablica Dominicana para seguir desarrollando nuestro proyecto Destino Maravilloso, fomentando los valores, las cosas positivas para la sociedad, para nuestro pa\u00eds y aportando un granito de arena a las familias dominicanas de manera especial a los padres en conmemoraci\u00f3n en su d\u00eda, expres\u00f3 Beltr\u00e9.<\/p>\n\n\n\n<p>Para el homenaje a los padres dominicanos, se realizar\u00e1 un torneo de domin\u00f3 amistoso como parte de los juegos tradicionales que promueven el compartir familiar y el rescate de las costumbres locales.<\/p>\n\n\n\n<p>Entre las actividades programadas igualmente se destaca un campamento de verano, que ser\u00e1 una jornada especial donde Beltr\u00e9 compartir\u00e1 sus conocimientos de pelota, actuaci\u00f3n e ingl\u00e9s, contar\u00e1 adem\u00e1s con pintura, espacios de juegos tradicionales y din\u00e1micas recreativas, garantizando diversi\u00f3n sin parar para los m\u00e1s peque\u00f1os.<\/p>\n\n\n\n<p>Estas iniciativas reflejan el inter\u00e9s de la casa productora en impulsar valores, educaci\u00f3n y arte, al tiempo que celebra las figuras paternas y fomenta la cultura popular dominicana en el marco del compromiso cultural y educativo de Destino Maravilloso Films.<\/p>\n\n\n\n<p><strong>Raiz TV Media Comunicaci\u00f3n cultural <a href=\"mailto:raiztvmediacomunicacioncultura@gmail.com\">raiztvmediacomunicacioncultura@gmail.com<\/a><\/strong><\/p>\n","protected":false},"excerpt":{"rendered":"<p>En las acostumbradas visitas al pa\u00eds de Luiggi Beltr\u00e9 con motivos vacacionales siempre est\u00e1 la motivaci\u00f3n de darle calor al proyecto \u201cDestino Maravilloso\u201d para lo que sostendr\u00e1 encuentros estrat\u00e9gicos con organizaciones e instituciones, fortaleciendo v\u00ednculos que consolidan el compromiso social y cinematogr\u00e1fico de Destino Maravilloso Films que contin\u00faa sumando respaldo e inter\u00e9s tanto a nivel [&hellip;]<\/p>\n","protected":false},"author":7,"featured_media":626842,"comment_status":"closed","ping_status":"closed","sticky":false,"template":"","format":"standard","meta":{"footnotes":""},"categories":[17],"tags":[2821],"class_list":["post-626822","post","type-post","status-publish","format-standard","has-post-thumbnail","hentry","category-deportes","tag-dia-de-los-padres"],"_links":{"self":[{"href":"https:\/\/diariodominicano.com\/index.php?rest_route=\/wp\/v2\/posts\/626822","targetHints":{"allow":["GET"]}}],"collection":[{"href":"https:\/\/diariodominicano.com\/index.php?rest_route=\/wp\/v2\/posts"}],"about":[{"href":"https:\/\/diariodominicano.com\/index.php?rest_route=\/wp\/v2\/types\/post"}],"author":[{"embeddable":true,"href":"https:\/\/diariodominicano.com\/index.php?rest_route=\/wp\/v2\/users\/7"}],"replies":[{"embeddable":true,"href":"https:\/\/diariodominicano.com\/index.php?rest_route=%2Fwp%2Fv2%2Fcomments&post=626822"}],"version-history":[{"count":1,"href":"https:\/\/diariodominicano.com\/index.php?rest_route=\/wp\/v2\/posts\/626822\/revisions"}],"predecessor-version":[{"id":626843,"href":"https:\/\/diariodominicano.com\/index.php?rest_route=\/wp\/v2\/posts\/626822\/revisions\/626843"}],"wp:featuredmedia":[{"embeddable":true,"href":"https:\/\/diariodominicano.com\/index.php?rest_route=\/wp\/v2\/media\/626842"}],"wp:attachment":[{"href":"https:\/\/diariodominicano.com\/index.php?rest_route=%2Fwp%2Fv2%2Fmedia&parent=626822"}],"wp:term":[{"taxonomy":"category","embeddable":true,"href":"https:\/\/diariodominicano.com\/index.php?rest_route=%2Fwp%2Fv2%2Fcategories&post=626822"},{"taxonomy":"post_tag","embeddable":true,"href":"https:\/\/diariodominicano.com\/index.php?rest_route=%2Fwp%2Fv2%2Ftags&post=626822"}],"curies":[{"name":"wp","href":"https:\/\/api.w.org\/{rel}","templated":true}]}}