{"id":626810,"date":"2025-07-15T12:27:32","date_gmt":"2025-07-15T16:27:32","guid":{"rendered":"https:\/\/diariodominicano.com\/?p=626810"},"modified":"2025-07-15T12:27:37","modified_gmt":"2025-07-15T16:27:37","slug":"ratifica-diaz-canel-politica-de-atencion-a-vulnerabilidad-en-cuba","status":"publish","type":"post","link":"https:\/\/diariodominicano.com\/?p=626810","title":{"rendered":"Ratifica D\u00edaz-Canel pol\u00edtica de atenci\u00f3n a vulnerabilidad en Cuba"},"content":{"rendered":"\n<p>La Habana, 15 jul (Prensa Latina) El presidente de Cuba, Miguel D\u00edaz-Canel, ratific\u00f3 hoy que el gobierno atiende con esfuerzo, inteligencia y creatividad la problem\u00e1tica de la vulnerabilidad social en Cuba,un asunto de alta sensibilidad para la Revoluci\u00f3n<\/p>\n\n\n\n<ul class=\"wp-block-list\">\n<li><a href=\"https:\/\/www.prensa-latina.cu\/2025\/07\/15\/\"><time>julio 15, 2025 | 09:19<\/time><\/a><\/li>\n<\/ul>\n\n\n\n<ul class=\"wp-block-list\">\n<li><a href=\"https:\/\/www.prensa-latina.cu\/2025\/07\/15\/ratifica-diaz-canel-politica-de-atencion-a-vulnerabilidad-en-cuba\/#\"><\/a><\/li>\n\n\n\n<li><a href=\"https:\/\/www.prensa-latina.cu\/2025\/07\/15\/ratifica-diaz-canel-politica-de-atencion-a-vulnerabilidad-en-cuba\/#\"><\/a><\/li>\n\n\n\n<li><a href=\"https:\/\/www.prensa-latina.cu\/2025\/07\/15\/ratifica-diaz-canel-politica-de-atencion-a-vulnerabilidad-en-cuba\/#\"><\/a><\/li>\n\n\n\n<li><a href=\"https:\/\/www.prensa-latina.cu\/2025\/07\/15\/ratifica-diaz-canel-politica-de-atencion-a-vulnerabilidad-en-cuba\/#\"><\/a><\/li>\n<\/ul>\n\n\n\n<p>El mandatario se\u00f1al\u00f3 en la red social X que desde la v\u00edspera las Comisiones Permanentes de la Asamblea Nacional del Poder Popular (parlamento) debaten acciones para superar el dif\u00edcil momento que vive el pa\u00eds.<\/p>\n\n\n\n<p>\u201cMuchas (de esas acciones) dependen del esfuerzo, inteligencia y creatividad colectivos, apunt\u00f3 el jefe de Estado, sobre el particular que suscit\u00f3 an\u00e1lisis en la sesi\u00f3n parlamentaria de este lunes, previa al inicio ma\u00f1ana del quinto periodo de sesiones del Legislativo cubano.<\/p>\n\n\n\n<p>\u201cMuy cuestionable la falta de sensibilidad en el enfoque de la vulnerabilidad. La Revoluci\u00f3n no puede dejar a nadie atr\u00e1s, esa es nuestra divisa, nuestra responsabilidad militante\u201d, resalt\u00f3 el presidente antillano al valorar la repercusi\u00f3n del debate parlamentario sobre el tema en la Asamblea Nacional.<\/p>\n\n\n\n<p>El parlamento del pa\u00eds caribe\u00f1o continuar\u00e1 este martes el an\u00e1lisis de m\u00e1s de 80 temas que inter\u00e9s econ\u00f3mico y social para la isla, en medio del recrudecimiento del bloqueo del gobierno de Estados Unidos.<\/p>\n\n\n\n<p>mem\/lld<\/p>\n\n\n\n<ul class=\"wp-block-list\">\n<li>#<a href=\"https:\/\/www.prensa-latina.cu\/etiqueta\/comisionespermanentes\/\">ComisionesPermanentes<\/a>\u00a0#<a href=\"https:\/\/www.prensa-latina.cu\/etiqueta\/cuba\/\">cuba<\/a>\u00a0#<a href=\"https:\/\/www.prensa-latina.cu\/etiqueta\/parlamento\/\">parlamento<\/a>\u00a0#<a href=\"https:\/\/www.prensa-latina.cu\/etiqueta\/presidente\/\">presidente<\/a>\u00a0#<a href=\"https:\/\/www.prensa-latina.cu\/etiqueta\/vulnerabilidad\/\">vulnerabilidad<\/a><\/li>\n<\/ul>\n","protected":false},"excerpt":{"rendered":"<p>La Habana, 15 jul (Prensa Latina) El presidente de Cuba, Miguel D\u00edaz-Canel, ratific\u00f3 hoy que el gobierno atiende con esfuerzo, inteligencia y creatividad la problem\u00e1tica de la vulnerabilidad social en Cuba,un asunto de alta sensibilidad para la Revoluci\u00f3n El mandatario se\u00f1al\u00f3 en la red social X que desde la v\u00edspera las Comisiones Permanentes de la [&hellip;]<\/p>\n","protected":false},"author":2,"featured_media":626811,"comment_status":"closed","ping_status":"closed","sticky":false,"template":"","format":"standard","meta":{"footnotes":""},"categories":[23],"tags":[],"class_list":["post-626810","post","type-post","status-publish","format-standard","has-post-thumbnail","hentry","category-internacional"],"_links":{"self":[{"href":"https:\/\/diariodominicano.com\/index.php?rest_route=\/wp\/v2\/posts\/626810","targetHints":{"allow":["GET"]}}],"collection":[{"href":"https:\/\/diariodominicano.com\/index.php?rest_route=\/wp\/v2\/posts"}],"about":[{"href":"https:\/\/diariodominicano.com\/index.php?rest_route=\/wp\/v2\/types\/post"}],"author":[{"embeddable":true,"href":"https:\/\/diariodominicano.com\/index.php?rest_route=\/wp\/v2\/users\/2"}],"replies":[{"embeddable":true,"href":"https:\/\/diariodominicano.com\/index.php?rest_route=%2Fwp%2Fv2%2Fcomments&post=626810"}],"version-history":[{"count":1,"href":"https:\/\/diariodominicano.com\/index.php?rest_route=\/wp\/v2\/posts\/626810\/revisions"}],"predecessor-version":[{"id":626812,"href":"https:\/\/diariodominicano.com\/index.php?rest_route=\/wp\/v2\/posts\/626810\/revisions\/626812"}],"wp:featuredmedia":[{"embeddable":true,"href":"https:\/\/diariodominicano.com\/index.php?rest_route=\/wp\/v2\/media\/626811"}],"wp:attachment":[{"href":"https:\/\/diariodominicano.com\/index.php?rest_route=%2Fwp%2Fv2%2Fmedia&parent=626810"}],"wp:term":[{"taxonomy":"category","embeddable":true,"href":"https:\/\/diariodominicano.com\/index.php?rest_route=%2Fwp%2Fv2%2Fcategories&post=626810"},{"taxonomy":"post_tag","embeddable":true,"href":"https:\/\/diariodominicano.com\/index.php?rest_route=%2Fwp%2Fv2%2Ftags&post=626810"}],"curies":[{"name":"wp","href":"https:\/\/api.w.org\/{rel}","templated":true}]}}