{"id":626806,"date":"2025-07-15T12:25:52","date_gmt":"2025-07-15T16:25:52","guid":{"rendered":"https:\/\/diariodominicano.com\/?p=626806"},"modified":"2025-07-15T12:25:59","modified_gmt":"2025-07-15T16:25:59","slug":"onu-alerta-sobre-retraso-en-cumplimiento-de-agenda-2030","status":"publish","type":"post","link":"https:\/\/diariodominicano.com\/?p=626806","title":{"rendered":"ONU alerta sobre retraso en cumplimiento de Agenda 2030"},"content":{"rendered":"\n<p>Naciones Unidas, 15 jul (Prensa Latina) El secretario general de la ONU, Ant\u00f3nio Guterres, alert\u00f3 sobre una emergencia global y los retrasos en el cumplimiento de la Agenda 2030, al intervenir en el Foro Pol\u00edtico de Alto Nivel sobre Desarrollo Sostenible que contin\u00faa hoy aqu\u00ed.<\/p>\n\n\n\n<ul class=\"wp-block-list\">\n<li><a href=\"https:\/\/www.prensa-latina.cu\/2025\/07\/15\/\"><time>julio 15, 2025 | 09:10<\/time><\/a><\/li>\n<\/ul>\n\n\n\n<ul class=\"wp-block-list\">\n<li><a href=\"https:\/\/www.prensa-latina.cu\/2025\/07\/15\/onu-alerta-sobre-retraso-en-cumplimiento-de-agenda-2030\/#\"><\/a><\/li>\n\n\n\n<li><a href=\"https:\/\/www.prensa-latina.cu\/2025\/07\/15\/onu-alerta-sobre-retraso-en-cumplimiento-de-agenda-2030\/#\"><\/a><\/li>\n\n\n\n<li><a href=\"https:\/\/www.prensa-latina.cu\/2025\/07\/15\/onu-alerta-sobre-retraso-en-cumplimiento-de-agenda-2030\/#\"><\/a><\/li>\n\n\n\n<li><a href=\"https:\/\/www.prensa-latina.cu\/2025\/07\/15\/onu-alerta-sobre-retraso-en-cumplimiento-de-agenda-2030\/#\"><\/a><\/li>\n<\/ul>\n\n\n\n<p>El representante de la Organizaci\u00f3n de las Naciones Unidas (ONU) se\u00f1al\u00f3 que solo el 35 por ciento de las metas establecidas en esa hoja de ruta van por buen camino o progresan moderadamente, cuando faltan solo cinco a\u00f1os para que se cumpla el plazo establecido.<\/p>\n\n\n\n<p>\u201cSeamos claros: no estamos donde tenemos que estar\u201d, asever\u00f3 y precis\u00f3 que, aunque se registraron algunos avances, casi la mitad de los objetivos avanzan demasiado despacio y un 18 por ciento va a la inversa.<\/p>\n\n\n\n<p>\u201cNos encontramos en una emergencia mundial de desarrollo, la cual se mide en los m\u00e1s de 800 millones de personas que siguen viviendo en la pobreza extrema\u201d, apunt\u00f3.<\/p>\n\n\n\n<p>Adem\u00e1s, advirti\u00f3 sobre la intensificaci\u00f3n de las consecuencias del cambio clim\u00e1tico y la deuda que \u201cagota los recursos que los pa\u00edses necesitan para invertir en su gente\u201d.<\/p>\n\n\n\n<p>\u201cEl progreso es imposible sin desbloquear la financiaci\u00f3n\u201d, dijo y reiter\u00f3 su llamado a realizar una reforma de la arquitectura financiera internacional, adoptar medidas de alivio y triplicar la capacidad de pr\u00e9stamo de los bancos multilaterales de desarrollo.<\/p>\n\n\n\n<p>Guterres asegur\u00f3 que existen v\u00ednculos profundos entre el subdesarrollo y los conflictos y enfatiz\u00f3 en la necesidad de seguir trabajando por la paz en Medio Oriente, Sud\u00e1n y otros territorios.<\/p>\n\n\n\n<p>Por otra parte, abog\u00f3 por trabajar en \u00e1reas como los sistemas alimentarios, la energ\u00eda, el mundo digital, la educaci\u00f3n, el empleo y la acci\u00f3n ambiental.<\/p>\n\n\n\n<p>\u00abLas transformaciones estructurales son nuestra hoja de ruta. Los avances en una esfera pueden multiplicar el progreso en todas ellas\u201d, asever\u00f3.<\/p>\n\n\n\n<p>Los Objetivos de Desarrollo Sostenible siguen estando a nuestro alcance, pero solo si actuamos con urgencia, unidad y una determinaci\u00f3n inquebrantable, a\u00f1adi\u00f3.<\/p>\n\n\n\n<p>mem\/gas<\/p>\n\n\n\n<ul class=\"wp-block-list\">\n<li>#<a href=\"https:\/\/www.prensa-latina.cu\/etiqueta\/onu\/\">ONU<\/a><\/li>\n<\/ul>\n","protected":false},"excerpt":{"rendered":"<p>Naciones Unidas, 15 jul (Prensa Latina) El secretario general de la ONU, Ant\u00f3nio Guterres, alert\u00f3 sobre una emergencia global y los retrasos en el cumplimiento de la Agenda 2030, al intervenir en el Foro Pol\u00edtico de Alto Nivel sobre Desarrollo Sostenible que contin\u00faa hoy aqu\u00ed. El representante de la Organizaci\u00f3n de las Naciones Unidas (ONU) [&hellip;]<\/p>\n","protected":false},"author":2,"featured_media":626808,"comment_status":"closed","ping_status":"closed","sticky":false,"template":"","format":"standard","meta":{"footnotes":""},"categories":[36,23],"tags":[],"class_list":["post-626806","post","type-post","status-publish","format-standard","has-post-thumbnail","hentry","category-hombresmujeresycosas","category-internacional"],"_links":{"self":[{"href":"https:\/\/diariodominicano.com\/index.php?rest_route=\/wp\/v2\/posts\/626806","targetHints":{"allow":["GET"]}}],"collection":[{"href":"https:\/\/diariodominicano.com\/index.php?rest_route=\/wp\/v2\/posts"}],"about":[{"href":"https:\/\/diariodominicano.com\/index.php?rest_route=\/wp\/v2\/types\/post"}],"author":[{"embeddable":true,"href":"https:\/\/diariodominicano.com\/index.php?rest_route=\/wp\/v2\/users\/2"}],"replies":[{"embeddable":true,"href":"https:\/\/diariodominicano.com\/index.php?rest_route=%2Fwp%2Fv2%2Fcomments&post=626806"}],"version-history":[{"count":1,"href":"https:\/\/diariodominicano.com\/index.php?rest_route=\/wp\/v2\/posts\/626806\/revisions"}],"predecessor-version":[{"id":626809,"href":"https:\/\/diariodominicano.com\/index.php?rest_route=\/wp\/v2\/posts\/626806\/revisions\/626809"}],"wp:featuredmedia":[{"embeddable":true,"href":"https:\/\/diariodominicano.com\/index.php?rest_route=\/wp\/v2\/media\/626808"}],"wp:attachment":[{"href":"https:\/\/diariodominicano.com\/index.php?rest_route=%2Fwp%2Fv2%2Fmedia&parent=626806"}],"wp:term":[{"taxonomy":"category","embeddable":true,"href":"https:\/\/diariodominicano.com\/index.php?rest_route=%2Fwp%2Fv2%2Fcategories&post=626806"},{"taxonomy":"post_tag","embeddable":true,"href":"https:\/\/diariodominicano.com\/index.php?rest_route=%2Fwp%2Fv2%2Ftags&post=626806"}],"curies":[{"name":"wp","href":"https:\/\/api.w.org\/{rel}","templated":true}]}}