{"id":626719,"date":"2025-07-15T03:58:51","date_gmt":"2025-07-15T07:58:51","guid":{"rendered":"https:\/\/diariodominicano.com\/?p=626719"},"modified":"2025-07-15T03:58:55","modified_gmt":"2025-07-15T07:58:55","slug":"buscan-a-11-desaparecidos-en-indonesia-por-hundimiento-de-ferry","status":"publish","type":"post","link":"https:\/\/diariodominicano.com\/?p=626719","title":{"rendered":"Buscan a 11 desaparecidos en Indonesia por hundimiento de ferry"},"content":{"rendered":"\n<p>Yakarta, 15 jul (Prensa Latina) La Agencia Nacional de B\u00fasqueda y Rescate (Basarnas) de Indonesia despleg\u00f3 hoy sus equipos de rastreo para buscar a 11 personas desaparecidas tras el naufragio de un ferry con 18 personas a bordo.<\/p>\n\n\n\n<ul class=\"wp-block-list\">\n<li><a href=\"https:\/\/www.prensa-latina.cu\/2025\/07\/15\/\"><time>julio 15, 2025 | 01:12<\/time><\/a><\/li>\n<\/ul>\n\n\n\n<ul class=\"wp-block-list\">\n<li><a href=\"https:\/\/www.prensa-latina.cu\/2025\/07\/15\/buscan-a-11-desaparecidos-en-indonesia-por-hundimiento-de-ferry\/#\"><\/a><\/li>\n\n\n\n<li><a href=\"https:\/\/www.prensa-latina.cu\/2025\/07\/15\/buscan-a-11-desaparecidos-en-indonesia-por-hundimiento-de-ferry\/#\"><\/a><\/li>\n\n\n\n<li><a href=\"https:\/\/www.prensa-latina.cu\/2025\/07\/15\/buscan-a-11-desaparecidos-en-indonesia-por-hundimiento-de-ferry\/#\"><\/a><\/li>\n\n\n\n<li><a href=\"https:\/\/www.prensa-latina.cu\/2025\/07\/15\/buscan-a-11-desaparecidos-en-indonesia-por-hundimiento-de-ferry\/#\"><\/a><\/li>\n<\/ul>\n\n\n\n<p>El accidente ocurri\u00f3 en aguas de las islas Mentawai (oeste del pa\u00eds), a unos 150 kil\u00f3metros de la parte central de la costa occidental de la conocida isla de Sumatra.<\/p>\n\n\n\n<p>La embarcaci\u00f3n de 12 metros de largo transportaba a varios funcionarios del gobierno local, de Sikakap a Tuapejat, ciudad donde se encuentra la sede administrativa de las islas Mentawai.<\/p>\n\n\n\n<p>Seg\u00fan el comunicado oficial, la operaci\u00f3n de b\u00fasqueda se concentra en la zona cercana a las coordenadas donde se presume que ocurri\u00f3 el vuelco y se monitorean, constantemente, las condiciones meteorol\u00f3gicas y del agua para asegurar el desarrollo adecuado de las labores de rescate.<\/p>\n\n\n\n<p>Basarnas ha confirmado la identidad de siete sobrevivientes y de 10 de los 11 desaparecidos.<\/p>\n\n\n\n<p>Adem\u00e1s, destac\u00f3 que est\u00e1n utilizando todos los recursos disponibles, incluyendo un buque de salvamento, y coordin\u00e1ndose con pescadores y habitantes locales para mejorar la informaci\u00f3n sobre la zona del incidente.<\/p>\n\n\n\n<p>Esta operaci\u00f3n se suma a la b\u00fasqueda a\u00fan activa de 17 personas desaparecidas desde el 2 de julio, tras otro naufragio cerca de la popular isla tur\u00edstica de Bali, que dej\u00f3 un saldo de 18 muertos y 30 sobrevivientes.<\/p>\n\n\n\n<p>lam\/msm<\/p>\n\n\n\n<ul class=\"wp-block-list\">\n<li>#<a href=\"https:\/\/www.prensa-latina.cu\/etiqueta\/asia\/\">asia<\/a>\u00a0#<a href=\"https:\/\/www.prensa-latina.cu\/etiqueta\/bali\/\">bali<\/a>\u00a0#<a href=\"https:\/\/www.prensa-latina.cu\/etiqueta\/barco\/\">barco<\/a>\u00a0#<a href=\"https:\/\/www.prensa-latina.cu\/etiqueta\/ferry\/\">ferry<\/a>\u00a0#<a href=\"https:\/\/www.prensa-latina.cu\/etiqueta\/hundimiento\/\">hundimiento<\/a>\u00a0#<a href=\"https:\/\/www.prensa-latina.cu\/etiqueta\/indonesia\/\">Indonesia<\/a><\/li>\n<\/ul>\n","protected":false},"excerpt":{"rendered":"<p>Yakarta, 15 jul (Prensa Latina) La Agencia Nacional de B\u00fasqueda y Rescate (Basarnas) de Indonesia despleg\u00f3 hoy sus equipos de rastreo para buscar a 11 personas desaparecidas tras el naufragio de un ferry con 18 personas a bordo. El accidente ocurri\u00f3 en aguas de las islas Mentawai (oeste del pa\u00eds), a unos 150 kil\u00f3metros de [&hellip;]<\/p>\n","protected":false},"author":2,"featured_media":626720,"comment_status":"closed","ping_status":"closed","sticky":false,"template":"","format":"standard","meta":{"footnotes":""},"categories":[23],"tags":[],"class_list":["post-626719","post","type-post","status-publish","format-standard","has-post-thumbnail","hentry","category-internacional"],"_links":{"self":[{"href":"https:\/\/diariodominicano.com\/index.php?rest_route=\/wp\/v2\/posts\/626719","targetHints":{"allow":["GET"]}}],"collection":[{"href":"https:\/\/diariodominicano.com\/index.php?rest_route=\/wp\/v2\/posts"}],"about":[{"href":"https:\/\/diariodominicano.com\/index.php?rest_route=\/wp\/v2\/types\/post"}],"author":[{"embeddable":true,"href":"https:\/\/diariodominicano.com\/index.php?rest_route=\/wp\/v2\/users\/2"}],"replies":[{"embeddable":true,"href":"https:\/\/diariodominicano.com\/index.php?rest_route=%2Fwp%2Fv2%2Fcomments&post=626719"}],"version-history":[{"count":1,"href":"https:\/\/diariodominicano.com\/index.php?rest_route=\/wp\/v2\/posts\/626719\/revisions"}],"predecessor-version":[{"id":626721,"href":"https:\/\/diariodominicano.com\/index.php?rest_route=\/wp\/v2\/posts\/626719\/revisions\/626721"}],"wp:featuredmedia":[{"embeddable":true,"href":"https:\/\/diariodominicano.com\/index.php?rest_route=\/wp\/v2\/media\/626720"}],"wp:attachment":[{"href":"https:\/\/diariodominicano.com\/index.php?rest_route=%2Fwp%2Fv2%2Fmedia&parent=626719"}],"wp:term":[{"taxonomy":"category","embeddable":true,"href":"https:\/\/diariodominicano.com\/index.php?rest_route=%2Fwp%2Fv2%2Fcategories&post=626719"},{"taxonomy":"post_tag","embeddable":true,"href":"https:\/\/diariodominicano.com\/index.php?rest_route=%2Fwp%2Fv2%2Ftags&post=626719"}],"curies":[{"name":"wp","href":"https:\/\/api.w.org\/{rel}","templated":true}]}}