{"id":626665,"date":"2025-07-15T01:00:41","date_gmt":"2025-07-15T05:00:41","guid":{"rendered":"https:\/\/diariodominicano.com\/?p=626665"},"modified":"2025-07-15T03:37:08","modified_gmt":"2025-07-15T07:37:08","slug":"presidente-del-senado-dice-estar-dispuesto-a-buscar-consenso-entre-sectores-vinculantes-al-codigo-laboral","status":"publish","type":"post","link":"https:\/\/diariodominicano.com\/?p=626665","title":{"rendered":"Presidente del Senado dice estar dispuesto a buscar consenso entre sectores vinculantes al C\u00f3digo Laboral"},"content":{"rendered":"\n<p><strong>\u201cLa cesant\u00eda no est\u00e1 en discusi\u00f3n y no se tocar\u00e1\u201d, explic\u00f3 el legislador, aunque si cree que podr\u00edan hacerse algunas mejoras al proyecto.<\/strong><\/p>\n\n\n\n<p><strong>Santo Domingo, R.D. &#8211; El presidente del Senado, Ricardo de los Santos, reafirm\u00f3 este lunes su compromiso con la construcci\u00f3n de un C\u00f3digo de Trabajo consensuado y con las mejoras necesarias, tras sostener reuniones con representantes del sector empresarial interesados en la revisi\u00f3n de algunos puntos discrepantes en la propuesta legislativa.<\/strong><\/p>\n\n\n\n<p><strong>\u201cSiempre he dicho que en todo lo que hace el hombre, hay espacio para la mejora\u201d, expres\u00f3 De los Santos, al referirse al proceso de revisi\u00f3n del proyecto.<\/strong><\/p>\n\n\n\n<figure class=\"wp-block-image size-large\"><img loading=\"lazy\" decoding=\"async\" width=\"1024\" height=\"558\" src=\"https:\/\/diariodominicano.com\/wp-content\/uploads\/2025\/07\/Presidente-del-Senado-dice-estar-dispuesto-a-buscar-consenso-entre-sectores-vinculantes-al-Codigo-Laboral-1024x558.jpeg\" alt=\"\" class=\"wp-image-626679\" srcset=\"https:\/\/diariodominicano.com\/wp-content\/uploads\/2025\/07\/Presidente-del-Senado-dice-estar-dispuesto-a-buscar-consenso-entre-sectores-vinculantes-al-Codigo-Laboral-1024x558.jpeg 1024w, https:\/\/diariodominicano.com\/wp-content\/uploads\/2025\/07\/Presidente-del-Senado-dice-estar-dispuesto-a-buscar-consenso-entre-sectores-vinculantes-al-Codigo-Laboral-300x163.jpeg 300w, https:\/\/diariodominicano.com\/wp-content\/uploads\/2025\/07\/Presidente-del-Senado-dice-estar-dispuesto-a-buscar-consenso-entre-sectores-vinculantes-al-Codigo-Laboral-768x418.jpeg 768w, https:\/\/diariodominicano.com\/wp-content\/uploads\/2025\/07\/Presidente-del-Senado-dice-estar-dispuesto-a-buscar-consenso-entre-sectores-vinculantes-al-Codigo-Laboral-816x445.jpeg 816w, https:\/\/diariodominicano.com\/wp-content\/uploads\/2025\/07\/Presidente-del-Senado-dice-estar-dispuesto-a-buscar-consenso-entre-sectores-vinculantes-al-Codigo-Laboral.jpeg 1125w\" sizes=\"auto, (max-width: 1024px) 100vw, 1024px\" \/><\/figure>\n\n\n\n<p><strong>En una reuni\u00f3n en su despacho, junto al senador de La Altagracia, Rafael Duluc, quien lider\u00f3 la Comisi\u00f3n Especial que estudi\u00f3 las modificaciones a la Ley 16-92 que aprueba el C\u00f3digo de Trabajo de la Rep\u00fablica Dominicana, y el senador por Saman\u00e1, Pedro Catrain, refiri\u00f3 que lo que precisamente se busca es un C\u00f3digo lo m\u00e1s consensuado posible y que al final las partes se van a poner de acuerdo.<\/strong><\/p>\n\n\n\n<p><strong>Sobre el sector empresarial dijo que est\u00e1n en una actitud positiva y buena disposici\u00f3n para que algunos temas puedan ser revisados del C\u00f3digo de Trabajo, aprobado en primera discusi\u00f3n en el \u00f3rgano legislativo.<\/strong><\/p>\n\n\n\n<p><strong>\u201cTenemos el espacio para hacer cualquier modificaci\u00f3n que permita una discusi\u00f3n m\u00e1s amplia\u201d, se\u00f1al\u00f3 el legislador.<\/strong><\/p>\n\n\n\n<p><strong>De su lado, el senador Rafael Bar\u00f3n Duluc, explic\u00f3 que este es un proceso democr\u00e1tico, valido y constitucional, por lo que los empresarios, al igual que el sector trabajador, o cualquier instituci\u00f3n, tiene el derecho de presentar propuestas antes de aprobar una iniciativa en segunda lectura.<\/strong><\/p>\n\n\n\n<p><strong>Ricardo de los Santos, adelant\u00f3 que tambi\u00e9n se reunir\u00e1n con representantes del sector laboral, con el prop\u00f3sito de escuchar sus planteamientos y avanzar hacia un consenso que responda a las expectativas de la sociedad dominicana.<\/strong><\/p>\n\n\n\n<p><strong>\u201cEl objetivo es lograr un C\u00f3digo Laboral que refleje el equilibrio entre los derechos adquiridos de los trabajadores y las necesidades de modernizaci\u00f3n del marco legal\u201d, puntualiz\u00f3.<\/strong><\/p>\n\n\n\n<p><strong>Asimismo, aclar\u00f3 que los derechos laborales ya reconocidos no est\u00e1n en discusi\u00f3n, aunque existen varios temas que pueden ser mejorados.<\/strong><\/p>\n\n\n\n<p><strong>El presidente del Senado pidi\u00f3 paciencia a los medios y a la ciudadan\u00eda, indicando que a\u00fan se deben resolver diferencias entre las partes involucradas, ya que hay puntos de disidencia entre el sector patronal y el sector laboral sobre el C\u00f3digo<\/strong><\/p>\n\n\n\n<p><strong>Laboral.<\/strong><\/p>\n\n\n\n<p><strong>Por Graciela Acevedo<\/strong><\/p>\n\n\n\n<p><strong>Senado<\/strong><\/p>\n","protected":false},"excerpt":{"rendered":"<p>\u201cLa cesant\u00eda no est\u00e1 en discusi\u00f3n y no se tocar\u00e1\u201d, explic\u00f3 el legislador, aunque si cree que podr\u00edan hacerse algunas mejoras al proyecto. Santo Domingo, R.D. &#8211; El presidente del Senado, Ricardo de los Santos, reafirm\u00f3 este lunes su compromiso con la construcci\u00f3n de un C\u00f3digo de Trabajo consensuado y con las mejoras necesarias, tras [&hellip;]<\/p>\n","protected":false},"author":7,"featured_media":626678,"comment_status":"closed","ping_status":"closed","sticky":false,"template":"","format":"standard","meta":{"footnotes":""},"categories":[20,22],"tags":[2359],"class_list":["post-626665","post","type-post","status-publish","format-standard","has-post-thumbnail","hentry","category-dominicana-hoy","category-politica","tag-senado"],"_links":{"self":[{"href":"https:\/\/diariodominicano.com\/index.php?rest_route=\/wp\/v2\/posts\/626665","targetHints":{"allow":["GET"]}}],"collection":[{"href":"https:\/\/diariodominicano.com\/index.php?rest_route=\/wp\/v2\/posts"}],"about":[{"href":"https:\/\/diariodominicano.com\/index.php?rest_route=\/wp\/v2\/types\/post"}],"author":[{"embeddable":true,"href":"https:\/\/diariodominicano.com\/index.php?rest_route=\/wp\/v2\/users\/7"}],"replies":[{"embeddable":true,"href":"https:\/\/diariodominicano.com\/index.php?rest_route=%2Fwp%2Fv2%2Fcomments&post=626665"}],"version-history":[{"count":1,"href":"https:\/\/diariodominicano.com\/index.php?rest_route=\/wp\/v2\/posts\/626665\/revisions"}],"predecessor-version":[{"id":626685,"href":"https:\/\/diariodominicano.com\/index.php?rest_route=\/wp\/v2\/posts\/626665\/revisions\/626685"}],"wp:featuredmedia":[{"embeddable":true,"href":"https:\/\/diariodominicano.com\/index.php?rest_route=\/wp\/v2\/media\/626678"}],"wp:attachment":[{"href":"https:\/\/diariodominicano.com\/index.php?rest_route=%2Fwp%2Fv2%2Fmedia&parent=626665"}],"wp:term":[{"taxonomy":"category","embeddable":true,"href":"https:\/\/diariodominicano.com\/index.php?rest_route=%2Fwp%2Fv2%2Fcategories&post=626665"},{"taxonomy":"post_tag","embeddable":true,"href":"https:\/\/diariodominicano.com\/index.php?rest_route=%2Fwp%2Fv2%2Ftags&post=626665"}],"curies":[{"name":"wp","href":"https:\/\/api.w.org\/{rel}","templated":true}]}}