{"id":626577,"date":"2025-07-14T10:03:27","date_gmt":"2025-07-14T14:03:27","guid":{"rendered":"https:\/\/diariodominicano.com\/?p=626577"},"modified":"2025-07-14T10:03:32","modified_gmt":"2025-07-14T14:03:32","slug":"canciller-chino-se-reune-con-homologo-ruso-para-conversar-sobre-cooperacion-en-ocs","status":"publish","type":"post","link":"https:\/\/diariodominicano.com\/?p=626577","title":{"rendered":"Canciller chino se re\u00fane con hom\u00f3logo ruso para conversar sobre cooperaci\u00f3n en OCS"},"content":{"rendered":"\n<p><em>spanish.news.cn<\/em>|<em>&nbsp;2025-07-14 00:39:30<\/em>|<\/p>\n\n\n\n<p>El ministro de Relaciones Exteriores chino, Wang Yi, tambi\u00e9n miembro del Bur\u00f3 Pol\u00edtico del Comit\u00e9 Central del Partido Comunista de China, se re\u00fane con el ministro de Relaciones Exteriores ruso, Sergey Lavrov, en Beijing, capital de China, el 13 de julio de 2025. (Xinhua\/Yan Yan)<\/p>\n\n\n\n<p>BEIJING, 13 jul (Xinhua) &#8212; El ministro de Relaciones Exteriores de China, Wang Yi, se reuni\u00f3 hoy domingo en Beijing con su hom\u00f3logo de Rusia, Sergey Lavrov.<\/p>\n\n\n\n<p>Wang, tambi\u00e9n miembro del Bur\u00f3 Pol\u00edtico del Comit\u00e9 Central del Partido Comunista de China, dio la bienvenida a Lavrov en China para que asista a la Reuni\u00f3n del Consejo de Ministros de Relaciones Exteriores de los Estados Miembros de la Organizaci\u00f3n de Cooperaci\u00f3n de Shanghai (OCS).<\/p>\n\n\n\n<p>China est\u00e1 dispuesta a trabajar con Rusia y otros pa\u00edses miembros para preparar la Cumbre de Tianjin, y promover el desarrollo de la OCS a un nuevo nivel, dijo Wang.<\/p>\n\n\n\n<p>Al mencionar que este a\u00f1o se conmemora el 80\u00b0 aniversario de la victoria de la Guerra de Resistencia del Pueblo Chino contra la Agresi\u00f3n Japonesa, Wang dijo que ambas partes tambi\u00e9n deben sostener una serie de actividades conmemorativas por el aniversario n\u00famero 80 de la victoria en la Segunda Guerra Mundial y salvaguardar la narrativa hist\u00f3rica correcta sobre la misma.<\/p>\n\n\n\n<p>Lavrov expres\u00f3 su disposici\u00f3n para colaborar con China en aras de profundizar la cooperaci\u00f3n en diversos \u00e1mbitos bajo la gu\u00eda estrat\u00e9gica de los dos jefes de Estado, as\u00ed como promover nuevos logros continuos en las relaciones entre Rusia y China.<\/p>\n\n\n\n<p>Rusia seguir\u00e1 apoyando completamente a China en el ejercicio de la presidencia rotatoria de la OCS, el fortalecimiento de la comunicaci\u00f3n y la colaboraci\u00f3n dentro del marco de la OCS y otros, y para garantizar el \u00e9xito completo de la Cumbre de Tianjin, afirm\u00f3 Lavrov.<\/p>\n\n\n\n<p>Ambas partes tambi\u00e9n intercambiaron puntos de vista sobre cuestiones como la pen\u00ednsula de Corea, la crisis de Ucrania y la cuesti\u00f3n nuclear iran\u00ed.<\/p>\n\n\n\n<p><a href=\"https:\/\/www.facebook.com\/sharer\/sharer.php?u=https:\/\/spanish.xinhuanet.com\/20250714\/789215b4498d4db7bbecf8235beaf6d1\/c.html\" target=\"_blank\" rel=\"noreferrer noopener\"><\/a>&nbsp;<a href=\"https:\/\/twitter.com\/intent\/tweet?text=%0A%20%20%20%20%20%20%20%20%20%20%20%20%20%20%20%20%20%20%20%20Canciller%20chino%20se%20re%C3%BAne%20con%20hom%C3%B3logo%20ruso%20para%20conversar%20sobre%20cooperaci%C3%B3n%20en%20OCS%0A%20%20%20%20%20%20%20%20%20%20%20%20%20%20%20%20&amp;url=https:\/\/spanish.xinhuanet.com\/20250714\/789215b4498d4db7bbecf8235beaf6d1\/c.html\" target=\"_blank\" rel=\"noreferrer noopener\"><\/a>&nbsp;<a target=\"_blank\" href=\"https:\/\/service.weibo.com\/share\/share.php?title=%0A%20%20%20%20%20%20%20%20%20%20%20%20%20%20%20%20%20%20%20%20Canciller%20chino%20se%20re%C3%BAne%20con%20hom%C3%B3logo%20ruso%20para%20conversar%20sobre%20cooperaci%C3%B3n%20en%20OCS%0A%20%20%20%20%20%20%20%20%20%20%20%20%20%20%20%20&amp;url=https:\/\/spanish.xinhuanet.com\/20250714\/789215b4498d4db7bbecf8235beaf6d1\/c.html\" rel=\"noreferrer noopener\"><\/a>&nbsp;<a><\/a><\/p>\n\n\n\n<figure class=\"wp-block-image\"><img decoding=\"async\" src=\"https:\/\/imgs.news.cn\/res\/xhwimg\/spanish\/20170522\/img\/jc-xfa.png\" alt=\"\"\/><\/figure>\n","protected":false},"excerpt":{"rendered":"<p>spanish.news.cn|&nbsp;2025-07-14 00:39:30| El ministro de Relaciones Exteriores chino, Wang Yi, tambi\u00e9n miembro del Bur\u00f3 Pol\u00edtico del Comit\u00e9 Central del Partido Comunista de China, se re\u00fane con el ministro de Relaciones Exteriores ruso, Sergey Lavrov, en Beijing, capital de China, el 13 de julio de 2025. (Xinhua\/Yan Yan) BEIJING, 13 jul (Xinhua) &#8212; El ministro de [&hellip;]<\/p>\n","protected":false},"author":2,"featured_media":626578,"comment_status":"closed","ping_status":"closed","sticky":false,"template":"","format":"standard","meta":{"footnotes":""},"categories":[23],"tags":[],"class_list":["post-626577","post","type-post","status-publish","format-standard","has-post-thumbnail","hentry","category-internacional"],"_links":{"self":[{"href":"https:\/\/diariodominicano.com\/index.php?rest_route=\/wp\/v2\/posts\/626577","targetHints":{"allow":["GET"]}}],"collection":[{"href":"https:\/\/diariodominicano.com\/index.php?rest_route=\/wp\/v2\/posts"}],"about":[{"href":"https:\/\/diariodominicano.com\/index.php?rest_route=\/wp\/v2\/types\/post"}],"author":[{"embeddable":true,"href":"https:\/\/diariodominicano.com\/index.php?rest_route=\/wp\/v2\/users\/2"}],"replies":[{"embeddable":true,"href":"https:\/\/diariodominicano.com\/index.php?rest_route=%2Fwp%2Fv2%2Fcomments&post=626577"}],"version-history":[{"count":1,"href":"https:\/\/diariodominicano.com\/index.php?rest_route=\/wp\/v2\/posts\/626577\/revisions"}],"predecessor-version":[{"id":626579,"href":"https:\/\/diariodominicano.com\/index.php?rest_route=\/wp\/v2\/posts\/626577\/revisions\/626579"}],"wp:featuredmedia":[{"embeddable":true,"href":"https:\/\/diariodominicano.com\/index.php?rest_route=\/wp\/v2\/media\/626578"}],"wp:attachment":[{"href":"https:\/\/diariodominicano.com\/index.php?rest_route=%2Fwp%2Fv2%2Fmedia&parent=626577"}],"wp:term":[{"taxonomy":"category","embeddable":true,"href":"https:\/\/diariodominicano.com\/index.php?rest_route=%2Fwp%2Fv2%2Fcategories&post=626577"},{"taxonomy":"post_tag","embeddable":true,"href":"https:\/\/diariodominicano.com\/index.php?rest_route=%2Fwp%2Fv2%2Ftags&post=626577"}],"curies":[{"name":"wp","href":"https:\/\/api.w.org\/{rel}","templated":true}]}}