{"id":626572,"date":"2025-07-14T09:59:40","date_gmt":"2025-07-14T13:59:40","guid":{"rendered":"https:\/\/diariodominicano.com\/?p=626572"},"modified":"2025-07-14T09:59:45","modified_gmt":"2025-07-14T13:59:45","slug":"mas-de-70-mil-ninos-sufren-desnutricion-en-gaza","status":"publish","type":"post","link":"https:\/\/diariodominicano.com\/?p=626572","title":{"rendered":"M\u00e1s de 70 mil ni\u00f1os sufren desnutrici\u00f3n en Gaza"},"content":{"rendered":"\n<p>Ramala, 14 jul (Prensa Latina) M\u00e1s de 70 mil ni\u00f1os sufren desnutrici\u00f3n en la Franja de Gaza, donde aument\u00f3 el n\u00famero de nacimientos prematuros con mutaciones gen\u00e9ticas, denunci\u00f3 hoy una agencia de la ONU.<\/p>\n\n\n\n<ul class=\"wp-block-list\">\n<li><a href=\"https:\/\/www.prensa-latina.cu\/2025\/07\/14\/\"><time>julio 14, 2025 | 03:18<\/time><\/a><\/li>\n<\/ul>\n\n\n\n<ul class=\"wp-block-list\">\n<li><a href=\"https:\/\/www.prensa-latina.cu\/2025\/07\/14\/mas-de-70-mil-ninos-sufren-desnutricion-eh-gaza\/#\"><\/a><\/li>\n\n\n\n<li><a href=\"https:\/\/www.prensa-latina.cu\/2025\/07\/14\/mas-de-70-mil-ninos-sufren-desnutricion-eh-gaza\/#\"><\/a><\/li>\n\n\n\n<li><a href=\"https:\/\/www.prensa-latina.cu\/2025\/07\/14\/mas-de-70-mil-ninos-sufren-desnutricion-eh-gaza\/#\"><\/a><\/li>\n\n\n\n<li><a href=\"https:\/\/www.prensa-latina.cu\/2025\/07\/14\/mas-de-70-mil-ninos-sufren-desnutricion-eh-gaza\/#\"><\/a><\/li>\n<\/ul>\n\n\n\n<p>No hay medicamentos en los hospitales de Gaza y el personal m\u00e9dico est\u00e1 agotado, advirti\u00f3 Adnan Abu Hasna, vocero del Organismo de Obras P\u00fablicas y Socorro de las Naciones Unidas para los Refugiados de Palestina en Oriente Medio (Unrwa).<\/p>\n\n\n\n<p>En declaraciones a la televisora Al Arabiya, el funcionario afirm\u00f3 que el Ej\u00e9rcito israel\u00ed asesin\u00f3 a m\u00e1s de 100 personas diarias en las \u00faltimas jornadas.<\/p>\n\n\n\n<p>\u201cLa escasez de alimentos en Gaza est\u00e1 empujando a los ni\u00f1os al abismo. Sin cuidado urgente, no solo sufrir\u00e1n, podr\u00edan morir\u201d, advirti\u00f3 la instituci\u00f3n en su cuenta en X.<\/p>\n\n\n\n<p>Nuestros equipos contin\u00faan brindando atenci\u00f3n m\u00e9dica all\u00ed, pero los suministros, bloqueados por las autoridades israel\u00edes, se necesitan con urgencia. Tenemos miles de camiones listos para traer ayuda y salvar vidas a Gaza, subray\u00f3.<\/p>\n\n\n\n<p>En la misma red social, el Fondo de Naciones Unidas para la Infancia (Unicef) revel\u00f3 que en junio se diagnosticaron m\u00e1s de cinco mil 800 ni\u00f1os con desnutrici\u00f3n en el territorio, incluidos m\u00e1s de mil que sufren desnutrici\u00f3n aguda grave. La cifra representa un aumento por cuarto mes consecutivo, esta es una emergencia de supervivencia infantil, apunt\u00f3 Unicef.<\/p>\n\n\n\n<p>Ante esa situaci\u00f3n, reclam\u00f3 a Israel finalizar el bloqueo y permitir el ingreso de ayuda \u201ccon rapidez y a gran escala\u201d.<\/p>\n\n\n\n<p>ro\/rob<\/p>\n\n\n\n<ul class=\"wp-block-list\">\n<li>#<a href=\"https:\/\/www.prensa-latina.cu\/etiqueta\/gaza\/\">gaza<\/a>\u00a0#<a href=\"https:\/\/www.prensa-latina.cu\/etiqueta\/israel\/\">Israel<\/a>\u00a0#<a href=\"https:\/\/www.prensa-latina.cu\/etiqueta\/malnutricion\/\">malnutrici\u00f3n<\/a>\u00a0#<a href=\"https:\/\/www.prensa-latina.cu\/etiqueta\/unicef\/\">Unicef<\/a>\u00a0#<a href=\"https:\/\/www.prensa-latina.cu\/etiqueta\/unrwa\/\">Unrwa<\/a><\/li>\n<\/ul>\n","protected":false},"excerpt":{"rendered":"<p>Ramala, 14 jul (Prensa Latina) M\u00e1s de 70 mil ni\u00f1os sufren desnutrici\u00f3n en la Franja de Gaza, donde aument\u00f3 el n\u00famero de nacimientos prematuros con mutaciones gen\u00e9ticas, denunci\u00f3 hoy una agencia de la ONU. No hay medicamentos en los hospitales de Gaza y el personal m\u00e9dico est\u00e1 agotado, advirti\u00f3 Adnan Abu Hasna, vocero del Organismo [&hellip;]<\/p>\n","protected":false},"author":2,"featured_media":626573,"comment_status":"closed","ping_status":"closed","sticky":false,"template":"","format":"standard","meta":{"footnotes":""},"categories":[23],"tags":[],"class_list":["post-626572","post","type-post","status-publish","format-standard","has-post-thumbnail","hentry","category-internacional"],"_links":{"self":[{"href":"https:\/\/diariodominicano.com\/index.php?rest_route=\/wp\/v2\/posts\/626572","targetHints":{"allow":["GET"]}}],"collection":[{"href":"https:\/\/diariodominicano.com\/index.php?rest_route=\/wp\/v2\/posts"}],"about":[{"href":"https:\/\/diariodominicano.com\/index.php?rest_route=\/wp\/v2\/types\/post"}],"author":[{"embeddable":true,"href":"https:\/\/diariodominicano.com\/index.php?rest_route=\/wp\/v2\/users\/2"}],"replies":[{"embeddable":true,"href":"https:\/\/diariodominicano.com\/index.php?rest_route=%2Fwp%2Fv2%2Fcomments&post=626572"}],"version-history":[{"count":1,"href":"https:\/\/diariodominicano.com\/index.php?rest_route=\/wp\/v2\/posts\/626572\/revisions"}],"predecessor-version":[{"id":626574,"href":"https:\/\/diariodominicano.com\/index.php?rest_route=\/wp\/v2\/posts\/626572\/revisions\/626574"}],"wp:featuredmedia":[{"embeddable":true,"href":"https:\/\/diariodominicano.com\/index.php?rest_route=\/wp\/v2\/media\/626573"}],"wp:attachment":[{"href":"https:\/\/diariodominicano.com\/index.php?rest_route=%2Fwp%2Fv2%2Fmedia&parent=626572"}],"wp:term":[{"taxonomy":"category","embeddable":true,"href":"https:\/\/diariodominicano.com\/index.php?rest_route=%2Fwp%2Fv2%2Fcategories&post=626572"},{"taxonomy":"post_tag","embeddable":true,"href":"https:\/\/diariodominicano.com\/index.php?rest_route=%2Fwp%2Fv2%2Ftags&post=626572"}],"curies":[{"name":"wp","href":"https:\/\/api.w.org\/{rel}","templated":true}]}}