{"id":626525,"date":"2025-07-14T01:30:49","date_gmt":"2025-07-14T05:30:49","guid":{"rendered":"https:\/\/diariodominicano.com\/?p=626525"},"modified":"2026-03-30T02:10:26","modified_gmt":"2026-03-30T06:10:26","slug":"enfoque-quimico-del-autismo-1-de-2","status":"publish","type":"post","link":"https:\/\/diariodominicano.com\/?p=626525","title":{"rendered":"Enfoque qu\u00edmico del autismo (1 de 2)"},"content":{"rendered":"\n<p><strong>Por HUMBERTO CONTRERAS VIDAL<\/strong><\/p>\n\n\n\n<p><em>Definiciones y origen del autismo<\/em><\/p>\n\n\n\n<p>El diccionario de la lengua espa\u00f1ola contiene dos definiciones acerca del autismo. Lo define como un repliegue patol\u00f3gico de la personalidad sobre s\u00ed misma. Y tambi\u00e9n, como un trastorno que afecta la comunicaci\u00f3n y a la interacci\u00f3n social, caracterizado por comportamiento de patrones restringidos, repetitivos y estereotipados.<\/p>\n\n\n\n<p>Una consulta a COPILOT, inteligencia artificial (AI) de Microsoft, define el autismo, o trastorno del espectro autista (TEA), como una condici\u00f3n del neurodesarrollo caracterizada por dificultades en la comunicaci\u00f3n social, patrones de comportamiento repetitivo y variabilidad significativa en habilidades cognitivas y sensoriales.<\/p>\n\n\n\n<p>La misma AI se\u00f1ala que el origen del autismo es complejo y multifactorial, y la ciencia actual lo entiende como&nbsp;&nbsp;&nbsp; el resultado de una interacci\u00f3n entre factores gen\u00e9ticos, epigen\u00e9ticos y ambientales. Multifactorial significa que el origen del autismo tiene diferentes causas y en la actualidad sigue siendo un tema cient\u00edficamente complejo poder asegurar por qu\u00e9 espec\u00edficamente un ni\u00f1o es autista.<\/p>\n\n\n\n<p><em>Introducci\u00f3n del t\u00e9rmino \u201cautismo\u201d<\/em><\/p>\n\n\n\n<p>El t\u00e9rmino \u201cautismo\u201d comenz\u00f3 a utilizarse en el \u00e1mbito de la medicina en el a\u00f1o 1912 y su introducci\u00f3n se le atribuye al psiquiatra suizo Paul Eugen Bleuler. Sin embargo, se recuerda que en el \u00e1mbito popular dominicano y en la d\u00e9cada de los 80, era extra\u00f1o que se hablara del autismo.<\/p>\n\n\n\n<p>Particularmente recuerdo mis a\u00f1os escolares en los que hab\u00eda ni\u00f1os muy inquietos y jodones que los maestros no lo aguantaban en las aulas. Por lo regular, se dec\u00eda \u201cese ni\u00f1o no es normal\u201d.<\/p>\n\n\n\n<p>Todos los ni\u00f1os que no se adaptaban al grupo eran catalogados como que ten\u00edan problemas mentales, \u201csin ning\u00fan apellido\u201d. No recuerdo que se dijera que ese ni\u00f1o era autista. Y s\u00ed era com\u00fan decir: es atrasado o retrasado, mudo o no habla, loco o medio loco, tonto o especial o inquieto; en general, era un infante con alg\u00fan tipo de problema que con el avance de la ciencia posteriormente ha sido clasificado con un nombre de trastorno espec\u00edfico.<\/p>\n\n\n\n<p><em>\u00bfEl autista nace o se hace?&nbsp;&nbsp;&nbsp;&nbsp;&nbsp;&nbsp;<\/em><\/p>\n\n\n\n<p>Los factores gen\u00e9ticos implican que se nace con autismo. Y los factores epigen\u00e9ticos se corresponden m\u00e1s con que el ni\u00f1o se hace autista despu\u00e9s de nacer. Esto significa que el autista nace y\/o se hace. El fen\u00f3meno ocurre esencialmente durante la gestaci\u00f3n de la madre y\/o los primeros meses de nacido el individuo.<\/p>\n\n\n\n<p><em>Es imposible entender y tratar efectivamente el autismo al margen de la qu\u00edmica&nbsp;<\/em><\/p>\n\n\n\n<p>Todas las ideas anteriores est\u00e1n estrechamente vinculadas con el \u00e1cido desoxirribonucleico (ADN), el cual es una mol\u00e9cula qu\u00edmica gigante necesaria para el desarrollo, funcionamiento, crecimiento y reproducci\u00f3n de todos los organismos vivos.<\/p>\n\n\n\n<p>La epigen\u00e9tica estudia c\u00f3mo el ambiente puede modificar la expresi\u00f3n de los genes, recuerde que los genes son una parte del ADN.<\/p>\n\n\n\n<p>Cuando los genes modifican su expresi\u00f3n pueden activarse o desactivarse, y esto provoca que ejecuten o dejen de ejecutar sus funciones.<\/p>\n\n\n\n<p>El autismo se genera justo en el momento en que se suspenden algunos procesos metab\u00f3licos (reacciones qu\u00edmicas) que evitan que el cerebro se desarrolle con normalidad. Esto ocurre cuando el ADN o, expresiones g\u00e9nicas particulares no cumplen con su funci\u00f3n de proporcionar las sustancias qu\u00edmicas que el cerebro necesita en ese momento.<\/p>\n\n\n\n<p>(Continuar\u00e1\u2026)<\/p>\n\n\n\n<p>El autor es doctor en ciencias qu\u00edmicas, residente en Santiago de los Caballeros.&nbsp;<a href=\"mailto:huco71@gmail.com\" target=\"_blank\" rel=\"noreferrer noopener\">huco71@gmail.com<\/a><\/p>\n\n\n\n<p>#Autismo\u2003\u2003\u2003\u2003 #Enfoque Qu\u00edmico <\/p>\n","protected":false},"excerpt":{"rendered":"<p>Por HUMBERTO CONTRERAS VIDAL Definiciones y origen del autismo El diccionario de la lengua espa\u00f1ola contiene dos definiciones acerca del autismo. Lo define como un repliegue patol\u00f3gico de la personalidad sobre s\u00ed misma. Y tambi\u00e9n, como un trastorno que afecta la comunicaci\u00f3n y a la interacci\u00f3n social, caracterizado por comportamiento de patrones restringidos, repetitivos y [&hellip;]<\/p>\n","protected":false},"author":2,"featured_media":496597,"comment_status":"closed","ping_status":"closed","sticky":false,"template":"","format":"standard","meta":{"footnotes":""},"categories":[36,19,16],"tags":[182],"class_list":["post-626525","post","type-post","status-publish","format-standard","has-post-thumbnail","hentry","category-hombresmujeresycosas","category-mi-voz","category-opiniones","tag-humberto-contreras-vidal"],"_links":{"self":[{"href":"https:\/\/diariodominicano.com\/index.php?rest_route=\/wp\/v2\/posts\/626525","targetHints":{"allow":["GET"]}}],"collection":[{"href":"https:\/\/diariodominicano.com\/index.php?rest_route=\/wp\/v2\/posts"}],"about":[{"href":"https:\/\/diariodominicano.com\/index.php?rest_route=\/wp\/v2\/types\/post"}],"author":[{"embeddable":true,"href":"https:\/\/diariodominicano.com\/index.php?rest_route=\/wp\/v2\/users\/2"}],"replies":[{"embeddable":true,"href":"https:\/\/diariodominicano.com\/index.php?rest_route=%2Fwp%2Fv2%2Fcomments&post=626525"}],"version-history":[{"count":2,"href":"https:\/\/diariodominicano.com\/index.php?rest_route=\/wp\/v2\/posts\/626525\/revisions"}],"predecessor-version":[{"id":626536,"href":"https:\/\/diariodominicano.com\/index.php?rest_route=\/wp\/v2\/posts\/626525\/revisions\/626536"}],"wp:featuredmedia":[{"embeddable":true,"href":"https:\/\/diariodominicano.com\/index.php?rest_route=\/wp\/v2\/media\/496597"}],"wp:attachment":[{"href":"https:\/\/diariodominicano.com\/index.php?rest_route=%2Fwp%2Fv2%2Fmedia&parent=626525"}],"wp:term":[{"taxonomy":"category","embeddable":true,"href":"https:\/\/diariodominicano.com\/index.php?rest_route=%2Fwp%2Fv2%2Fcategories&post=626525"},{"taxonomy":"post_tag","embeddable":true,"href":"https:\/\/diariodominicano.com\/index.php?rest_route=%2Fwp%2Fv2%2Ftags&post=626525"}],"curies":[{"name":"wp","href":"https:\/\/api.w.org\/{rel}","templated":true}]}}