{"id":626254,"date":"2025-07-13T01:32:45","date_gmt":"2025-07-13T05:32:45","guid":{"rendered":"https:\/\/diariodominicano.com\/?p=626254"},"modified":"2025-07-13T02:05:05","modified_gmt":"2025-07-13T06:05:05","slug":"danilo-el-pais-esta-listo-para-que-el-pld-retome-el-gobierno-en-2028","status":"publish","type":"post","link":"https:\/\/diariodominicano.com\/?p=626254","title":{"rendered":"Danilo: el pa\u00eds est\u00e1 listo para que el PLD retome el gobierno en 2028"},"content":{"rendered":"\n<p><em>Danilo Medina&nbsp;&nbsp;\u201cEl entusiasmo y la euforia del pueblo muestran claramente que la gente entendi\u00f3 su error en 2020 y 2024 y se&nbsp;&nbsp;est\u00e1 preparando para cambiar el cambio\u201d<\/em><\/p>\n\n\n\n<p>El expresidente Danilo Medina, presidente del Partido de la Liberaci\u00f3n Dominicana (PLD), asegur\u00f3 que la poblaci\u00f3n dominicana ya se ha dado cuenta del error cometido en los comicios pasados y est\u00e1 preparada para devolver al PLD al poder en 2028.<\/p>\n\n\n\n<p>Medina hizo estas declaraciones al concluir una multitudinaria Asamblea de Dirigentes celebrada este s\u00e1bado en Puerto Plata.<\/p>\n\n\n\n<figure class=\"wp-block-image size-large\"><img loading=\"lazy\" decoding=\"async\" width=\"1024\" height=\"576\" src=\"https:\/\/diariodominicano.com\/wp-content\/uploads\/2025\/07\/Danilo-el-pais-esta-listo-para-que-el-PLD-retome-el-gobiern-1024x576.jpg\" alt=\"\" class=\"wp-image-626266\" srcset=\"https:\/\/diariodominicano.com\/wp-content\/uploads\/2025\/07\/Danilo-el-pais-esta-listo-para-que-el-PLD-retome-el-gobiern-1024x576.jpg 1024w, https:\/\/diariodominicano.com\/wp-content\/uploads\/2025\/07\/Danilo-el-pais-esta-listo-para-que-el-PLD-retome-el-gobiern-300x169.jpg 300w, https:\/\/diariodominicano.com\/wp-content\/uploads\/2025\/07\/Danilo-el-pais-esta-listo-para-que-el-PLD-retome-el-gobiern-768x432.jpg 768w, https:\/\/diariodominicano.com\/wp-content\/uploads\/2025\/07\/Danilo-el-pais-esta-listo-para-que-el-PLD-retome-el-gobiern-1536x864.jpg 1536w, https:\/\/diariodominicano.com\/wp-content\/uploads\/2025\/07\/Danilo-el-pais-esta-listo-para-que-el-PLD-retome-el-gobiern-2048x1152.jpg 2048w, https:\/\/diariodominicano.com\/wp-content\/uploads\/2025\/07\/Danilo-el-pais-esta-listo-para-que-el-PLD-retome-el-gobiern-816x459.jpg 816w\" sizes=\"auto, (max-width: 1024px) 100vw, 1024px\" \/><\/figure>\n\n\n\n<p>En referencia al ambiente pol\u00edtico actual, Medina asegur\u00f3 que lo que se est\u00e1 viendo en las calles de la Rep\u00fablica Dominicana es el entusiasmo de la gente por el PLD y la esperanza de que el partido fundado por Juan Bosch vuelva a gobernar el pa\u00eds.&nbsp;<\/p>\n\n\n\n<p>\u201cEstas asambleas que estamos realizando en todo el territorio nacional sirven para ratificar lo que se est\u00e1 sintiendo en todo el pa\u00eds. El entusiasmo de este encuentro es lo que se escucha en las calles de Puerto Plata y todo el pa\u00eds, que con el PLD se viv\u00eda mejor, dijo Danilo Medina&nbsp;&nbsp;al inicio de las palabras centrales de la actividad que inici\u00f3 minutos despu\u00e9s de las 4.00 de la tarde y concluy\u00f3 a las 5.50 minutos.<\/p>\n\n\n\n<p>Fue justo despu\u00e9s de destacar esa apreciaci\u00f3n de las mujeres y hombres del pueblo que el Presidente del PLD apunt\u00f3 \u201cque la gente se est\u00e1 preparando para cambiar el cambio en el 2028. Trabajamos para que eso ocurra para que se acaben las promesas y regresemos a los hechos concretos\u201d, apunt\u00f3&nbsp;&nbsp;&nbsp;&nbsp;&nbsp;<\/p>\n\n\n\n<p>En la respuesta a los periodistas de Puerto Plata dijo en la asamblea realizada all\u00ed el entusiasmo, la euforia era desbordante&nbsp;&nbsp;que demuestra \u201cque la gente entendi\u00f3 que se equivoc\u00f3 en el a\u00f1o 2020 y se volvi\u00f3 a equivocar en el 2024, pero ahora est\u00e1 preparada, desde ya, para que el PLD vuelva a gobernar a la Rep\u00fablica Dominicana para bien de los dominicanos y las dominicanas\u201d, precis\u00f3 el exmandatario.<\/p>\n\n\n\n<p>En su discurso dijo tambi\u00e9n que ya el PLD, como partido&nbsp;&nbsp;est\u00e1&nbsp;&nbsp;compitiendo&nbsp;&nbsp;por el primer lugar en las mediciones del escenario pol\u00edtico \u2013 electoral.&nbsp;&nbsp;<\/p>\n\n\n\n<p>Consultado sobre la posible aprobaci\u00f3n de candidaturas independientes, Medina record\u00f3 que el PLD ha respaldado formalmente la propuesta legislativa sobre este tema;&nbsp;&nbsp;\u201cEl PLD es parte del proyecto de Ley que se present\u00f3 al Congreso para regular la presentaci\u00f3n de las candidaturas independientes. Si ese proyecto fuese aprobado, entonces no tendr\u00edamos ninguna objeci\u00f3n para que puedan existir en el futuro candidaturas independientes, siempre que se establezcan reglas claras y un marco definido en el que deben descansar estas candidaturas\u201d, explic\u00f3.<\/p>\n\n\n\n<p>En otro orden, al ser consultado por periodistas, el expresidente tambi\u00e9n abord\u00f3 la cuesti\u00f3n haitiana, destacando la importancia de la unidad pol\u00edtica nacional frente a esta problem\u00e1tica.<\/p>\n\n\n\n<p>\u201cLo que acordamos, en principio,&nbsp;&nbsp;haciendo referencia al Di\u00e1logo sobre la Crisis Haitiana,&nbsp;&nbsp;es que el liderazgo pol\u00edtico del pa\u00eds se reuniera para presentar ante la comunidad internacional demandas conjuntas, de modo que la Rep\u00fablica Dominicana hable con una sola voz ante el complejo problema de Hait\u00ed\u201d, puntualiz\u00f3 Danilo Medina.<\/p>\n\n\n\n<p><strong>Curso de la Asamblea<\/strong><\/p>\n\n\n\n<p>Junto al Presidente Danilo Medina, quien con su palabra cerr\u00f3 el encuentro,&nbsp;&nbsp;particip\u00f3 en la l\u00ednea de direcci\u00f3n de la asamblea Johnny Pujols, secretario general del PLD, Zoraima Cuello, Vice Presidenta,&nbsp;&nbsp;Emelania Cid, Presidenta Provincial, Jos\u00e9 Ram\u00f3n Dur\u00e1n, Presidente Municipal, Nelson S\u00e1nchez, Enlace, el ex alcalde Walter Musa, la diputada Heidy Musa , Onesimo Reyes Cesar Pe\u00f1a, F\u00e9lix Castillo y Martha Mart\u00ednez, de la direcci\u00f3n del PLD en la provincia.&nbsp;&nbsp;<\/p>\n\n\n\n<p>Una comisi\u00f3n del Comit\u00e9 Pol\u00edtico del PLD acompa\u00f1\u00f3 a Danilo Medina y Johnny Pujols en este encuentro dominado por la alegr\u00eda y entusiasmo entre ellos, Gustavo S\u00e1nchez, vocero de los Diputados del PLD, Radham\u00e9s Camacho, Domingo Jim\u00e9nez, Lucia Medina, Miriam Cabral, Mayobanex Escoto, Sim\u00f3n Liardo, Francisco Dom\u00ednguez Brito y H\u00e9ctor Olivo.<\/p>\n\n\n\n<p>La asamblea inici\u00f3 con la bendici\u00f3n del encuentro a cargo de la profesora Josefina Vivil\u00ed Parra, luego las palabras de bienvenida a cargo del presidente Municipal&nbsp;&nbsp;Jos\u00e9 Ram\u00f3n Duran y la Presidenta Provincial Emelania Cid.<\/p>\n\n\n\n<p>Dur\u00e1n y Cid fueron cr\u00edticos al destacar el abandono en que el actual Gobierno ha sumido a Puerto Plata, en contraste con la atenci\u00f3n y la inversi\u00f3n en obras infraestructuras y acciones sociales del Gobierno del PLD y del Presidente, Danilo Medina.<\/p>\n\n\n\n<p>Johnny Pujols, secretario general, en sus palabras destac\u00f3 los avances alcanzado por el PLD en su meta de refundaci\u00f3n puesta en pr\u00e1ctica con la ejecuci\u00f3n de la nueva L\u00ednea Organizativa y Electoral, tema que tambi\u00e9n fue abordado por el Presidente Danilo Medina para invitar a los presentes a doblar el trabajo, desde ahora alrededor de los recintos y colegios electorales para garantizar el triunfo que desde ya adelantan los electores, porque se hizo una gesti\u00f3n que prometi\u00f3 y cumpli\u00f3 y la gente cree en quien promete y cumple&nbsp;&nbsp;<\/p>\n\n\n\n<p>La&nbsp;&nbsp;Asamblea celebrada en Puerto Plata confirm\u00f3 la solidez organizativa y fortaleza del PLD en la provincia y la regi\u00f3n,&nbsp;&nbsp;donde cientos de dirigentes altos, medios y de base se dieron cita para afinar estrategias y reiterar su compromiso de trabajar por el retorno del partido morado al Palacio Nacional en las pr\u00f3ximas elecciones presidenciales.<\/p>\n\n\n\n<p><strong>SECRETAR\u00cdA DE COMUNICACIONES<\/strong><\/p>\n","protected":false},"excerpt":{"rendered":"<p>Danilo Medina&nbsp;&nbsp;\u201cEl entusiasmo y la euforia del pueblo muestran claramente que la gente entendi\u00f3 su error en 2020 y 2024 y se&nbsp;&nbsp;est\u00e1 preparando para cambiar el cambio\u201d El expresidente Danilo Medina, presidente del Partido de la Liberaci\u00f3n Dominicana (PLD), asegur\u00f3 que la poblaci\u00f3n dominicana ya se ha dado cuenta del error cometido en los comicios [&hellip;]<\/p>\n","protected":false},"author":7,"featured_media":626302,"comment_status":"closed","ping_status":"closed","sticky":false,"template":"","format":"standard","meta":{"footnotes":""},"categories":[22],"tags":[175],"class_list":["post-626254","post","type-post","status-publish","format-standard","has-post-thumbnail","hentry","category-politica","tag-pld"],"_links":{"self":[{"href":"https:\/\/diariodominicano.com\/index.php?rest_route=\/wp\/v2\/posts\/626254","targetHints":{"allow":["GET"]}}],"collection":[{"href":"https:\/\/diariodominicano.com\/index.php?rest_route=\/wp\/v2\/posts"}],"about":[{"href":"https:\/\/diariodominicano.com\/index.php?rest_route=\/wp\/v2\/types\/post"}],"author":[{"embeddable":true,"href":"https:\/\/diariodominicano.com\/index.php?rest_route=\/wp\/v2\/users\/7"}],"replies":[{"embeddable":true,"href":"https:\/\/diariodominicano.com\/index.php?rest_route=%2Fwp%2Fv2%2Fcomments&post=626254"}],"version-history":[{"count":1,"href":"https:\/\/diariodominicano.com\/index.php?rest_route=\/wp\/v2\/posts\/626254\/revisions"}],"predecessor-version":[{"id":626280,"href":"https:\/\/diariodominicano.com\/index.php?rest_route=\/wp\/v2\/posts\/626254\/revisions\/626280"}],"wp:featuredmedia":[{"embeddable":true,"href":"https:\/\/diariodominicano.com\/index.php?rest_route=\/wp\/v2\/media\/626302"}],"wp:attachment":[{"href":"https:\/\/diariodominicano.com\/index.php?rest_route=%2Fwp%2Fv2%2Fmedia&parent=626254"}],"wp:term":[{"taxonomy":"category","embeddable":true,"href":"https:\/\/diariodominicano.com\/index.php?rest_route=%2Fwp%2Fv2%2Fcategories&post=626254"},{"taxonomy":"post_tag","embeddable":true,"href":"https:\/\/diariodominicano.com\/index.php?rest_route=%2Fwp%2Fv2%2Ftags&post=626254"}],"curies":[{"name":"wp","href":"https:\/\/api.w.org\/{rel}","templated":true}]}}