{"id":626210,"date":"2025-07-12T18:39:43","date_gmt":"2025-07-12T22:39:43","guid":{"rendered":"https:\/\/diariodominicano.com\/?p=626210"},"modified":"2025-07-12T18:39:45","modified_gmt":"2025-07-12T22:39:45","slug":"cncp-rechaza-modificacion-al-codigo-de-trabajo-por-romper-el-consenso-tripartito-y-afectar-a-las-mipymes","status":"publish","type":"post","link":"https:\/\/diariodominicano.com\/?p=626210","title":{"rendered":"CNCP rechaza modificaci\u00f3n al C\u00f3digo de Trabajo por romper el consenso tripartito y afectar a las Mipymes"},"content":{"rendered":"\n<p>SANTO DOMINGO- El presidente del Consejo Nacional del Comercio en Provisiones (CNCP) Alberto Leroux, rechaz\u00f3 el proyecto de reforma laboral aprobado en primera lectura por el Senado.<\/p>\n\n\n\n<p>Leroux, considera que la pieza desconoce los consensos alcanzados durante 13 a\u00f1os de di\u00e1logo tripartito entre empleadores, trabajadores y el Estado.<\/p>\n\n\n\n<p>Advierte que el texto aprobado introduce medidas que afectan gravemente a las micro, peque\u00f1as y medianas empresas (Mipymes), pilares del empleo y la econom\u00eda nacional.<\/p>\n\n\n\n<p>El presidente del CNCP asegur\u00f3 que entre los puntos m\u00e1s preocupantes se destacan: el aumento significativo de los costos operativos, la eliminaci\u00f3n de la conciliaci\u00f3n previa en conflictos laborales, mayor incertidumbre jur\u00eddica e impacto negativo en la inversi\u00f3n y est\u00edmulo a la informalidad laboral, m\u00e1s del 55 % de la fuerza laboral ya se encuentra en la econom\u00eda informal.<\/p>\n\n\n\n<p>\u201cEl proyecto aprobado representa un retroceso. Las Mipymes quedar\u00edan asfixiadas por nuevas cargas, y se rompe con el esfuerzo conjunto de m\u00e1s de una d\u00e9cada de trabajo consensuado\u201d, afirm\u00f3 Alberto Leroux.<\/p>\n\n\n\n<p>Reiter\u00f3 su compromiso con una reforma laboral moderna, t\u00e9cnica y participativa e hizo un llamado al Congreso y al Poder Ejecutivo a retomar el di\u00e1logo tripartito, por el bienestar del pa\u00eds y su desarrollo sostenible.<\/p>\n\n\n\n<p>Nelson Feliz <a href=\"mailto:atentord.com@gmail.com\">atentord.com@gmail.com<\/a> &nbsp;<\/p>\n","protected":false},"excerpt":{"rendered":"<p>SANTO DOMINGO- El presidente del Consejo Nacional del Comercio en Provisiones (CNCP) Alberto Leroux, rechaz\u00f3 el proyecto de reforma laboral aprobado en primera lectura por el Senado. Leroux, considera que la pieza desconoce los consensos alcanzados durante 13 a\u00f1os de di\u00e1logo tripartito entre empleadores, trabajadores y el Estado. Advierte que el texto aprobado introduce medidas [&hellip;]<\/p>\n","protected":false},"author":7,"featured_media":626232,"comment_status":"closed","ping_status":"closed","sticky":false,"template":"","format":"standard","meta":{"footnotes":""},"categories":[36],"tags":[2404,2023],"class_list":["post-626210","post","type-post","status-publish","format-standard","has-post-thumbnail","hentry","category-hombresmujeresycosas","tag-cncp","tag-mipymes"],"_links":{"self":[{"href":"https:\/\/diariodominicano.com\/index.php?rest_route=\/wp\/v2\/posts\/626210","targetHints":{"allow":["GET"]}}],"collection":[{"href":"https:\/\/diariodominicano.com\/index.php?rest_route=\/wp\/v2\/posts"}],"about":[{"href":"https:\/\/diariodominicano.com\/index.php?rest_route=\/wp\/v2\/types\/post"}],"author":[{"embeddable":true,"href":"https:\/\/diariodominicano.com\/index.php?rest_route=\/wp\/v2\/users\/7"}],"replies":[{"embeddable":true,"href":"https:\/\/diariodominicano.com\/index.php?rest_route=%2Fwp%2Fv2%2Fcomments&post=626210"}],"version-history":[{"count":1,"href":"https:\/\/diariodominicano.com\/index.php?rest_route=\/wp\/v2\/posts\/626210\/revisions"}],"predecessor-version":[{"id":626233,"href":"https:\/\/diariodominicano.com\/index.php?rest_route=\/wp\/v2\/posts\/626210\/revisions\/626233"}],"wp:featuredmedia":[{"embeddable":true,"href":"https:\/\/diariodominicano.com\/index.php?rest_route=\/wp\/v2\/media\/626232"}],"wp:attachment":[{"href":"https:\/\/diariodominicano.com\/index.php?rest_route=%2Fwp%2Fv2%2Fmedia&parent=626210"}],"wp:term":[{"taxonomy":"category","embeddable":true,"href":"https:\/\/diariodominicano.com\/index.php?rest_route=%2Fwp%2Fv2%2Fcategories&post=626210"},{"taxonomy":"post_tag","embeddable":true,"href":"https:\/\/diariodominicano.com\/index.php?rest_route=%2Fwp%2Fv2%2Ftags&post=626210"}],"curies":[{"name":"wp","href":"https:\/\/api.w.org\/{rel}","templated":true}]}}