{"id":626209,"date":"2025-07-12T18:32:10","date_gmt":"2025-07-12T22:32:10","guid":{"rendered":"https:\/\/diariodominicano.com\/?p=626209"},"modified":"2025-07-12T18:32:47","modified_gmt":"2025-07-12T22:32:47","slug":"nadadores-dominicanos-en-el-campamento-de-panam-sports","status":"publish","type":"post","link":"https:\/\/diariodominicano.com\/?p=626209","title":{"rendered":"Nadadores dominicanos en el Campamento de Panam Sports"},"content":{"rendered":"\n<p>SANTO DOMINGO.- En estos momentos una delegaci\u00f3n de la Federaci\u00f3n Dominicana de Deportes Acu\u00e1ticos RD (Fedda)&nbsp;,&nbsp;se encuentra en un campamento de carreras de nataci\u00f3n auspiciado por Panam Sports,&nbsp;el&nbsp;Comit\u00e9&nbsp;O&nbsp;l\u00edmpico Paraguay&nbsp;,&nbsp;y con el apoyo del&nbsp;Comit\u00e9&nbsp;O&nbsp;l\u00edmpico Dominicano.<\/p>\n\n\n\n<p>La delegaci\u00f3n criolla est\u00e1 conformada por los atletas Darielys Ortiz, Cristian Ramos y Mauricio Arias, todos clasificados a los Juegos Panamericanos Juniors, a celebrarse en Asunci\u00f3n, Paraguay en este 2025.<\/p>\n\n\n\n<p>La delegaci\u00f3n dominicana est\u00e1 acompa\u00f1ada por el entrenador nacional de nataci\u00f3n, Henry Reyes. La misma est\u00e1&nbsp;\u00e1 desde&nbsp;el 6 de julio y hasta el 13, inform\u00f3 el presidente de la Fedda, Radham\u00e9s Tav\u00e1rez.<\/p>\n\n\n\n<p>El presidente de la Fedda dio las gracias a Panam Sports por la oportunidad dada a los atletas dominicanos en tan importante evento, para foguearse y prepararse para los Panamericanos Juniors.<\/p>\n\n\n\n<p>Tav\u00e1rez felicit\u00f3 a Darielys Ortiz, quien gan\u00f3 el primer lugar en los 100 metros libres, con tiempo de 1.00.10, en una competencia realizada dentro del campamento, en Paraguay.<\/p>\n\n\n\n<p>Federacion de Natacion <a href=\"mailto:federaciondenatacion2019@gmail.com\">federaciondenatacion2019@gmail.com<\/a><\/p>\n","protected":false},"excerpt":{"rendered":"<p>SANTO DOMINGO.- En estos momentos una delegaci\u00f3n de la Federaci\u00f3n Dominicana de Deportes Acu\u00e1ticos RD (Fedda)&nbsp;,&nbsp;se encuentra en un campamento de carreras de nataci\u00f3n auspiciado por Panam Sports,&nbsp;el&nbsp;Comit\u00e9&nbsp;O&nbsp;l\u00edmpico Paraguay&nbsp;,&nbsp;y con el apoyo del&nbsp;Comit\u00e9&nbsp;O&nbsp;l\u00edmpico Dominicano. La delegaci\u00f3n criolla est\u00e1 conformada por los atletas Darielys Ortiz, Cristian Ramos y Mauricio Arias, todos clasificados a los Juegos Panamericanos [&hellip;]<\/p>\n","protected":false},"author":7,"featured_media":626228,"comment_status":"closed","ping_status":"closed","sticky":false,"template":"","format":"standard","meta":{"footnotes":""},"categories":[17],"tags":[],"class_list":["post-626209","post","type-post","status-publish","format-standard","has-post-thumbnail","hentry","category-deportes"],"_links":{"self":[{"href":"https:\/\/diariodominicano.com\/index.php?rest_route=\/wp\/v2\/posts\/626209","targetHints":{"allow":["GET"]}}],"collection":[{"href":"https:\/\/diariodominicano.com\/index.php?rest_route=\/wp\/v2\/posts"}],"about":[{"href":"https:\/\/diariodominicano.com\/index.php?rest_route=\/wp\/v2\/types\/post"}],"author":[{"embeddable":true,"href":"https:\/\/diariodominicano.com\/index.php?rest_route=\/wp\/v2\/users\/7"}],"replies":[{"embeddable":true,"href":"https:\/\/diariodominicano.com\/index.php?rest_route=%2Fwp%2Fv2%2Fcomments&post=626209"}],"version-history":[{"count":1,"href":"https:\/\/diariodominicano.com\/index.php?rest_route=\/wp\/v2\/posts\/626209\/revisions"}],"predecessor-version":[{"id":626229,"href":"https:\/\/diariodominicano.com\/index.php?rest_route=\/wp\/v2\/posts\/626209\/revisions\/626229"}],"wp:featuredmedia":[{"embeddable":true,"href":"https:\/\/diariodominicano.com\/index.php?rest_route=\/wp\/v2\/media\/626228"}],"wp:attachment":[{"href":"https:\/\/diariodominicano.com\/index.php?rest_route=%2Fwp%2Fv2%2Fmedia&parent=626209"}],"wp:term":[{"taxonomy":"category","embeddable":true,"href":"https:\/\/diariodominicano.com\/index.php?rest_route=%2Fwp%2Fv2%2Fcategories&post=626209"},{"taxonomy":"post_tag","embeddable":true,"href":"https:\/\/diariodominicano.com\/index.php?rest_route=%2Fwp%2Fv2%2Ftags&post=626209"}],"curies":[{"name":"wp","href":"https:\/\/api.w.org\/{rel}","templated":true}]}}