{"id":626099,"date":"2025-07-12T01:02:18","date_gmt":"2025-07-12T05:02:18","guid":{"rendered":"https:\/\/diariodominicano.com\/?p=626099"},"modified":"2025-07-12T01:02:20","modified_gmt":"2025-07-12T05:02:20","slug":"corte-mantiene-en-prision-a-dos-mujeres-que-encabezaban-red-de-estafa-electronica-de-caracter-inmobiliario","status":"publish","type":"post","link":"https:\/\/diariodominicano.com\/?p=626099","title":{"rendered":"Corte mantiene en prisi\u00f3n a dos mujeres que encabezaban red de estafa electr\u00f3nica de car\u00e1cter inmobiliario"},"content":{"rendered":"\n<p>SANTO DOMINGO (Rep\u00fablica Dominicana).- A solicitud de la Procuradur\u00eda Especializada contra el Lavado de Activos y el Financiamiento del Terrorismo y la Fiscal\u00eda de La Romana, un tribunal confirm\u00f3 la prisi\u00f3n preventiva de 18 meses impuesta a Roc\u00edo del Alba Rodr\u00edguez de Moya y Marisol Nova Nolasco, principales cabecillas de una red de estafa electr\u00f3nica de car\u00e1cter inmobiliario.<\/p>\n\n\n\n<p>La Corte de Apelaci\u00f3n del Departamento Judicial de San Pedro de Macor\u00eds, presidida por el magistrado Glass Guti\u00e9rrez, tras rechazar un recurso de apelaci\u00f3n interpuesto por las imputadas, confirm\u00f3 en todas sus partes la decisi\u00f3n dictada por la Oficina Judicial de Servicios de Atenci\u00f3n Permanente del Distrito Judicial de La Romana que el pasado 25 de febrero le impuso la medida privativa de libertad.<\/p>\n\n\n\n<p>Rodr\u00edguez de Moya y Nova Nolasco cumplen prisi\u00f3n preventiva en el CCR Najayo Mujeres, en la provincia San Crist\u00f3bal.<\/p>\n\n\n\n<p>Igualmente, Yves Alexandre Giroux, principal cabecilla de la red, cumple la misma medida de prisi\u00f3n preventiva en el Centro de Correcci\u00f3n y Rehabilitaci\u00f3n (CCR) de San Pedro de Macor\u00eds. En la audiencia para la revisi\u00f3n obligatoria de la coerci\u00f3n a dicho imputado, el pr\u00f3ximo 5 de agosto, el Ministerio P\u00fablico tambi\u00e9n pedir\u00e1 que le sea confirmada la medida privativa de libertad.<\/p>\n\n\n\n<p>Giroux encabezaba la estructura junto a Loany Ortiz, quien se encuentra a\u00fan detenida en Bogot\u00e1, enfrentando el proceso de extradici\u00f3n requerido por el Ministerio P\u00fablico dominicano y se espera que sea enviado lo antes posible al pa\u00eds, para que responda por sus hechos.<\/p>\n\n\n\n<p>El grupo criminal se dedicaba a promocionar proyectos inmobiliarios, atrayendo compradores de Rep\u00fablica Dominicana, Puerto Rico, Estados Unidos y Europa, a trav\u00e9s de la promoci\u00f3n de RE\/MAX, una empresa internacional conocida.<\/p>\n\n\n\n<p>En el transcurso de la investigaci\u00f3n se ha establecido que los miembros de la organizaci\u00f3n delictiva recibieron la suma de US$ 18,851,583.12, adem\u00e1s de que han sido incautados bienes inmuebles en Santo Domingo Este, Distrito Nacional, La Romana y La Altagracia, donde se secuestraron veh\u00edculos de alta gama, aparatos electr\u00f3nicos y documentaci\u00f3n relevante.<\/p>\n\n\n\n<p>El Ministerio P\u00fablico ha indicado que el accionar de estos malhechores constituye una violaci\u00f3n a los art\u00edculos 405, 265 y 266 del C\u00f3digo Penal Dominicano, 15 de la Ley 53-07 sobre Cr\u00edmenes y Delitos de Alta Tecnolog\u00eda y la Ley 155-17, sobre Lavado de Activos y Financiamiento del Terrorismo.<\/p>\n\n\n\n<p>El equipo de litigio, estuvo conformado por los procuradores de Corte, Benito Nieves, Abraham Ortiz y Manuel Castro, adem\u00e1s del procurador fiscal Claudio Cordero.<\/p>\n\n\n\n<p>Las magistradas Ramona Nova y Reina Rodr\u00edguez manifiestan que esta decisi\u00f3n confirma la solidez de la imputaci\u00f3n y de la investigaci\u00f3n que realiza el Ministerio P\u00fablico.<\/p>\n\n\n\n<p>Direcci\u00f3n General de Comunicaci\u00f3n, Prensa y RRPP<\/p>\n\n\n\n<p>Ministerio P\u00fablico RD<\/p>\n\n\n\n<p>Comunicaciones PGR <a href=\"mailto:comunicaciones@pgr.gob.do\">comunicaciones@pgr.gob.do<\/a><\/p>\n","protected":false},"excerpt":{"rendered":"<p>SANTO DOMINGO (Rep\u00fablica Dominicana).- A solicitud de la Procuradur\u00eda Especializada contra el Lavado de Activos y el Financiamiento del Terrorismo y la Fiscal\u00eda de La Romana, un tribunal confirm\u00f3 la prisi\u00f3n preventiva de 18 meses impuesta a Roc\u00edo del Alba Rodr\u00edguez de Moya y Marisol Nova Nolasco, principales cabecillas de una red de estafa electr\u00f3nica [&hellip;]<\/p>\n","protected":false},"author":7,"featured_media":456880,"comment_status":"closed","ping_status":"closed","sticky":false,"template":"","format":"standard","meta":{"footnotes":""},"categories":[24],"tags":[171],"class_list":["post-626099","post","type-post","status-publish","format-standard","has-post-thumbnail","hentry","category-justicia-y-derecho","tag-ministerio-publico"],"_links":{"self":[{"href":"https:\/\/diariodominicano.com\/index.php?rest_route=\/wp\/v2\/posts\/626099","targetHints":{"allow":["GET"]}}],"collection":[{"href":"https:\/\/diariodominicano.com\/index.php?rest_route=\/wp\/v2\/posts"}],"about":[{"href":"https:\/\/diariodominicano.com\/index.php?rest_route=\/wp\/v2\/types\/post"}],"author":[{"embeddable":true,"href":"https:\/\/diariodominicano.com\/index.php?rest_route=\/wp\/v2\/users\/7"}],"replies":[{"embeddable":true,"href":"https:\/\/diariodominicano.com\/index.php?rest_route=%2Fwp%2Fv2%2Fcomments&post=626099"}],"version-history":[{"count":1,"href":"https:\/\/diariodominicano.com\/index.php?rest_route=\/wp\/v2\/posts\/626099\/revisions"}],"predecessor-version":[{"id":626116,"href":"https:\/\/diariodominicano.com\/index.php?rest_route=\/wp\/v2\/posts\/626099\/revisions\/626116"}],"wp:featuredmedia":[{"embeddable":true,"href":"https:\/\/diariodominicano.com\/index.php?rest_route=\/wp\/v2\/media\/456880"}],"wp:attachment":[{"href":"https:\/\/diariodominicano.com\/index.php?rest_route=%2Fwp%2Fv2%2Fmedia&parent=626099"}],"wp:term":[{"taxonomy":"category","embeddable":true,"href":"https:\/\/diariodominicano.com\/index.php?rest_route=%2Fwp%2Fv2%2Fcategories&post=626099"},{"taxonomy":"post_tag","embeddable":true,"href":"https:\/\/diariodominicano.com\/index.php?rest_route=%2Fwp%2Fv2%2Ftags&post=626099"}],"curies":[{"name":"wp","href":"https:\/\/api.w.org\/{rel}","templated":true}]}}