{"id":626097,"date":"2025-07-12T00:40:07","date_gmt":"2025-07-12T04:40:07","guid":{"rendered":"https:\/\/diariodominicano.com\/?p=626097"},"modified":"2025-07-12T00:40:09","modified_gmt":"2025-07-12T04:40:09","slug":"ministerio-publico-valora-sentencia-del-tc-que-valida-la-condena-de-5-anos-de-prision-por-lavado-de-activos-contra-nelson-rizik-delgado","status":"publish","type":"post","link":"https:\/\/diariodominicano.com\/?p=626097","title":{"rendered":"Ministerio P\u00fablico valora sentencia del TC que valida la condena de 5 a\u00f1os de prisi\u00f3n por lavado de activos contra Nelson Rizik Delgado"},"content":{"rendered":"\n<p><em><u>Procuradora de corte entiende que la decisi\u00f3n respalda las acciones contra el crimen organizado<\/u><\/em><\/p>\n\n\n\n<p><strong>SANTO DOMINGO (Rep\u00fablica Dominicana).-<\/strong>&nbsp;El Ministerio P\u00fablico ponder\u00f3 la sentencia del Tribunal Constitucional que confirma la sentencia con autoridad de la cosa irrevocablemente juzgada que pesa contra Nelson Rizik Delgado, sentenciado a cinco a\u00f1os de prisi\u00f3n por lavado de activos.<\/p>\n\n\n\n<p>Rizik Delgado, procesado junto a un hermano que ya cumpli\u00f3 su pena de 10 a\u00f1os de prisi\u00f3n, recibi\u00f3 una confirmaci\u00f3n de condena el 31 de agosto de 2023 en la Segunda Sala de la Suprema Corte de Justicia, instancia que lo benefici\u00f3 al quitarle a su expediente la calificaci\u00f3n por narcotr\u00e1fico, pero que mantuvo igual la condena a cinco a\u00f1os de prisi\u00f3n por haberse prestado a lavar activos al coimputado del proceso.<\/p>\n\n\n\n<p>La sentencia del TC valida la decisi\u00f3n de la Suprema Corte que, a su vez, reconoce las decisiones anteriores de primera y segunda instancias, en las que a Nelson Rodr\u00edguez Rizik se le impuso una condena de 5 a\u00f1os de prisi\u00f3n suspendida y la obligaci\u00f3n de pagar una multa ascendente a 50 salarios m\u00ednimos.<\/p>\n\n\n\n<p>Asimismo, reconoce una aplicaci\u00f3n correcta de la ley en cuanto al decomiso, a favor del Estado dominicano, de un listado de objetos muebles e inmobiliarios que incluyen una finca en Rancho Cacique, de siete mil tareas, ubicada en la Comunidad Ana Santana, del municipio Sabana Grande de Boy\u00e1.<\/p>\n\n\n\n<p>El TC tom\u00f3 la decisi\u00f3n mediante la Sentencia TC\/1046\/24, del 30 de diciembre de 2004, notificada recientemente a la procuradora de corte Ramona Nova Cabrera, titular interina de la Procuradur\u00eda Especializada contra el Lavado de Activos y Financiamiento del Terrorismo.<\/p>\n\n\n\n<p>Al informar sobre la decisi\u00f3n, la procuradora de corte Ramona Nova Cabrera valor\u00f3 la decisi\u00f3n del Tribunal Constitucional porque, seg\u00fan afirm\u00f3, respalda las acciones del Ministerio P\u00fablico contra el crimen organizado.<\/p>\n\n\n\n<p>Nova Cabrera resalt\u00f3 que la decisi\u00f3n \u201cest\u00e1 en consonancia con las sanciones que<\/p>\n\n\n\n<p>deben de recibir el tipo de conductas en que incurrieron los acusados, completamente reprochables en la sociedad dominicana\u201d.<\/p>\n\n\n\n<p>La decisi\u00f3n del tribunal deja confirmada la condena por violaci\u00f3n a las disposiciones de los art\u00edculos 3, literales ayb; 4, 8, letra b; 18, 21, letra b, y 26, de la Ley 72-02 sobre Lavado de Activos provenientes del Tr\u00e1fico Il\u00edcito de Drogas y Sustancias Controladas y otras infracciones graves.<\/p>\n\n\n\n<p>Los tribunales de primera y segunda instancia hab\u00edan constatado, con las pruebas aportadas por el Ministerio P\u00fablico, la participaci\u00f3n de Nelson Rizik Delgado en el ocultamiento y encubrimiento de las acciones il\u00edcitas llevadas a cabo por su hermano coimputado en el proceso, al hacerse pasar a su nombre, y mantener la administraci\u00f3n, de varios bienes muebles e inmuebles, as\u00ed como al firmar p\u00fablicos y recibir dinero como si fuera suyo, arribar a acuerdos y representar a su hermano ante terceros.<\/p>\n\n\n\n<p><strong>Una jueza lo desintegr\u00f3<\/strong><\/p>\n\n\n\n<p>Conforme al dispositivo de la Sentencia TC\/1046\/24, la jueza del TC Alba Luisa Beard Marcos emiti\u00f3 un voto disidente argumentando que sus colegas Napole\u00f3n R. Est\u00e9vez Lavandier (presidente), Eunisis V\u00e1squez Acosta, Jos\u00e9 Alejandro Ayuso, Fidias Federico Aristy Payano, Sonia D\u00edaz Inoa, Army Ferreira, Domingo Gil, Amaury A. Reyes Torres, Mar\u00eda del Carmen Santana y Jos\u00e9 Alejandro Vargas Guerrero hicieron una \u201cerrada interpretaci\u00f3n respecto a la determinaci\u00f3n de plazo razonable\u201d.<\/p>\n\n\n\n<p>\u201cA nuestro modo de ver, esta sede constitucional deb\u00eda acoger el recurso de revisi\u00f3n en cuesti\u00f3n, y anular la sentencia de la Suprema Corte de Justicia\u201d, dice Beard Marcos en su voto disidente.<\/p>\n\n\n\n<p><strong>Direcci\u00f3n General de Comunicaci\u00f3n, Prensa y RRPP<\/strong><\/p>\n\n\n\n<p><strong>Ministerio P\u00fablico RD<\/strong><\/p>\n\n\n\n<p>Comunicaciones PGR <a href=\"mailto:comunicaciones@pgr.gob.do\">comunicaciones@pgr.gob.do<\/a><\/p>\n","protected":false},"excerpt":{"rendered":"<p>Procuradora de corte entiende que la decisi\u00f3n respalda las acciones contra el crimen organizado SANTO DOMINGO (Rep\u00fablica Dominicana).-&nbsp;El Ministerio P\u00fablico ponder\u00f3 la sentencia del Tribunal Constitucional que confirma la sentencia con autoridad de la cosa irrevocablemente juzgada que pesa contra Nelson Rizik Delgado, sentenciado a cinco a\u00f1os de prisi\u00f3n por lavado de activos. Rizik Delgado, [&hellip;]<\/p>\n","protected":false},"author":7,"featured_media":546542,"comment_status":"closed","ping_status":"closed","sticky":false,"template":"","format":"standard","meta":{"footnotes":""},"categories":[24],"tags":[171],"class_list":["post-626097","post","type-post","status-publish","format-standard","has-post-thumbnail","hentry","category-justicia-y-derecho","tag-ministerio-publico"],"_links":{"self":[{"href":"https:\/\/diariodominicano.com\/index.php?rest_route=\/wp\/v2\/posts\/626097","targetHints":{"allow":["GET"]}}],"collection":[{"href":"https:\/\/diariodominicano.com\/index.php?rest_route=\/wp\/v2\/posts"}],"about":[{"href":"https:\/\/diariodominicano.com\/index.php?rest_route=\/wp\/v2\/types\/post"}],"author":[{"embeddable":true,"href":"https:\/\/diariodominicano.com\/index.php?rest_route=\/wp\/v2\/users\/7"}],"replies":[{"embeddable":true,"href":"https:\/\/diariodominicano.com\/index.php?rest_route=%2Fwp%2Fv2%2Fcomments&post=626097"}],"version-history":[{"count":1,"href":"https:\/\/diariodominicano.com\/index.php?rest_route=\/wp\/v2\/posts\/626097\/revisions"}],"predecessor-version":[{"id":626115,"href":"https:\/\/diariodominicano.com\/index.php?rest_route=\/wp\/v2\/posts\/626097\/revisions\/626115"}],"wp:featuredmedia":[{"embeddable":true,"href":"https:\/\/diariodominicano.com\/index.php?rest_route=\/wp\/v2\/media\/546542"}],"wp:attachment":[{"href":"https:\/\/diariodominicano.com\/index.php?rest_route=%2Fwp%2Fv2%2Fmedia&parent=626097"}],"wp:term":[{"taxonomy":"category","embeddable":true,"href":"https:\/\/diariodominicano.com\/index.php?rest_route=%2Fwp%2Fv2%2Fcategories&post=626097"},{"taxonomy":"post_tag","embeddable":true,"href":"https:\/\/diariodominicano.com\/index.php?rest_route=%2Fwp%2Fv2%2Ftags&post=626097"}],"curies":[{"name":"wp","href":"https:\/\/api.w.org\/{rel}","templated":true}]}}