{"id":626065,"date":"2025-07-11T15:32:02","date_gmt":"2025-07-11T19:32:02","guid":{"rendered":"https:\/\/diariodominicano.com\/?p=626065"},"modified":"2025-07-11T15:32:16","modified_gmt":"2025-07-11T19:32:16","slug":"alpha-renueva-su-identidad-y-lanza-app-para-acercar-el-mercado-de-valores-a-mas-dominicanos","status":"publish","type":"post","link":"https:\/\/diariodominicano.com\/?p=626065","title":{"rendered":"Alpha renueva su identidad y lanza app para acercar el mercado de valores a m\u00e1s dominicanos"},"content":{"rendered":"\n<p><strong><em>La organizaci\u00f3n presenta cambios en su experiencia de usuario, presencial y en l\u00ednea, para reforzar su rol educativo y de gu\u00eda en las finanzas de personas y empresas.<\/em><\/strong><\/p>\n\n\n\n<p><strong>Santo Domingo. &#8211;&nbsp;<\/strong>El puesto de bolsa Alpha present\u00f3 su nueva imagen de marca y el lanzamiento de su aplicaci\u00f3n m\u00f3vil, con el prop\u00f3sito de facilitar el acceso al mercado de valores y fortalecer la educaci\u00f3n financiera en el pa\u00eds.<\/p>\n\n\n\n<p>Con esta renovaci\u00f3n, Alpha reafirma su compromiso de simplificar la experiencia de inversi\u00f3n, ofreciendo soluciones m\u00e1s cercanas, para los dominicanos interesados en el mercado de valores.<\/p>\n\n\n\n<figure class=\"wp-block-gallery has-nested-images columns-default is-cropped wp-block-gallery-1 is-layout-flex wp-block-gallery-is-layout-flex\">\n<figure class=\"wp-block-image size-large\"><img loading=\"lazy\" decoding=\"async\" width=\"921\" height=\"614\" data-id=\"626081\" src=\"https:\/\/diariodominicano.com\/wp-content\/uploads\/2025\/07\/Aurora-Vinas-Directora-de-Mercadeo-Experiencia-y-Participacion-de-Clientes.jpg\" alt=\"\" class=\"wp-image-626081\" srcset=\"https:\/\/diariodominicano.com\/wp-content\/uploads\/2025\/07\/Aurora-Vinas-Directora-de-Mercadeo-Experiencia-y-Participacion-de-Clientes.jpg 921w, https:\/\/diariodominicano.com\/wp-content\/uploads\/2025\/07\/Aurora-Vinas-Directora-de-Mercadeo-Experiencia-y-Participacion-de-Clientes-300x200.jpg 300w, https:\/\/diariodominicano.com\/wp-content\/uploads\/2025\/07\/Aurora-Vinas-Directora-de-Mercadeo-Experiencia-y-Participacion-de-Clientes-768x512.jpg 768w, https:\/\/diariodominicano.com\/wp-content\/uploads\/2025\/07\/Aurora-Vinas-Directora-de-Mercadeo-Experiencia-y-Participacion-de-Clientes-816x544.jpg 816w\" sizes=\"auto, (max-width: 921px) 100vw, 921px\" \/><figcaption class=\"wp-element-caption\">Aurora Vi\u00f1as &#8211; Directora de Mercadeo &amp; Experiencia y Participacion de Clientes <\/figcaption><\/figure>\n<\/figure>\n\n\n\n<p>\u00abNuestro legado nos enorgullece, pero los retos nos mueven todav\u00eda m\u00e1s. Es por ello que nos esforzamos en invertir en innovaci\u00f3n y talento, con ganas de aportar valor y m\u00e1s crecimiento al mercado. Esta nueva etapa evidencia que Alpha se rejuvenece, porque el camino correcto siempre es el del cambio\u00bb, afirm\u00f3 Juan Manuel Barranco, vicepresidente de finanzas.<\/p>\n\n\n\n<figure class=\"wp-block-gallery has-nested-images columns-default is-cropped wp-block-gallery-2 is-layout-flex wp-block-gallery-is-layout-flex\">\n<figure class=\"wp-block-image size-large\"><img loading=\"lazy\" decoding=\"async\" width=\"1024\" height=\"683\" data-id=\"626080\" src=\"https:\/\/diariodominicano.com\/wp-content\/uploads\/2025\/07\/Santiago-Camarena-Vicepresidente-Ejecutivo-de-Alpha-1024x683.jpg\" alt=\"\" class=\"wp-image-626080\" srcset=\"https:\/\/diariodominicano.com\/wp-content\/uploads\/2025\/07\/Santiago-Camarena-Vicepresidente-Ejecutivo-de-Alpha-1024x683.jpg 1024w, https:\/\/diariodominicano.com\/wp-content\/uploads\/2025\/07\/Santiago-Camarena-Vicepresidente-Ejecutivo-de-Alpha-300x200.jpg 300w, https:\/\/diariodominicano.com\/wp-content\/uploads\/2025\/07\/Santiago-Camarena-Vicepresidente-Ejecutivo-de-Alpha-768x512.jpg 768w, https:\/\/diariodominicano.com\/wp-content\/uploads\/2025\/07\/Santiago-Camarena-Vicepresidente-Ejecutivo-de-Alpha-816x544.jpg 816w, https:\/\/diariodominicano.com\/wp-content\/uploads\/2025\/07\/Santiago-Camarena-Vicepresidente-Ejecutivo-de-Alpha.jpg 1075w\" sizes=\"auto, (max-width: 1024px) 100vw, 1024px\" \/><figcaption class=\"wp-element-caption\">Santiago Camarena &#8211; Vicepresidente Ejecutivo de Alpha <\/figcaption><\/figure>\n<\/figure>\n\n\n\n<p>A partir de ahora, la organizaci\u00f3n ser\u00e1 identificada como Alpha Puesto de Bolsa, una evoluci\u00f3n que busca reflejar mayor cercan\u00eda, simplicidad y visi\u00f3n de futuro. Aurora Vi\u00f1as, directora de Mercadeo y Experiencia del Cliente, explic\u00f3 que este cambio tiene detr\u00e1s su prop\u00f3sito de marca: transformar positivamente el bienestar financiero de las personas, sus empresas y nuestro pa\u00eds.<\/p>\n\n\n\n<p>\u201cNos esforzamos cada d\u00eda por ser los aliados de confianza de nuestros clientes, por ser parte de su camino de crecimiento y por llevarlos al siguiente nivel, al que todos queremos y aspiramos: la libertad financiera\u201d, acot\u00f3 Vi\u00f1as.<\/p>\n\n\n\n<figure class=\"wp-block-gallery has-nested-images columns-default is-cropped wp-block-gallery-3 is-layout-flex wp-block-gallery-is-layout-flex\">\n<figure class=\"wp-block-image size-large\"><img loading=\"lazy\" decoding=\"async\" width=\"822\" height=\"782\" data-id=\"626079\" src=\"https:\/\/diariodominicano.com\/wp-content\/uploads\/2025\/07\/Juan-Manuel-Barranco-Santiago-Camarena-Aurora-Vinas.jpg\" alt=\"\" class=\"wp-image-626079\" srcset=\"https:\/\/diariodominicano.com\/wp-content\/uploads\/2025\/07\/Juan-Manuel-Barranco-Santiago-Camarena-Aurora-Vinas.jpg 822w, https:\/\/diariodominicano.com\/wp-content\/uploads\/2025\/07\/Juan-Manuel-Barranco-Santiago-Camarena-Aurora-Vinas-300x285.jpg 300w, https:\/\/diariodominicano.com\/wp-content\/uploads\/2025\/07\/Juan-Manuel-Barranco-Santiago-Camarena-Aurora-Vinas-768x731.jpg 768w, https:\/\/diariodominicano.com\/wp-content\/uploads\/2025\/07\/Juan-Manuel-Barranco-Santiago-Camarena-Aurora-Vinas-816x776.jpg 816w\" sizes=\"auto, (max-width: 822px) 100vw, 822px\" \/><figcaption class=\"wp-element-caption\">Juan Manuel Barranco, Santiago Camarena, Aurora Vi\u00f1as <\/figcaption><\/figure>\n<\/figure>\n\n\n\n<p>Como parte de este proceso, Alpha present\u00f3 su nueva app, una herramienta que permite a los usuarios abrir una cuenta de corretaje de manera completamente digital, acceder a contenido educativo, simular inversiones, establecer metas financieras y descubrir nuevas oportunidades en el mercado de forma \u00e1gil y segura en tiempo r\u00e9cord, entre otras posibilidades.<\/p>\n\n\n\n<p>Esta aplicaci\u00f3n refuerza el eje central de la transformaci\u00f3n de Alpha: la educaci\u00f3n financiera. Un compromiso que ha asumido desde hace a\u00f1os con la firme intenci\u00f3n de ser una gu\u00eda para la sociedad dominicana en este \u00e1mbito. Para Alpha, contribuir al desarrollo de una cultura financiera es fundamental para mejorar el bienestar de las personas, promoviendo as\u00ed un futuro m\u00e1s pr\u00f3spero y consciente para todos.<\/p>\n\n\n\n<p>\u201cCon este paso que damos hoy, fortalecemos nuestro objetivo de educar a la sociedad sobre los buenos h\u00e1bitos y oportunidades que les permitir\u00e1n alcanzar la libertad financiera\u201d manifest\u00f3 Santiago Camarena, vicepresidente ejecutivo, durante el acto de presentaci\u00f3n.&nbsp; Agreg\u00f3: \u201cNos hemos enfocado en mejorar la experiencia del usuario, y nuestra motivaci\u00f3n es seguir siendo l\u00edderes en promover la educaci\u00f3n financiera por las diferentes v\u00edas.\u201d<\/p>\n\n\n\n<p>Camarena resalt\u00f3 que el crecimiento del mercado burs\u00e1til ha sido significativo en la \u00faltima d\u00e9cada. \u201cEn 2012, el mercado dominicano contaba con poco m\u00e1s de 8 mil inversionistas. Al cierre de 2024, seg\u00fan la Superintendencia del Mercado de Valores, hay m\u00e1s de 135 mil personas con m\u00e1s de 158 mil cuentas de corretaje activas. Aunque el avance ha sido notable, pero todav\u00eda faltan muchos m\u00e1s dominicanos por sumarse a este mercado. En Alpha queremos ser sus aliados de confianza para impulsar sus ahorros. Queremos ser sus gu\u00edas y ayudarlos a maximizar su bienestar\u201d, concluy\u00f3.<\/p>\n\n\n\n<p>De este modo, el puesto de bolsa responde a un entorno financiero cada vez m\u00e1s din\u00e1mico y exigente. Con estos nuevos cambios, busca ser el apoyo de los inversores dominicanos para que sepan cuidar de su futuro y sean los aut\u00e9nticos due\u00f1os de sus metas financieras.<\/p>\n\n\n\n<p>Sobre Alpha<\/p>\n\n\n\n<p>Alpha es una empresa de servicios de intermediaci\u00f3n financiera, posicionada como un destacado referente en el mercado de valores de la Rep\u00fablica Dominicana. Con m\u00e1s de 10 a\u00f1os de trayectoria, cuenta con una s\u00f3lida reputaci\u00f3n en la gesti\u00f3n de capitales en el pa\u00eds. Para m\u00e1s informaci\u00f3n, visite&nbsp;<a href=\"https:\/\/www.alpha.com.do\/\" target=\"_blank\" rel=\"noreferrer noopener\">www.alpha.com.do<\/a>.<\/p>\n\n\n\n<p>Stephany Ortiz Castillo <a href=\"mailto:stephany.ortiz@newlink-group.com\">stephany.ortiz@newlink-group.com<\/a> <\/p>\n","protected":false},"excerpt":{"rendered":"<p>La organizaci\u00f3n presenta cambios en su experiencia de usuario, presencial y en l\u00ednea, para reforzar su rol educativo y de gu\u00eda en las finanzas de personas y empresas. Santo Domingo. &#8211;&nbsp;El puesto de bolsa Alpha present\u00f3 su nueva imagen de marca y el lanzamiento de su aplicaci\u00f3n m\u00f3vil, con el prop\u00f3sito de facilitar el acceso [&hellip;]<\/p>\n","protected":false},"author":7,"featured_media":626082,"comment_status":"closed","ping_status":"closed","sticky":false,"template":"","format":"standard","meta":{"footnotes":""},"categories":[36],"tags":[2809],"class_list":["post-626065","post","type-post","status-publish","format-standard","has-post-thumbnail","hentry","category-hombresmujeresycosas","tag-alpha"],"_links":{"self":[{"href":"https:\/\/diariodominicano.com\/index.php?rest_route=\/wp\/v2\/posts\/626065","targetHints":{"allow":["GET"]}}],"collection":[{"href":"https:\/\/diariodominicano.com\/index.php?rest_route=\/wp\/v2\/posts"}],"about":[{"href":"https:\/\/diariodominicano.com\/index.php?rest_route=\/wp\/v2\/types\/post"}],"author":[{"embeddable":true,"href":"https:\/\/diariodominicano.com\/index.php?rest_route=\/wp\/v2\/users\/7"}],"replies":[{"embeddable":true,"href":"https:\/\/diariodominicano.com\/index.php?rest_route=%2Fwp%2Fv2%2Fcomments&post=626065"}],"version-history":[{"count":1,"href":"https:\/\/diariodominicano.com\/index.php?rest_route=\/wp\/v2\/posts\/626065\/revisions"}],"predecessor-version":[{"id":626083,"href":"https:\/\/diariodominicano.com\/index.php?rest_route=\/wp\/v2\/posts\/626065\/revisions\/626083"}],"wp:featuredmedia":[{"embeddable":true,"href":"https:\/\/diariodominicano.com\/index.php?rest_route=\/wp\/v2\/media\/626082"}],"wp:attachment":[{"href":"https:\/\/diariodominicano.com\/index.php?rest_route=%2Fwp%2Fv2%2Fmedia&parent=626065"}],"wp:term":[{"taxonomy":"category","embeddable":true,"href":"https:\/\/diariodominicano.com\/index.php?rest_route=%2Fwp%2Fv2%2Fcategories&post=626065"},{"taxonomy":"post_tag","embeddable":true,"href":"https:\/\/diariodominicano.com\/index.php?rest_route=%2Fwp%2Fv2%2Ftags&post=626065"}],"curies":[{"name":"wp","href":"https:\/\/api.w.org\/{rel}","templated":true}]}}