{"id":626039,"date":"2025-07-11T11:48:05","date_gmt":"2025-07-11T15:48:05","guid":{"rendered":"https:\/\/diariodominicano.com\/?p=626039"},"modified":"2025-07-12T00:08:07","modified_gmt":"2025-07-12T04:08:07","slug":"estado-haitiano-muestra-preocupacion-por-ciudadanos-deportados","status":"publish","type":"post","link":"https:\/\/diariodominicano.com\/?p=626039","title":{"rendered":"Estado haitiano muestra preocupaci\u00f3n por ciudadanos deportados"},"content":{"rendered":"\n<p>Puerto Pr\u00edncipe, 11 jul (Prensa Latina) El Estado haitiano mantiene hoy su pol\u00edtica social de recibir con dignidad, respeto a los derechos humanos y total seguridad a los deportados desde Estados Unidos y Rep\u00fablica Dominicana.<\/p>\n\n\n\n<p><a href=\"https:\/\/www.prensa-latina.cu\/2025\/07\/11\/\"><time>julio 11, 2025 | 11:14<\/time><\/a> <\/p>\n\n\n\n<p>En tal sentido, el ministro de Salud P\u00fablica y Poblaci\u00f3n, Bertrand Sinal orient\u00f3 tomar varias medidas, entre ellas, que la Unidad de Salud Mental preste servicios a los ciudadanos que regresan de la vecina naci\u00f3n.<\/p>\n\n\n\n<p>La tarea ser\u00e1 realizada con el apoyo financiero de la Organizaci\u00f3n Panamericana de la Salud y la Organizaci\u00f3n Mundial de la Salud.<\/p>\n\n\n\n<p>Participan en este empe\u00f1o patrulleros de Protecci\u00f3n Civil, miembros de organizaciones sociales y entidades estatales encargadas de la recepci\u00f3n de los haitianos en la regi\u00f3n fronteriza.<\/p>\n\n\n\n<p>Tambi\u00e9n colaborar\u00e1n dos sesiones de formaci\u00f3n en Apoyo Psicosocial y Primeros Auxilios Psicol\u00f3gicos, precis\u00f3 el diario digital Hait\u00ed Libre.<\/p>\n\n\n\n<p>Con anterioridad, la ministra de los Haitianos Residentes en el Exterior, Kathia Verdier inform\u00f3 que el pa\u00eds se prepara para recibir con dignidad a sus migrantes procedentes de Estados Unidos.<\/p>\n\n\n\n<p>En cuanto a los compatriotas en situaci\u00f3n de vulnerabilidad o expuestos a medidas de deportaci\u00f3n, el Estado puso en marcha mecanismos de apoyo y repatriaci\u00f3n destinados a garantizar un retorno digno.<\/p>\n\n\n\n<p>Actuaremos de acuerdo con los compromisos republicanos de proteger a cada ciudadano, dondequiera que se encuentre. Por ello, reafirmamos que: \u00abla casa es la casa y siempre ser\u00e1 la casa\u00bb, subray\u00f3 el diario Le Nouvelliste.<\/p>\n\n\n\n<p>Estados Unidos anunci\u00f3 el fin del Estatus de Protecci\u00f3n Temporal (TPS por sus siglas en ingl\u00e9s) para Hait\u00ed.<\/p>\n\n\n\n<p>En tal sentido, la secretaria de Seguridad Nacional de Estados Unidos, Kristi Noem, explic\u00f3 que la designaci\u00f3n de TPS para el pa\u00eds antillano expira el 3 de agosto de 2025, y la terminaci\u00f3n ser\u00e1 efectiva el 2 de septiembre del a\u00f1o en curso.<\/p>\n\n\n\n<p>ro\/joe<\/p>\n\n\n\n<ul class=\"wp-block-list\">\n<li>#<a href=\"https:\/\/www.prensa-latina.cu\/etiqueta\/deportados\/\">deportados<\/a>&nbsp;#<a href=\"https:\/\/www.prensa-latina.cu\/etiqueta\/dominicana\/\">dominicana<\/a>&nbsp;#<a href=\"https:\/\/www.prensa-latina.cu\/etiqueta\/haiti\/\">Hait\u00ed<\/a><\/li>\n<\/ul>\n","protected":false},"excerpt":{"rendered":"<p>Puerto Pr\u00edncipe, 11 jul (Prensa Latina) El Estado haitiano mantiene hoy su pol\u00edtica social de recibir con dignidad, respeto a los derechos humanos y total seguridad a los deportados desde Estados Unidos y Rep\u00fablica Dominicana. julio 11, 2025 | 11:14 En tal sentido, el ministro de Salud P\u00fablica y Poblaci\u00f3n, Bertrand Sinal orient\u00f3 tomar varias [&hellip;]<\/p>\n","protected":false},"author":2,"featured_media":626112,"comment_status":"closed","ping_status":"closed","sticky":false,"template":"","format":"standard","meta":{"footnotes":""},"categories":[112,23],"tags":[],"class_list":["post-626039","post","type-post","status-publish","format-standard","has-post-thumbnail","hentry","category-haiti","category-internacional"],"_links":{"self":[{"href":"https:\/\/diariodominicano.com\/index.php?rest_route=\/wp\/v2\/posts\/626039","targetHints":{"allow":["GET"]}}],"collection":[{"href":"https:\/\/diariodominicano.com\/index.php?rest_route=\/wp\/v2\/posts"}],"about":[{"href":"https:\/\/diariodominicano.com\/index.php?rest_route=\/wp\/v2\/types\/post"}],"author":[{"embeddable":true,"href":"https:\/\/diariodominicano.com\/index.php?rest_route=\/wp\/v2\/users\/2"}],"replies":[{"embeddable":true,"href":"https:\/\/diariodominicano.com\/index.php?rest_route=%2Fwp%2Fv2%2Fcomments&post=626039"}],"version-history":[{"count":2,"href":"https:\/\/diariodominicano.com\/index.php?rest_route=\/wp\/v2\/posts\/626039\/revisions"}],"predecessor-version":[{"id":626095,"href":"https:\/\/diariodominicano.com\/index.php?rest_route=\/wp\/v2\/posts\/626039\/revisions\/626095"}],"wp:featuredmedia":[{"embeddable":true,"href":"https:\/\/diariodominicano.com\/index.php?rest_route=\/wp\/v2\/media\/626112"}],"wp:attachment":[{"href":"https:\/\/diariodominicano.com\/index.php?rest_route=%2Fwp%2Fv2%2Fmedia&parent=626039"}],"wp:term":[{"taxonomy":"category","embeddable":true,"href":"https:\/\/diariodominicano.com\/index.php?rest_route=%2Fwp%2Fv2%2Fcategories&post=626039"},{"taxonomy":"post_tag","embeddable":true,"href":"https:\/\/diariodominicano.com\/index.php?rest_route=%2Fwp%2Fv2%2Ftags&post=626039"}],"curies":[{"name":"wp","href":"https:\/\/api.w.org\/{rel}","templated":true}]}}