{"id":625876,"date":"2025-07-10T18:57:15","date_gmt":"2025-07-10T22:57:15","guid":{"rendered":"https:\/\/diariodominicano.com\/?p=625876"},"modified":"2025-07-10T18:57:32","modified_gmt":"2025-07-10T22:57:32","slug":"director-de-comedores-economicos-del-estado-dominicano-ceed-respalda-postura-del-presidente-de-la-republica-sobre-proselitismo-a-destiempo","status":"publish","type":"post","link":"https:\/\/diariodominicano.com\/?p=625876","title":{"rendered":"Director de Comedores Econ\u00f3micos del Estado Dominicano (CEED) respalda postura del presidente de la Rep\u00fablica sobre proselitismo a destiempo\u00a0"},"content":{"rendered":"\n<p><em>Edgar Augusto F\u00e9liz M\u00e9ndez, exhort\u00f3 a sus compa\u00f1eros de partido, principalmente, a aquellos que desempe\u00f1an una funci\u00f3n p\u00fablica en concentrarse en seguir haciendo una buena labor que ser\u00e1 lo que asegure el triunfo en el 2028.<\/em><\/p>\n\n\n\n<p><strong>Santo Domingo. \u2013 <\/strong>El director general de Comedores Econ\u00f3micos del Estado Dominicano (CEED), Edgar Augusto F\u00e9liz M\u00e9ndez, respald\u00f3 las declaraciones del presidente de la Rep\u00fablica, Luis Abinader Corona, que llam\u00f3 a los funcionarios de abstenerse de realizar actos pol\u00edticos y concentrarse en hacer una buena labor en favor de la poblaci\u00f3n.&nbsp;<\/p>\n\n\n\n<p>En ese sentido, F\u00e9liz M\u00e9ndez, se mostr\u00f3 de acuerdo en que aquellos que ya est\u00e1n aspirando a la candidatura presidencial del Partido Revolucionario Moderno (PRM) y los jefes de campa\u00f1a, si son funcionarios del gobierno, deben renunciar.&nbsp;<\/p>\n\n\n\n<p>El tambi\u00e9n presidente del Comit\u00e9 Provincial del PRM en Barahona, consider\u00f3 que esta euforia que se est\u00e1 viviendo en los \u00faltimos d\u00edas con la presentaci\u00f3n de los precandidatos a destiempo, con el fin de obtener la nominaci\u00f3n a la candidatura presidencial&nbsp; por el partido de gobierno, en nada ayuda, y que por el contrario manda un mensaje negativo porque la poblaci\u00f3n puede pensar que se est\u00e1n distrayendo de hacer las funciones para los cuales fueron designados.<\/p>\n\n\n\n<p>\u201cNosotros apoyamos en todas sus partes las declaraciones del presidente de la Rep\u00fablica, Luis Abinader Corona, por considerar que los que nos toca a los funcionarios es realizar una gesti\u00f3n que nos permita continuar como partido seguir dirigiendo los destinos del pa\u00eds\u201d, destac\u00f3.<\/p>\n\n\n\n<p>El funcionario reconoci\u00f3 el derecho que tienen todos los miembros de esa&nbsp; organizaci\u00f3n pol\u00edtica de aspirar a una candidatura, sea presidencial, municipal o legislativa, sin embargo, consider\u00f3 que el proselitismo en estos momentos se est\u00e1 realizando a destiempo.&nbsp;<\/p>\n\n\n\n<p>\u201cEn Eclesiast\u00e9s 3, la biblia nos dice que todo tiene su tiempo, su momento oportuno, \u201chay tiempo para todo lo que se hace bajo el cielo\u201d y yo creo firmemente en eso, no podemos desesperarnos y mandar un mensaje errado a la poblaci\u00f3n que nos eligi\u00f3 con el objetivo de que hici\u00e9ramos un gobierno humano, para mejorar su calidad de vida, principalmente la de aquellos que viven en condici\u00f3n de vulnerabilidad\u201d, declar\u00f3.<\/p>\n\n\n\n<p>Consider\u00f3 que salir a la palestra p\u00fablica a mostrar una candidatura faltando&nbsp; 3 a\u00f1os para las elecciones del 2028, m\u00e1s que una ventaja, constituye un riesgo si es funcionario p\u00fablico, por los cuestionamientos a sus funciones que puedan surgir.<\/p>\n\n\n\n<p>\u201cUsted puede ser el m\u00e1s serio del mundo, pero si dirige una instituci\u00f3n y comienza a realizar actividades pol\u00edticas, muchos por no decir todos, van a creer que est\u00e1 utilizando esa plataforma para lograr sus objetivos, por eso estoy de acuerdo que, si quieren aspirar, que es su derecho, renuncien a sus cargos\u201d reitero.&nbsp;<\/p>\n\n\n\n<p>Se\u00f1al\u00f3 que el PRM seguir\u00e1 dirigiendo los destinos de la Naci\u00f3n dominicana en la medida en que sus habitantes se sientan que fueron escuchados y que la mayor\u00eda de sus necesidades fueron en gran medida resueltas y que el pa\u00eds se encamina hacia un verdadero desarrollo.<\/p>\n\n\n\n<p>\u201cSi los funcionarios que acompa\u00f1amos al presidente Abinader en este proyecto de Naci\u00f3n, hacemos lo que tenemos que hacer, nadie nos quita el triunfo en el 2028, no importa el candidato, por eso es importante seguir haciendo los que nos toca desde las distintas posiciones\u201d.<\/p>\n\n\n\n<p>El director general de Comedores Econ\u00f3micos del Estado Dominicano (CEED), se mostr\u00f3 confiado en que sus compa\u00f1eros de partido acatar\u00e1n la posici\u00f3n del presidente de la Rep\u00fablica, Luis Abinader Corona.&nbsp;<\/p>\n\n\n\n<p>Carmen Curiel <a href=\"mailto:carmencuriel6@gmail.com\">carmencuriel6@gmail.com<\/a>&nbsp;<\/p>\n","protected":false},"excerpt":{"rendered":"<p>Edgar Augusto F\u00e9liz M\u00e9ndez, exhort\u00f3 a sus compa\u00f1eros de partido, principalmente, a aquellos que desempe\u00f1an una funci\u00f3n p\u00fablica en concentrarse en seguir haciendo una buena labor que ser\u00e1 lo que asegure el triunfo en el 2028. Santo Domingo. \u2013 El director general de Comedores Econ\u00f3micos del Estado Dominicano (CEED), Edgar Augusto F\u00e9liz M\u00e9ndez, respald\u00f3 las [&hellip;]<\/p>\n","protected":false},"author":7,"featured_media":625905,"comment_status":"closed","ping_status":"closed","sticky":false,"template":"","format":"standard","meta":{"footnotes":""},"categories":[36],"tags":[2328],"class_list":["post-625876","post","type-post","status-publish","format-standard","has-post-thumbnail","hentry","category-hombresmujeresycosas","tag-comedores-economicos-del-estado-dominicano-ceed"],"_links":{"self":[{"href":"https:\/\/diariodominicano.com\/index.php?rest_route=\/wp\/v2\/posts\/625876","targetHints":{"allow":["GET"]}}],"collection":[{"href":"https:\/\/diariodominicano.com\/index.php?rest_route=\/wp\/v2\/posts"}],"about":[{"href":"https:\/\/diariodominicano.com\/index.php?rest_route=\/wp\/v2\/types\/post"}],"author":[{"embeddable":true,"href":"https:\/\/diariodominicano.com\/index.php?rest_route=\/wp\/v2\/users\/7"}],"replies":[{"embeddable":true,"href":"https:\/\/diariodominicano.com\/index.php?rest_route=%2Fwp%2Fv2%2Fcomments&post=625876"}],"version-history":[{"count":1,"href":"https:\/\/diariodominicano.com\/index.php?rest_route=\/wp\/v2\/posts\/625876\/revisions"}],"predecessor-version":[{"id":625906,"href":"https:\/\/diariodominicano.com\/index.php?rest_route=\/wp\/v2\/posts\/625876\/revisions\/625906"}],"wp:featuredmedia":[{"embeddable":true,"href":"https:\/\/diariodominicano.com\/index.php?rest_route=\/wp\/v2\/media\/625905"}],"wp:attachment":[{"href":"https:\/\/diariodominicano.com\/index.php?rest_route=%2Fwp%2Fv2%2Fmedia&parent=625876"}],"wp:term":[{"taxonomy":"category","embeddable":true,"href":"https:\/\/diariodominicano.com\/index.php?rest_route=%2Fwp%2Fv2%2Fcategories&post=625876"},{"taxonomy":"post_tag","embeddable":true,"href":"https:\/\/diariodominicano.com\/index.php?rest_route=%2Fwp%2Fv2%2Ftags&post=625876"}],"curies":[{"name":"wp","href":"https:\/\/api.w.org\/{rel}","templated":true}]}}