{"id":625875,"date":"2025-07-10T18:49:05","date_gmt":"2025-07-10T22:49:05","guid":{"rendered":"https:\/\/diariodominicano.com\/?p=625875"},"modified":"2025-07-10T18:49:07","modified_gmt":"2025-07-10T22:49:07","slug":"presidenta-de-procompetencia-resalta-en-ginebra-impacto-de-la-cooperacion-de-la-unctad-en-el-pais","status":"publish","type":"post","link":"https:\/\/diariodominicano.com\/?p=625875","title":{"rendered":"Presidenta de ProCompetencia resalta en Ginebra impacto de la cooperaci\u00f3n de la UNCTAD en el pa\u00eds"},"content":{"rendered":"\n<p><em>V\u00e1squez Taveras subray\u00f3 que Rep\u00fablica Dominicana ha fortalecido de forma sostenida su institucionalidad respecto a la competencia gracias a una alianza estrat\u00e9gica de m\u00e1s de dos d\u00e9cadas con este organismo.<\/em><\/p>\n\n\n\n<p><strong>Ginebra, Suiza. &#8211;<\/strong>&nbsp;La colaboraci\u00f3n de la Conferencia de las Naciones Unidas sobre Comercio y Desarrollo (UNCTAD) ha sido clave para fortalecer las capacidades regulatorias, judiciales y comunicativas de Rep\u00fablica Dominicana sobre competencia y consolidar al pa\u00eds como un ejemplo de implementaci\u00f3n efectiva de pol\u00edticas en esta materia con un enfoque integral y sostenido.<\/p>\n\n\n\n<p>As\u00ed lo destac\u00f3 la presidenta de la Comisi\u00f3n Nacional de Defensa de la Competencia (Pro-Competencia), Mar\u00eda Elena V\u00e1squez Taveras, durante su participaci\u00f3n en la 9\u00aa Conferencia de las Naciones Unidas sobre Competencia y Protecci\u00f3n de los Consumidores, que se desarrolla en Ginebra, Suiza.<\/p>\n\n\n\n<p>Esta asamblea constituye el foro de m\u00e1s alto nivel sobre competencia y protecci\u00f3n al consumidor a escala multilateral. El encuentro re\u00fane a autoridades del sector y altos funcionarios de los Estados miembros con el objetivo de impulsar reformas significativas que promuevan mercados m\u00e1s abiertos, justos, din\u00e1micos e inclusivos en beneficio de los consumidores.<\/p>\n\n\n\n<p>V\u00e1squez Taveras record\u00f3 que la relaci\u00f3n entre Rep\u00fablica Dominicana y la UNCTAD, que comenz\u00f3 en el 1997 con la elaboraci\u00f3n del primer anteproyecto de normativa de competencia, que sent\u00f3 las bases para la aprobaci\u00f3n de la Ley General de Defensa de la Competencia No. 42-08, se ha consolidado en los \u00faltimos a\u00f1os a trav\u00e9s de acciones de gran impacto que han posicionado al pa\u00eds como referente regional.<\/p>\n\n\n\n<p>Detall\u00f3 que la cooperaci\u00f3n t\u00e9cnica de la UNCTAD ha sido esencial para la capacitaci\u00f3n de jueces en libre competencia; la capacitaci\u00f3n de m\u00e1s de 50 periodistas y comunicadores durante la Semana de la Competencia 2024; el lanzamiento del \u201cABC de la Competencia\u201d como gu\u00eda pr\u00e1ctica para el abordaje t\u00e9cnico de estos temas; la organizaci\u00f3n de la XI Reuni\u00f3n del Grupo de Trabajo sobre Comercio y Competencia de Am\u00e9rica Latina y el Caribe, que reuni\u00f3 a m\u00e1s de 25 autoridades y expertos de la regi\u00f3n; la elaboraci\u00f3n de la Pol\u00edtica Nacional de la Competencia, entre otras iniciativas.<\/p>\n\n\n\n<p>\u201cLa experiencia dominicana demuestra, de forma clara y contundente, el valor transformador de la cooperaci\u00f3n t\u00e9cnica internacional en la construcci\u00f3n de instituciones s\u00f3lidas, resilientes y al servicio del inter\u00e9s p\u00fablico\u201d, destac\u00f3 la presidenta de Pro-Competencia.<\/p>\n\n\n\n<p><strong>Aboga por respaldo para la UNCTAD<\/strong><\/p>\n\n\n\n<p>Dado el papel crucial que desempe\u00f1a la UNCTAD en el fortalecimiento de la competencia, V\u00e1squez Taveras hizo un llamado para que al organismo se le brinde el apoyo financiero y pol\u00edtico necesario para que pueda continuar esta labor extraordinaria, que no solo fortalece los marcos regulatorios, sino que impulsa condiciones reales para una competencia justa en los mercados.<\/p>\n\n\n\n<p>\u00abEn un mundo donde los desaf\u00edos trascienden fronteras, este modelo de cooperaci\u00f3n, sostenido y orientado a resultados, debe inspirar la acci\u00f3n de la comunidad internacional. Apostar por la competencia es apostar por econom\u00edas m\u00e1s abiertas, inclusivas y equitativas. Y apostar por la UNCTAD es apostar por un futuro donde ese ideal pueda hacerse realidad\u00bb, manifest\u00f3.<\/p>\n\n\n\n<p>V\u00e1squez Taveras enfatiz\u00f3 que contar con reglas claras y pol\u00edticas efectivas de competencia no es un tema t\u00e9cnico aislado, sino un imperativo para el desarrollo econ\u00f3mico sostenible, la buena gobernanza, la disminuci\u00f3n de la pobreza y, en definitiva, para elevar la calidad de vida de la gente.<\/p>\n\n\n\n<p>Prensa de ProCompetencia <a href=\"mailto:prensa@procompetencia.gob.do\">prensa@procompetencia.gob.do<\/a><\/p>\n\n\n\n<p>#<strong>ProCompetencia #UNCTAD<\/strong><\/p>\n","protected":false},"excerpt":{"rendered":"<p>V\u00e1squez Taveras subray\u00f3 que Rep\u00fablica Dominicana ha fortalecido de forma sostenida su institucionalidad respecto a la competencia gracias a una alianza estrat\u00e9gica de m\u00e1s de dos d\u00e9cadas con este organismo. Ginebra, Suiza. &#8211;&nbsp;La colaboraci\u00f3n de la Conferencia de las Naciones Unidas sobre Comercio y Desarrollo (UNCTAD) ha sido clave para fortalecer las capacidades regulatorias, judiciales [&hellip;]<\/p>\n","protected":false},"author":7,"featured_media":625903,"comment_status":"closed","ping_status":"closed","sticky":false,"template":"","format":"standard","meta":{"footnotes":""},"categories":[36],"tags":[2804],"class_list":["post-625875","post","type-post","status-publish","format-standard","has-post-thumbnail","hentry","category-hombresmujeresycosas","tag-unctad"],"_links":{"self":[{"href":"https:\/\/diariodominicano.com\/index.php?rest_route=\/wp\/v2\/posts\/625875","targetHints":{"allow":["GET"]}}],"collection":[{"href":"https:\/\/diariodominicano.com\/index.php?rest_route=\/wp\/v2\/posts"}],"about":[{"href":"https:\/\/diariodominicano.com\/index.php?rest_route=\/wp\/v2\/types\/post"}],"author":[{"embeddable":true,"href":"https:\/\/diariodominicano.com\/index.php?rest_route=\/wp\/v2\/users\/7"}],"replies":[{"embeddable":true,"href":"https:\/\/diariodominicano.com\/index.php?rest_route=%2Fwp%2Fv2%2Fcomments&post=625875"}],"version-history":[{"count":1,"href":"https:\/\/diariodominicano.com\/index.php?rest_route=\/wp\/v2\/posts\/625875\/revisions"}],"predecessor-version":[{"id":625904,"href":"https:\/\/diariodominicano.com\/index.php?rest_route=\/wp\/v2\/posts\/625875\/revisions\/625904"}],"wp:featuredmedia":[{"embeddable":true,"href":"https:\/\/diariodominicano.com\/index.php?rest_route=\/wp\/v2\/media\/625903"}],"wp:attachment":[{"href":"https:\/\/diariodominicano.com\/index.php?rest_route=%2Fwp%2Fv2%2Fmedia&parent=625875"}],"wp:term":[{"taxonomy":"category","embeddable":true,"href":"https:\/\/diariodominicano.com\/index.php?rest_route=%2Fwp%2Fv2%2Fcategories&post=625875"},{"taxonomy":"post_tag","embeddable":true,"href":"https:\/\/diariodominicano.com\/index.php?rest_route=%2Fwp%2Fv2%2Ftags&post=625875"}],"curies":[{"name":"wp","href":"https:\/\/api.w.org\/{rel}","templated":true}]}}