{"id":625770,"date":"2025-07-10T02:18:26","date_gmt":"2025-07-10T06:18:26","guid":{"rendered":"https:\/\/diariodominicano.com\/?p=625770"},"modified":"2025-07-10T02:18:31","modified_gmt":"2025-07-10T06:18:31","slug":"llamada-del-secretario-rubio-con-el-ministro-de-asuntos-exteriores-aleman-wadephul","status":"publish","type":"post","link":"https:\/\/diariodominicano.com\/?p=625770","title":{"rendered":"Llamada del Secretario Rubio con el Ministro de Asuntos Exteriores alem\u00e1n, Wadephul"},"content":{"rendered":"\n<p>ARCHIVO: Marco Rubio<\/p>\n\n\n\n<p>9 de julio de 2025<\/p>\n\n\n\n<p>El Secretario de Estado, Marco Rubio, convers\u00f3 con el Ministro de Asuntos Exteriores alem\u00e1n, Johann Wadephul, sobre los acontecimientos en Oriente Medio y debati\u00f3 maneras de fomentar la estabilidad en la regi\u00f3n y garantizar que Ir\u00e1n no desarrolle ni obtenga un arma nuclear, inform\u00f3 la portavoz  Tammy Bruce.<\/p>\n\n\n\n<p>El Secretario destac\u00f3 el acuerdo de Israel con un alto el fuego de 60 d\u00edas y la necesidad de que Ham\u00e1s libere a los rehenes restantes y acepte el acuerdo de alto el fuego.<\/p>\n\n\n\n<p>U.S. Department of State<\/p>\n\n\n\n<p><a target=\"_blank\" href=\"mailto:usstatebpa@public.govdelivery.com\" rel=\"noreferrer noopener\">usstatebpa@public.govdelivery.c<\/a><\/p>\n","protected":false},"excerpt":{"rendered":"<p>ARCHIVO: Marco Rubio 9 de julio de 2025 El Secretario de Estado, Marco Rubio, convers\u00f3 con el Ministro de Asuntos Exteriores alem\u00e1n, Johann Wadephul, sobre los acontecimientos en Oriente Medio y debati\u00f3 maneras de fomentar la estabilidad en la regi\u00f3n y garantizar que Ir\u00e1n no desarrolle ni obtenga un arma nuclear, inform\u00f3 la portavoz Tammy [&hellip;]<\/p>\n","protected":false},"author":2,"featured_media":602590,"comment_status":"closed","ping_status":"closed","sticky":false,"template":"","format":"standard","meta":{"footnotes":""},"categories":[23],"tags":[],"class_list":["post-625770","post","type-post","status-publish","format-standard","has-post-thumbnail","hentry","category-internacional"],"_links":{"self":[{"href":"https:\/\/diariodominicano.com\/index.php?rest_route=\/wp\/v2\/posts\/625770","targetHints":{"allow":["GET"]}}],"collection":[{"href":"https:\/\/diariodominicano.com\/index.php?rest_route=\/wp\/v2\/posts"}],"about":[{"href":"https:\/\/diariodominicano.com\/index.php?rest_route=\/wp\/v2\/types\/post"}],"author":[{"embeddable":true,"href":"https:\/\/diariodominicano.com\/index.php?rest_route=\/wp\/v2\/users\/2"}],"replies":[{"embeddable":true,"href":"https:\/\/diariodominicano.com\/index.php?rest_route=%2Fwp%2Fv2%2Fcomments&post=625770"}],"version-history":[{"count":1,"href":"https:\/\/diariodominicano.com\/index.php?rest_route=\/wp\/v2\/posts\/625770\/revisions"}],"predecessor-version":[{"id":625771,"href":"https:\/\/diariodominicano.com\/index.php?rest_route=\/wp\/v2\/posts\/625770\/revisions\/625771"}],"wp:featuredmedia":[{"embeddable":true,"href":"https:\/\/diariodominicano.com\/index.php?rest_route=\/wp\/v2\/media\/602590"}],"wp:attachment":[{"href":"https:\/\/diariodominicano.com\/index.php?rest_route=%2Fwp%2Fv2%2Fmedia&parent=625770"}],"wp:term":[{"taxonomy":"category","embeddable":true,"href":"https:\/\/diariodominicano.com\/index.php?rest_route=%2Fwp%2Fv2%2Fcategories&post=625770"},{"taxonomy":"post_tag","embeddable":true,"href":"https:\/\/diariodominicano.com\/index.php?rest_route=%2Fwp%2Fv2%2Ftags&post=625770"}],"curies":[{"name":"wp","href":"https:\/\/api.w.org\/{rel}","templated":true}]}}