{"id":625732,"date":"2025-07-10T02:35:18","date_gmt":"2025-07-10T06:35:18","guid":{"rendered":"https:\/\/diariodominicano.com\/?p=625732"},"modified":"2025-07-10T02:53:45","modified_gmt":"2025-07-10T06:53:45","slug":"fallece-en-miami-el-senor-francisco-alberto-abreu-garcia-conocido-como-chipo","status":"publish","type":"post","link":"https:\/\/diariodominicano.com\/?p=625732","title":{"rendered":"Fallece en Miami  Francisco Alberto Abreu Garc\u00eda,  \u201cChipo\u201d"},"content":{"rendered":"\n<p>Con profundo pesar, la familia Abreu Garc\u00eda inform\u00f3 el fallecimiento de <strong>Francisco Alberto Abreu Garc\u00eda<\/strong>, cari\u00f1osamente llamado <em>\u201cChipo\u201d<\/em>.<\/p>\n\n\n\n<p>Su deceso ocurri\u00f3 en la ciudad de <strong>Miami, Florida<\/strong>, donde resid\u00eda desde hace varios a\u00f1os.<\/p>\n\n\n\n<p>Don Francisco Alberto Abreu Garc\u00eda naci\u00f3 el <strong>9 de marzo de 1953<\/strong>, en <strong>Hig\u00fcey, Rep\u00fablica Dominicana<\/strong>.<\/p>\n\n\n\n<p>Sus honras f\u00fanebres ser\u00e1n celebradas en Estados Unidos, y sus restos ser\u00e1n sepultados en el <strong>Cementerio de Veteranos de Florida<\/strong>, como reconocimiento a su legado y trayectoria.<\/p>\n\n\n\n<figure class=\"wp-block-gallery has-nested-images columns-default is-cropped wp-block-gallery-1 is-layout-flex wp-block-gallery-is-layout-flex\">\n<figure class=\"wp-block-image size-large\"><img loading=\"lazy\" decoding=\"async\" width=\"819\" height=\"1024\" data-id=\"625794\" src=\"https:\/\/diariodominicano.com\/wp-content\/uploads\/2025\/07\/Francisco-A-Abreu-Garcia-819x1024.jpg\" alt=\"\" class=\"wp-image-625794\" srcset=\"https:\/\/diariodominicano.com\/wp-content\/uploads\/2025\/07\/Francisco-A-Abreu-Garcia-819x1024.jpg 819w, https:\/\/diariodominicano.com\/wp-content\/uploads\/2025\/07\/Francisco-A-Abreu-Garcia-240x300.jpg 240w, https:\/\/diariodominicano.com\/wp-content\/uploads\/2025\/07\/Francisco-A-Abreu-Garcia-768x960.jpg 768w, https:\/\/diariodominicano.com\/wp-content\/uploads\/2025\/07\/Francisco-A-Abreu-Garcia-816x1020.jpg 816w, https:\/\/diariodominicano.com\/wp-content\/uploads\/2025\/07\/Francisco-A-Abreu-Garcia.jpg 1024w\" sizes=\"auto, (max-width: 819px) 100vw, 819px\" \/><\/figure>\n\n\n\n<figure class=\"wp-block-image size-large\"><img loading=\"lazy\" decoding=\"async\" width=\"819\" height=\"1024\" data-id=\"625793\" src=\"https:\/\/diariodominicano.com\/wp-content\/uploads\/2025\/07\/senor-Francisco-Alberto-Abreu-Garcia-conocido-como-Chipo-819x1024.jpg\" alt=\"\" class=\"wp-image-625793\" srcset=\"https:\/\/diariodominicano.com\/wp-content\/uploads\/2025\/07\/senor-Francisco-Alberto-Abreu-Garcia-conocido-como-Chipo-819x1024.jpg 819w, https:\/\/diariodominicano.com\/wp-content\/uploads\/2025\/07\/senor-Francisco-Alberto-Abreu-Garcia-conocido-como-Chipo-240x300.jpg 240w, https:\/\/diariodominicano.com\/wp-content\/uploads\/2025\/07\/senor-Francisco-Alberto-Abreu-Garcia-conocido-como-Chipo-768x960.jpg 768w, https:\/\/diariodominicano.com\/wp-content\/uploads\/2025\/07\/senor-Francisco-Alberto-Abreu-Garcia-conocido-como-Chipo-816x1020.jpg 816w, https:\/\/diariodominicano.com\/wp-content\/uploads\/2025\/07\/senor-Francisco-Alberto-Abreu-Garcia-conocido-como-Chipo.jpg 1024w\" sizes=\"auto, (max-width: 819px) 100vw, 819px\" \/><\/figure>\n\n\n\n<figure class=\"wp-block-image size-large\"><img loading=\"lazy\" decoding=\"async\" width=\"819\" height=\"1024\" data-id=\"625792\" src=\"https:\/\/diariodominicano.com\/wp-content\/uploads\/2025\/07\/Francisco-Alberto-Abreu-Garcia-819x1024.jpg\" alt=\"\" class=\"wp-image-625792\" srcset=\"https:\/\/diariodominicano.com\/wp-content\/uploads\/2025\/07\/Francisco-Alberto-Abreu-Garcia-819x1024.jpg 819w, https:\/\/diariodominicano.com\/wp-content\/uploads\/2025\/07\/Francisco-Alberto-Abreu-Garcia-240x300.jpg 240w, https:\/\/diariodominicano.com\/wp-content\/uploads\/2025\/07\/Francisco-Alberto-Abreu-Garcia-768x960.jpg 768w, https:\/\/diariodominicano.com\/wp-content\/uploads\/2025\/07\/Francisco-Alberto-Abreu-Garcia-816x1020.jpg 816w, https:\/\/diariodominicano.com\/wp-content\/uploads\/2025\/07\/Francisco-Alberto-Abreu-Garcia.jpg 1024w\" sizes=\"auto, (max-width: 819px) 100vw, 819px\" \/><\/figure>\n<\/figure>\n\n\n\n<p>Grupo medios DigitalesHT<\/p>\n\n\n\n<p>Isidro Hilton <a href=\"mailto:isidrohilton69@gmail.com\">isidrohilton69@gmail.com<\/a><\/p>\n","protected":false},"excerpt":{"rendered":"<p>Con profundo pesar, la familia Abreu Garc\u00eda inform\u00f3 el fallecimiento de Francisco Alberto Abreu Garc\u00eda, cari\u00f1osamente llamado \u201cChipo\u201d. Su deceso ocurri\u00f3 en la ciudad de Miami, Florida, donde resid\u00eda desde hace varios a\u00f1os. Don Francisco Alberto Abreu Garc\u00eda naci\u00f3 el 9 de marzo de 1953, en Hig\u00fcey, Rep\u00fablica Dominicana. Sus honras f\u00fanebres ser\u00e1n celebradas en [&hellip;]<\/p>\n","protected":false},"author":7,"featured_media":625791,"comment_status":"closed","ping_status":"closed","sticky":false,"template":"","format":"standard","meta":{"footnotes":""},"categories":[36],"tags":[],"class_list":["post-625732","post","type-post","status-publish","format-standard","has-post-thumbnail","hentry","category-hombresmujeresycosas"],"_links":{"self":[{"href":"https:\/\/diariodominicano.com\/index.php?rest_route=\/wp\/v2\/posts\/625732","targetHints":{"allow":["GET"]}}],"collection":[{"href":"https:\/\/diariodominicano.com\/index.php?rest_route=\/wp\/v2\/posts"}],"about":[{"href":"https:\/\/diariodominicano.com\/index.php?rest_route=\/wp\/v2\/types\/post"}],"author":[{"embeddable":true,"href":"https:\/\/diariodominicano.com\/index.php?rest_route=\/wp\/v2\/users\/7"}],"replies":[{"embeddable":true,"href":"https:\/\/diariodominicano.com\/index.php?rest_route=%2Fwp%2Fv2%2Fcomments&post=625732"}],"version-history":[{"count":2,"href":"https:\/\/diariodominicano.com\/index.php?rest_route=\/wp\/v2\/posts\/625732\/revisions"}],"predecessor-version":[{"id":625803,"href":"https:\/\/diariodominicano.com\/index.php?rest_route=\/wp\/v2\/posts\/625732\/revisions\/625803"}],"wp:featuredmedia":[{"embeddable":true,"href":"https:\/\/diariodominicano.com\/index.php?rest_route=\/wp\/v2\/media\/625791"}],"wp:attachment":[{"href":"https:\/\/diariodominicano.com\/index.php?rest_route=%2Fwp%2Fv2%2Fmedia&parent=625732"}],"wp:term":[{"taxonomy":"category","embeddable":true,"href":"https:\/\/diariodominicano.com\/index.php?rest_route=%2Fwp%2Fv2%2Fcategories&post=625732"},{"taxonomy":"post_tag","embeddable":true,"href":"https:\/\/diariodominicano.com\/index.php?rest_route=%2Fwp%2Fv2%2Ftags&post=625732"}],"curies":[{"name":"wp","href":"https:\/\/api.w.org\/{rel}","templated":true}]}}