{"id":625654,"date":"2025-07-09T15:34:28","date_gmt":"2025-07-09T19:34:28","guid":{"rendered":"https:\/\/diariodominicano.com\/?p=625654"},"modified":"2025-07-09T15:34:42","modified_gmt":"2025-07-09T19:34:42","slug":"ismael-reyes-el-estado-debe-preservar-el-jardin-botanico","status":"publish","type":"post","link":"https:\/\/diariodominicano.com\/?p=625654","title":{"rendered":"Ismael Reyes: \u201cEl Estado debe preservar el Jard\u00edn Bot\u00e1nico\u201d"},"content":{"rendered":"\n<p>El presidente del Partido Dem\u00f3crata Institucional (PDI), Ismael Reyes, advirti\u00f3 que el supuesto proyecto vial que implicar\u00eda la reducci\u00f3n del per\u00edmetro del Jard\u00edn Bot\u00e1nico Nacional debe ser aclarado de inmediato por el Gobierno, y que cualquier intervenci\u00f3n en esa zona sin transparencia ni consulta constituye un grave retroceso institucional y ambiental.<\/p>\n\n\n\n<p>Reyes indic\u00f3 que el Jard\u00edn Bot\u00e1nico es una reserva cient\u00edfica y ecol\u00f3gica invaluable, y que su protecci\u00f3n debe ser un compromiso sagrado del Estado Dominicano como garant\u00eda de la preservaci\u00f3n de uno de los pulmones m\u00e1s importantes de la capital.<\/p>\n\n\n\n<p>En ese sentido hizo un llamado al Gobierno a compartir con la poblaci\u00f3n cualquier proyecto que contemple la intervenci\u00f3n del Jard\u00edn Bot\u00e1nico y su alcance; aclarando que no<\/p>\n\n\n\n<p>Es para su realizaci\u00f3n inconsulta sino para llevar certidumbre a la poblaci\u00f3n ante cualquier proyecto.<\/p>\n\n\n\n<p>Sostuvo que es inminente que se suspenda de manera inmediata cualquier trabajo en la zona.<\/p>\n\n\n\n<p>Puntualiz\u00f3 que el Jard\u00edn Bot\u00e1nico no solamente es un santuario a la flora dominicana sino que es tambi\u00e9n una importante reserva cient\u00edfica que contribuye de manera significativa al conocimiento cient\u00edfico y al bienestar urbano del pa\u00eds.<\/p>\n\n\n\n<p>Carmen Estevez <a href=\"mailto:estevezc119@gmail.com\">estevezc119@gmail.com<\/a><\/p>\n","protected":false},"excerpt":{"rendered":"<p>El presidente del Partido Dem\u00f3crata Institucional (PDI), Ismael Reyes, advirti\u00f3 que el supuesto proyecto vial que implicar\u00eda la reducci\u00f3n del per\u00edmetro del Jard\u00edn Bot\u00e1nico Nacional debe ser aclarado de inmediato por el Gobierno, y que cualquier intervenci\u00f3n en esa zona sin transparencia ni consulta constituye un grave retroceso institucional y ambiental. Reyes indic\u00f3 que el [&hellip;]<\/p>\n","protected":false},"author":7,"featured_media":625688,"comment_status":"closed","ping_status":"closed","sticky":false,"template":"","format":"standard","meta":{"footnotes":""},"categories":[16],"tags":[2199],"class_list":["post-625654","post","type-post","status-publish","format-standard","has-post-thumbnail","hentry","category-opiniones","tag-ismael-reyes"],"_links":{"self":[{"href":"https:\/\/diariodominicano.com\/index.php?rest_route=\/wp\/v2\/posts\/625654","targetHints":{"allow":["GET"]}}],"collection":[{"href":"https:\/\/diariodominicano.com\/index.php?rest_route=\/wp\/v2\/posts"}],"about":[{"href":"https:\/\/diariodominicano.com\/index.php?rest_route=\/wp\/v2\/types\/post"}],"author":[{"embeddable":true,"href":"https:\/\/diariodominicano.com\/index.php?rest_route=\/wp\/v2\/users\/7"}],"replies":[{"embeddable":true,"href":"https:\/\/diariodominicano.com\/index.php?rest_route=%2Fwp%2Fv2%2Fcomments&post=625654"}],"version-history":[{"count":1,"href":"https:\/\/diariodominicano.com\/index.php?rest_route=\/wp\/v2\/posts\/625654\/revisions"}],"predecessor-version":[{"id":625689,"href":"https:\/\/diariodominicano.com\/index.php?rest_route=\/wp\/v2\/posts\/625654\/revisions\/625689"}],"wp:featuredmedia":[{"embeddable":true,"href":"https:\/\/diariodominicano.com\/index.php?rest_route=\/wp\/v2\/media\/625688"}],"wp:attachment":[{"href":"https:\/\/diariodominicano.com\/index.php?rest_route=%2Fwp%2Fv2%2Fmedia&parent=625654"}],"wp:term":[{"taxonomy":"category","embeddable":true,"href":"https:\/\/diariodominicano.com\/index.php?rest_route=%2Fwp%2Fv2%2Fcategories&post=625654"},{"taxonomy":"post_tag","embeddable":true,"href":"https:\/\/diariodominicano.com\/index.php?rest_route=%2Fwp%2Fv2%2Ftags&post=625654"}],"curies":[{"name":"wp","href":"https:\/\/api.w.org\/{rel}","templated":true}]}}