{"id":625652,"date":"2025-07-09T15:15:52","date_gmt":"2025-07-09T19:15:52","guid":{"rendered":"https:\/\/diariodominicano.com\/?p=625652"},"modified":"2025-07-09T15:15:54","modified_gmt":"2025-07-09T19:15:54","slug":"defensa-civil-fortalece-operaciones-en-provincias-con-apoyo-de-arabia-saudita","status":"publish","type":"post","link":"https:\/\/diariodominicano.com\/?p=625652","title":{"rendered":"Defensa Civil fortalece operaciones en provincias con apoyo de Arabia Saudita"},"content":{"rendered":"\n<p><strong>Santo Domingo. &#8211;<\/strong>&nbsp;La Defensa Civil Dominicana, con el financiamiento del Reino de Arabia Saudita, dot\u00f3 este d\u00eda de herramientas y equipos de rescate a varias provincias que, en el a\u00f1o 2022, fueron las m\u00e1s impactadas por el hurac\u00e1n Fiona.<\/p>\n\n\n\n<p>La entrega se realiz\u00f3 como parte de la clausura del proyecto \u201cMejoramiento de las Capacidades Operativas de la Defensa Civil en las Provincias Declaradas en Estado de Emergencia por el Hurac\u00e1n Fiona\u201d, que tuvo como objetivo principal mejorar la eficacia operativa de la instituci\u00f3n de respuesta a emergencias, y que cont\u00f3 con el apoyo del Ministerio de Econom\u00eda, Planificaci\u00f3n y Desarrollo (MEPYD) y el Ministerio de Relaciones Exteriores de la Rep\u00fablica Dominicana, actores clave para su buen desarrollo.<\/p>\n\n\n\n<p>El acto fue encabezado por el presidente de la Comisi\u00f3n Nacional de Emergencias (CNE) y director ejecutivo de la Defensa Civil, Juan Salas, quien se hizo acompa\u00f1ar de la viceministra de Cooperaci\u00f3n Internacional del MEPYD, Olaya Dotel Caraballo; el se\u00f1or Carlos Hern\u00e1ndez, director de Cooperaci\u00f3n Internacional del Ministerio de Relaciones Exteriores; y Andy Rodr\u00edguez Dur\u00e1n, embajador dominicano acreditado ante el Reino de Arabia Saudita.<\/p>\n\n\n\n<p>En su discurso central, Salas afirm\u00f3 que el cierre de este proyecto representa m\u00e1s que una mejora operativa para la Defensa Civil: indic\u00f3 que es un compromiso con la buena gesti\u00f3n de riesgos en el pa\u00eds.<\/p>\n\n\n\n<p>\u201cEl hurac\u00e1n Fiona marc\u00f3 un antes y un despu\u00e9s en nuestra capacidad de respuesta. Gracias a esta iniciativa, damos pasos firmes hacia territorios m\u00e1s resilientes y m\u00e1s preparados, que es la l\u00ednea establecida por el gobierno que encabeza el presidente Luis Abinader. Con este donativo del gobierno de Arabia Saudita, logramos una Defensa Civil m\u00e1s efectiva en su rol de preservar vidas y propiedades.\u201d<\/p>\n\n\n\n<p>Sobre el Proyecto<\/p>\n\n\n\n<p>El proyecto para la mejora de las capacidades operativas de la Defensa Civil tuvo enfoque en las provincias: La Altagracia, Hato Mayor, El Seibo, La Romana, San Pedro de Macor\u00eds, Monte Plata, Duarte, Saman\u00e1, Mar\u00eda Trinidad S\u00e1nchez, La Vega, Santiago y Santo Domingo.<\/p>\n\n\n\n<p>La Defensa Civil en estas comunidades recibi\u00f3 herramientas, equipos de protecci\u00f3n personal y maquinarias de rescate. El proyecto tambi\u00e9n logr\u00f3 la compra de una camioneta que ser\u00e1 utilizada por el Departamento de Operaciones de la sede central, para responder a situaciones adversas.<\/p>\n\n\n\n<p>Durante su desarrollo tambi\u00e9n fue introducida la mejora en los procedimientos relacionados con los protocolos, la articulaci\u00f3n de redes comunitarias, la coordinaci\u00f3n interinstitucional y la planificaci\u00f3n tanto en la sede central como en las oficinas provinciales. Adem\u00e1s, fueron se\u00f1alizadas e identificadas rutas de evacuaci\u00f3n y la ubicaci\u00f3n de los centros colectivos (albergues).<\/p>\n\n\n\n<p>El acto formal cont\u00f3 con la presencia de las 12 gobernadoras de las provincias antes mencionadas, los directores provinciales y regionales de la Defensa Civil; as\u00ed como tambi\u00e9n Max Puig, vicepresidente ejecutivo del Consejo Nacional para el Cambio Clim\u00e1tico; el General Jos\u00e9 Luis Fr\u00f3meta Herasme, intendente de Bomberos; y representantes de la cooperaci\u00f3n.<\/p>\n","protected":false},"excerpt":{"rendered":"<p>Santo Domingo. &#8211;&nbsp;La Defensa Civil Dominicana, con el financiamiento del Reino de Arabia Saudita, dot\u00f3 este d\u00eda de herramientas y equipos de rescate a varias provincias que, en el a\u00f1o 2022, fueron las m\u00e1s impactadas por el hurac\u00e1n Fiona. La entrega se realiz\u00f3 como parte de la clausura del proyecto \u201cMejoramiento de las Capacidades Operativas [&hellip;]<\/p>\n","protected":false},"author":7,"featured_media":625679,"comment_status":"closed","ping_status":"closed","sticky":false,"template":"","format":"standard","meta":{"footnotes":""},"categories":[36],"tags":[573],"class_list":["post-625652","post","type-post","status-publish","format-standard","has-post-thumbnail","hentry","category-hombresmujeresycosas","tag-defensa-civil"],"_links":{"self":[{"href":"https:\/\/diariodominicano.com\/index.php?rest_route=\/wp\/v2\/posts\/625652","targetHints":{"allow":["GET"]}}],"collection":[{"href":"https:\/\/diariodominicano.com\/index.php?rest_route=\/wp\/v2\/posts"}],"about":[{"href":"https:\/\/diariodominicano.com\/index.php?rest_route=\/wp\/v2\/types\/post"}],"author":[{"embeddable":true,"href":"https:\/\/diariodominicano.com\/index.php?rest_route=\/wp\/v2\/users\/7"}],"replies":[{"embeddable":true,"href":"https:\/\/diariodominicano.com\/index.php?rest_route=%2Fwp%2Fv2%2Fcomments&post=625652"}],"version-history":[{"count":1,"href":"https:\/\/diariodominicano.com\/index.php?rest_route=\/wp\/v2\/posts\/625652\/revisions"}],"predecessor-version":[{"id":625680,"href":"https:\/\/diariodominicano.com\/index.php?rest_route=\/wp\/v2\/posts\/625652\/revisions\/625680"}],"wp:featuredmedia":[{"embeddable":true,"href":"https:\/\/diariodominicano.com\/index.php?rest_route=\/wp\/v2\/media\/625679"}],"wp:attachment":[{"href":"https:\/\/diariodominicano.com\/index.php?rest_route=%2Fwp%2Fv2%2Fmedia&parent=625652"}],"wp:term":[{"taxonomy":"category","embeddable":true,"href":"https:\/\/diariodominicano.com\/index.php?rest_route=%2Fwp%2Fv2%2Fcategories&post=625652"},{"taxonomy":"post_tag","embeddable":true,"href":"https:\/\/diariodominicano.com\/index.php?rest_route=%2Fwp%2Fv2%2Ftags&post=625652"}],"curies":[{"name":"wp","href":"https:\/\/api.w.org\/{rel}","templated":true}]}}