{"id":625651,"date":"2025-07-09T14:01:49","date_gmt":"2025-07-09T18:01:49","guid":{"rendered":"https:\/\/diariodominicano.com\/?p=625651"},"modified":"2025-07-09T15:05:59","modified_gmt":"2025-07-09T19:05:59","slug":"gobierno-carece-de-legitimidad-para-exigir-reforma-fiscal","status":"publish","type":"post","link":"https:\/\/diariodominicano.com\/?p=625651","title":{"rendered":"Gobierno carece de legitimidad para exigir reforma fiscal"},"content":{"rendered":"\n<p><em>\u00abSe endeudan para gasto corriente y no para inversiones productivas\u00bb, afirma el secretario de Asuntos Econ\u00f3micos del PLD, Luis Reyes<\/em><\/p>\n\n\n\n<p>Luis Reyes, secretario de Asuntos Econ\u00f3micos del Partido de la Liberaci\u00f3n Dominicana (PLD), afirm\u00f3 que el actual Gobierno carece de autoridad moral y legitimidad pol\u00edtica para exigir una reforma fiscal a la sociedad dominicana, debido a la ineficiencia y mala gesti\u00f3n del gasto p\u00fablico.<\/p>\n\n\n\n<p>Durante una entrevista en el programa Panorama de la Ma\u00f1ana, Reyes sostuvo que uno de los principales problemas econ\u00f3micos del pa\u00eds radica en el d\u00e9ficit presupuestario constante debido a la baja tributaci\u00f3n y la incapacidad de la administraci\u00f3n actual para manejar eficientemente los recursos del Estado.<\/p>\n\n\n\n<p>\u201cGobiernos que no pueden ser eficientes en la gesti\u00f3n del gasto no tienen la autoridad moral para pedirle a la sociedad que le consienta un incremento en las recaudaciones, una reforma fiscal\u201d, enfatiz\u00f3 Reyes.<\/p>\n\n\n\n<p>El dirigente pelede\u00edsta critic\u00f3 la falta de eficiencia en \u00e1reas esenciales como educaci\u00f3n, salud y electricidad, subrayando que el incremento de la n\u00f3mina p\u00fablica y los gastos corrientes han comprometido seriamente el presupuesto nacional.<\/p>\n\n\n\n<p>\u00abLa n\u00f3mina se ha incrementado en 80 mil millones de pesos. Y obviamente, si t\u00fa le sumas el aumento de la n\u00f3mina, le sumas el aumento de los intereses de la deuda, entonces t\u00fa tienes un tremendo problema\u00bb, asegur\u00f3.<\/p>\n\n\n\n<p>Al abordar la gesti\u00f3n financiera durante los gobiernos del PLD, Luis Reyes record\u00f3 que bajo su administraci\u00f3n nunca se tomaron pr\u00e9stamos para financiar gastos corrientes, sino exclusivamente para proyectos de infraestructura que robustecieron el desarrollo econ\u00f3mico nacional.<\/p>\n\n\n\n<p>\u00abNunca tomamos un d\u00f3lar de pr\u00e9stamo para financiar gasto corriente. Nosotros nos endeudamos para financiar obras de infraestructura\u00bb, puntualiz\u00f3.<\/p>\n\n\n\n<p>Sobre el tema de las pensiones, Reyes indic\u00f3 que existe una visi\u00f3n y manejo muy diferente respecto al tema de las pensiones y las ayudas sociales entre el actual gobierno y la administraci\u00f3n anterior. Explic\u00f3 que durante los gobiernos del PLD se incrementaron las pensiones como parte de un plan estructurado para incorporar derechos adquiridos de trabajadores anteriores al sistema vigente, pero que ahora se otorgan pensiones de manera arbitraria y no justificadas,<\/p>\n\n\n\n<p>Record\u00f3 que en los gobiernos del PLD se aumentaron las pensiones, porque la aprobaci\u00f3n de la Ley de Seguridad Social dej\u00f3 un pasivo, con las personas que hab\u00edan acumulado sus a\u00f1os de trabajo en el pasado seguro social (Instituto de Seguros Sociales), y esa gente hab\u00eda que incorporarla, por lo que se hizo un plan a largo plazo, y yo recuerdo que todos los a\u00f1os nosotros aport\u00e1bamos 500 millones para incorporar esas pensiones que eran derechos adquiridos\u201d, destac\u00f3 Reyes.<\/p>\n\n\n\n<p>Respecto al manejo del gasto p\u00fablico y las transferencias sociales implementadas por el gobierno, dijo que existen visiones divergentes sobre la utilidad y duraci\u00f3n de estas ayudas, ya que aunque desde ciertos sectores se defiende la entrega temporal de estos apoyos, resaltan situaciones espec\u00edficas donde la intervenci\u00f3n estatal es indispensable.<\/p>\n\n\n\n<p>\u00abNosotros entendemos que s\u00ed, que temporalmente las ayudas pueden ser importantes. Existen incluso situaciones extraordinarias donde el Estado debe intervenir\u00bb, expres\u00f3 Luis Reyes.<\/p>\n\n\n\n<p>El dirigente Pelede\u00edsta de hizo eco de la denuncia de su Partido sobre la gravedad de la situaci\u00f3n actual en el Servicio Nacional de Salud (Senasa), se\u00f1alando la inexplicable acumulaci\u00f3n de p\u00e9rdidas millonarias que refleja una alarmante deficiencia administrativa.<\/p>\n\n\n\n<p>\u00abSi el gobierno se respetara, esa instituci\u00f3n deb\u00eda ser intervenida ya. \u00bfC\u00f3mo es posible que, en el a\u00f1o 2022, Senasa manifieste p\u00e9rdidas por 1.400 millones, que se acumula a 2.600 millones en 2024, y que para el 2025 digamos que tenemos 6.000 millones y nadie tome medidas?\u00bb, cuestion\u00f3 Luis Reyes.<\/p>\n\n\n\n<p>Reyes insisti\u00f3 en que la verdadera reforma fiscal que necesita el pa\u00eds debe ir acompa\u00f1ada de legitimidad pol\u00edtica, eficiencia administrativa y transparencia absoluta en el manejo de los fondos p\u00fablicos.<\/p>\n\n\n\n<p><strong>SECRETAR\u00cdA DE COMUNICACIONES<\/strong><\/p>\n","protected":false},"excerpt":{"rendered":"<p>\u00abSe endeudan para gasto corriente y no para inversiones productivas\u00bb, afirma el secretario de Asuntos Econ\u00f3micos del PLD, Luis Reyes Luis Reyes, secretario de Asuntos Econ\u00f3micos del Partido de la Liberaci\u00f3n Dominicana (PLD), afirm\u00f3 que el actual Gobierno carece de autoridad moral y legitimidad pol\u00edtica para exigir una reforma fiscal a la sociedad dominicana, debido [&hellip;]<\/p>\n","protected":false},"author":7,"featured_media":625659,"comment_status":"closed","ping_status":"closed","sticky":false,"template":"","format":"standard","meta":{"footnotes":""},"categories":[18,22],"tags":[175],"class_list":["post-625651","post","type-post","status-publish","format-standard","has-post-thumbnail","hentry","category-economia","category-politica","tag-pld"],"_links":{"self":[{"href":"https:\/\/diariodominicano.com\/index.php?rest_route=\/wp\/v2\/posts\/625651","targetHints":{"allow":["GET"]}}],"collection":[{"href":"https:\/\/diariodominicano.com\/index.php?rest_route=\/wp\/v2\/posts"}],"about":[{"href":"https:\/\/diariodominicano.com\/index.php?rest_route=\/wp\/v2\/types\/post"}],"author":[{"embeddable":true,"href":"https:\/\/diariodominicano.com\/index.php?rest_route=\/wp\/v2\/users\/7"}],"replies":[{"embeddable":true,"href":"https:\/\/diariodominicano.com\/index.php?rest_route=%2Fwp%2Fv2%2Fcomments&post=625651"}],"version-history":[{"count":1,"href":"https:\/\/diariodominicano.com\/index.php?rest_route=\/wp\/v2\/posts\/625651\/revisions"}],"predecessor-version":[{"id":625660,"href":"https:\/\/diariodominicano.com\/index.php?rest_route=\/wp\/v2\/posts\/625651\/revisions\/625660"}],"wp:featuredmedia":[{"embeddable":true,"href":"https:\/\/diariodominicano.com\/index.php?rest_route=\/wp\/v2\/media\/625659"}],"wp:attachment":[{"href":"https:\/\/diariodominicano.com\/index.php?rest_route=%2Fwp%2Fv2%2Fmedia&parent=625651"}],"wp:term":[{"taxonomy":"category","embeddable":true,"href":"https:\/\/diariodominicano.com\/index.php?rest_route=%2Fwp%2Fv2%2Fcategories&post=625651"},{"taxonomy":"post_tag","embeddable":true,"href":"https:\/\/diariodominicano.com\/index.php?rest_route=%2Fwp%2Fv2%2Ftags&post=625651"}],"curies":[{"name":"wp","href":"https:\/\/api.w.org\/{rel}","templated":true}]}}