{"id":625568,"date":"2025-07-09T02:27:02","date_gmt":"2025-07-09T06:27:02","guid":{"rendered":"https:\/\/diariodominicano.com\/?p=625568"},"modified":"2025-07-09T02:27:05","modified_gmt":"2025-07-09T06:27:05","slug":"evo-morales-y-hugo-chavez-y-el-principe-arabe-en-la-paz","status":"publish","type":"post","link":"https:\/\/diariodominicano.com\/?p=625568","title":{"rendered":"EVO MORALES\u00a0 Y\u00a0 HUGO CH\u00c1VEZ\u00a0 Y EL PRINCIPE ARABE EN LA PAZ"},"content":{"rendered":"\n<p><strong>Por Pedro Julio Abreu Columna<\/strong><\/p>\n\n\n\n<p>Darle gracias al Dios Todopoderoso, por todo.&nbsp; Les voy a contar sobre dos hechos o historias reales que me contaron en la ciudad de Santa Cruz en Bolivia, pa\u00eds de Sur America.<\/p>\n\n\n\n<figure class=\"wp-block-image size-full\"><img loading=\"lazy\" decoding=\"async\" width=\"300\" height=\"168\" src=\"https:\/\/diariodominicano.com\/wp-content\/uploads\/2025\/07\/Hugo-Chavez-y-Evo-Morales.jpg\" alt=\"\" class=\"wp-image-625569\"\/><\/figure>\n\n\n\n<p><strong>Hugo Ch\u00e1vez y Evo Morales<\/strong><\/p>\n\n\n\n<p>A Nosotros nos invitaron la Agencia Espa\u00f1ola de Cooperaci\u00f3n Internacional y para el Desarrollo (AECID), a un encuentro internacional,\u00a0 que se desarroll\u00f3 en la ciudad de Santa Cruz, en Bolivia.<\/p>\n\n\n\n<p>All\u00ed participaron ciudadanos de Espa\u00f1a y de los pa\u00edses de Latinoam\u00e9rica, y por supuesto Bolivianos, que era el pa\u00eds anfitri\u00f3n del evento.&nbsp;&nbsp; Hace ya muchos a\u00f1os atr\u00e1s,&nbsp; incluso gobernaban sus respectivos pa\u00edses Evo Morales en Bolivia&nbsp; y&nbsp; Hugo Chavez en Venezuela.&nbsp;&nbsp;&nbsp;<\/p>\n\n\n\n<p>Aunque tengo que decir y aclarar que el encuentro no era de pol\u00edtica, sino un evento cultural.<\/p>\n\n\n\n<p>En los momentos de descanso o el tiempo libre, los participantes se conocen y hacen historia y chistes.<\/p>\n\n\n\n<p>Pues ocurre que varios Bolivianos, me contaron estas historias,&nbsp; que me causaron sensaci\u00f3n y que a\u00fan hoy las recuerdo y las tengo presente.&nbsp;&nbsp;&nbsp;<\/p>\n\n\n\n<p>Una fue lo de&nbsp; Evo Morales y Hugo Chavez, es que me contaron estos Bolivianos, que Evo Morales,&nbsp; es de origen de raza Indio,&nbsp; pero que en Bolivia, no se le puede decir indio porque Evo Morales,&nbsp; se molestaba y le hac\u00eda saber de su Enfado, a quien le llamaba Indio.<\/p>\n\n\n\n<p>Pero lo jocoso o chistoso de la historia, es que hab\u00eda un personaje, que le pod\u00eda decir Indio,&nbsp; y&nbsp; Evo Morales se Alegraba,&nbsp; que era el Presidente de Venezuela Hugo Chavez.<\/p>\n\n\n\n<p>Hay que recordar que Hugo Chavez, realizaba unos programas de radio los domingos, que duraban el d\u00eda entero y hasta entrada la noche.<\/p>\n\n\n\n<p>Pues en esos programas de los domingos, Hugo Chavez, acostumbraba a mandar un saludo al&nbsp; Indio Evo Morales, que estaba en sinton\u00eda con el programa radial desde Bolivia.&nbsp;&nbsp;&nbsp;&nbsp;&nbsp;&nbsp;&nbsp;<\/p>\n\n\n\n<p>Dicen entonces los que me comentaron, que Evo Morales, saltaba de j\u00fabilo y alegr\u00eda cada vez, que Hugo Chavez le mandaba ese saludo al Indio Evo Morales que nos reporta su sinton\u00eda con el programa radial.<\/p>\n\n\n\n<p>La otra historia, es que con muy buena intenci\u00f3n me recomendaron y me hicieron la advertencia de que si visitaba La Paz, que es la ciudad de Bolivia.&nbsp; Ya que nosotros est\u00e1bamos en Santa Cruz.&nbsp;&nbsp;&nbsp; Que en La&nbsp; Paz, hay que Comer poquito,&nbsp; Beber o Tomar poquito, andar o caminar de pasito, y si tiene relaciones, tambi\u00e9n poquito.<\/p>\n\n\n\n<p>Todo esto es porque dado la altura sobre el nivel del Mar&nbsp; de 3,650 metros, es decir casi 4 kil\u00f3metros, que tiene la ciudad de La Paz, produce presi\u00f3n alta y el agitarse mucho all\u00ed, o llenarse mucho de comida puede producir infarto y por supuesto la muerte de la persona.<\/p>\n\n\n\n<p>Me pusieron el ejemplo de un Pr\u00edncipe Arabe,&nbsp; que asisti\u00f3 a un evento internacional en la ciudad de La Paz, en Bolivia.&nbsp;&nbsp;&nbsp;&nbsp; Al pr\u00edncipe le dijeron lo mismo que a mi,&nbsp;&nbsp; \u201cQue en La&nbsp; Paz, hay que Comer poquito,&nbsp; Beber o Tomar poquito, andar o caminar de pasito, y si tiene relaciones, tambi\u00e9n poquito\u201d.<\/p>\n\n\n\n<p>El Pr\u00edncipe, hizo todo lo contrario a lo que le recomendaron, Comi\u00f3 Mucho, Bebi\u00f3 Mucho alcohol y se acost\u00f3 con dos mujeres juntas.&nbsp;<\/p>\n\n\n\n<p>El resultado fue que al otro d\u00eda todos se informaron que el Pr\u00edncipe hab\u00eda muerto.<\/p>\n\n\n\n<p>Por eso te recomiendo mi querido y querida lector, que si vas a La PAZ, Bolivia,\u00a0 tome en consideraci\u00f3n estos consejos.<\/p>\n\n\n\n<p><a target=\"_blank\" href=\"mailto:pedroreysalomon@gmail.com\" rel=\"noreferrer noopener\">pedroreysalomon@gmail.com<\/a><\/p>\n","protected":false},"excerpt":{"rendered":"<p>Por Pedro Julio Abreu Columna Darle gracias al Dios Todopoderoso, por todo.&nbsp; Les voy a contar sobre dos hechos o historias reales que me contaron en la ciudad de Santa Cruz en Bolivia, pa\u00eds de Sur America. Hugo Ch\u00e1vez y Evo Morales A Nosotros nos invitaron la Agencia Espa\u00f1ola de Cooperaci\u00f3n Internacional y para el [&hellip;]<\/p>\n","protected":false},"author":2,"featured_media":503216,"comment_status":"closed","ping_status":"closed","sticky":false,"template":"","format":"standard","meta":{"footnotes":""},"categories":[36,16],"tags":[],"class_list":["post-625568","post","type-post","status-publish","format-standard","has-post-thumbnail","hentry","category-hombresmujeresycosas","category-opiniones"],"_links":{"self":[{"href":"https:\/\/diariodominicano.com\/index.php?rest_route=\/wp\/v2\/posts\/625568","targetHints":{"allow":["GET"]}}],"collection":[{"href":"https:\/\/diariodominicano.com\/index.php?rest_route=\/wp\/v2\/posts"}],"about":[{"href":"https:\/\/diariodominicano.com\/index.php?rest_route=\/wp\/v2\/types\/post"}],"author":[{"embeddable":true,"href":"https:\/\/diariodominicano.com\/index.php?rest_route=\/wp\/v2\/users\/2"}],"replies":[{"embeddable":true,"href":"https:\/\/diariodominicano.com\/index.php?rest_route=%2Fwp%2Fv2%2Fcomments&post=625568"}],"version-history":[{"count":1,"href":"https:\/\/diariodominicano.com\/index.php?rest_route=\/wp\/v2\/posts\/625568\/revisions"}],"predecessor-version":[{"id":625570,"href":"https:\/\/diariodominicano.com\/index.php?rest_route=\/wp\/v2\/posts\/625568\/revisions\/625570"}],"wp:featuredmedia":[{"embeddable":true,"href":"https:\/\/diariodominicano.com\/index.php?rest_route=\/wp\/v2\/media\/503216"}],"wp:attachment":[{"href":"https:\/\/diariodominicano.com\/index.php?rest_route=%2Fwp%2Fv2%2Fmedia&parent=625568"}],"wp:term":[{"taxonomy":"category","embeddable":true,"href":"https:\/\/diariodominicano.com\/index.php?rest_route=%2Fwp%2Fv2%2Fcategories&post=625568"},{"taxonomy":"post_tag","embeddable":true,"href":"https:\/\/diariodominicano.com\/index.php?rest_route=%2Fwp%2Fv2%2Ftags&post=625568"}],"curies":[{"name":"wp","href":"https:\/\/api.w.org\/{rel}","templated":true}]}}