{"id":625526,"date":"2025-07-09T01:12:57","date_gmt":"2025-07-09T05:12:57","guid":{"rendered":"https:\/\/diariodominicano.com\/?p=625526"},"modified":"2025-07-09T01:12:59","modified_gmt":"2025-07-09T05:12:59","slug":"ministerio-publico-arresta-a-hombre-que-llevaba-dos-anos-profugo-tras-ultimar-un-joven-en-herrera","status":"publish","type":"post","link":"https:\/\/diariodominicano.com\/?p=625526","title":{"rendered":"Ministerio P\u00fablico arresta a hombre que llevaba dos a\u00f1os pr\u00f3fugo tras ultimar un joven en Herrera"},"content":{"rendered":"\n<p><strong>SANTO DOMINGO (Rep\u00fablica Dominicana).-<\/strong>&nbsp;El Ministerio P\u00fablico arrest\u00f3 a un hombre vinculado con la muerte de un joven ocurrida el 16 de abril de 2023 en el sector Buenos Aires de Herrera, en Santo Domingo Oeste.<\/p>\n\n\n\n<p>Albert Miguel Pimentel Ure\u00f1a fue capturado en cumplimiento de la orden de arresto TAUT-01173, emitida en el a\u00f1o 2024, tras las investigaciones iniciadas por el Ministerio P\u00fablico que lo se\u00f1alan como responsable de causar la muerte, con un arma de fuego, a \u00c1ngelo Bladimir Mateo Contreras.<\/p>\n\n\n\n<p>Seg\u00fan los datos preliminares, el imputado y la v\u00edctima habr\u00edan tenido conflictos personales previos.<\/p>\n\n\n\n<p>La Fiscal\u00eda de Santo Domingo Oeste presentar\u00e1 en las pr\u00f3ximas horas la solicitud de medida de coerci\u00f3n, consistente en prisi\u00f3n preventiva, en contra del imputado, quien enfrenta cargos por violaci\u00f3n de los art\u00edculos 295 y 304 del C\u00f3digo Penal Dominicano, as\u00ed como de varios art\u00edculos de la Ley 631-16 para el Control y Regulaci\u00f3n de Armas, Municiones y Materiales Relacionados.<\/p>\n\n\n\n<p>La instancia ser\u00e1 depositada en la Oficina Judicial de Servicios de Atenci\u00f3n Permanente de Santo Domingo Oeste.<\/p>\n\n\n\n<p><strong>Direcci\u00f3n General de Comunicaci\u00f3n, Prensa y RRPP<\/strong><\/p>\n\n\n\n<p><strong>Ministerio P\u00fablico RD<\/strong><\/p>\n\n\n\n<p>Comunicaciones PGR <a href=\"mailto:comunicaciones@pgr.gob.do\">comunicaciones@pgr.gob.do<\/a><\/p>\n","protected":false},"excerpt":{"rendered":"<p>SANTO DOMINGO (Rep\u00fablica Dominicana).-&nbsp;El Ministerio P\u00fablico arrest\u00f3 a un hombre vinculado con la muerte de un joven ocurrida el 16 de abril de 2023 en el sector Buenos Aires de Herrera, en Santo Domingo Oeste. Albert Miguel Pimentel Ure\u00f1a fue capturado en cumplimiento de la orden de arresto TAUT-01173, emitida en el a\u00f1o 2024, tras [&hellip;]<\/p>\n","protected":false},"author":7,"featured_media":495896,"comment_status":"closed","ping_status":"closed","sticky":false,"template":"","format":"standard","meta":{"footnotes":""},"categories":[24],"tags":[171],"class_list":["post-625526","post","type-post","status-publish","format-standard","has-post-thumbnail","hentry","category-justicia-y-derecho","tag-ministerio-publico"],"_links":{"self":[{"href":"https:\/\/diariodominicano.com\/index.php?rest_route=\/wp\/v2\/posts\/625526","targetHints":{"allow":["GET"]}}],"collection":[{"href":"https:\/\/diariodominicano.com\/index.php?rest_route=\/wp\/v2\/posts"}],"about":[{"href":"https:\/\/diariodominicano.com\/index.php?rest_route=\/wp\/v2\/types\/post"}],"author":[{"embeddable":true,"href":"https:\/\/diariodominicano.com\/index.php?rest_route=\/wp\/v2\/users\/7"}],"replies":[{"embeddable":true,"href":"https:\/\/diariodominicano.com\/index.php?rest_route=%2Fwp%2Fv2%2Fcomments&post=625526"}],"version-history":[{"count":1,"href":"https:\/\/diariodominicano.com\/index.php?rest_route=\/wp\/v2\/posts\/625526\/revisions"}],"predecessor-version":[{"id":625539,"href":"https:\/\/diariodominicano.com\/index.php?rest_route=\/wp\/v2\/posts\/625526\/revisions\/625539"}],"wp:featuredmedia":[{"embeddable":true,"href":"https:\/\/diariodominicano.com\/index.php?rest_route=\/wp\/v2\/media\/495896"}],"wp:attachment":[{"href":"https:\/\/diariodominicano.com\/index.php?rest_route=%2Fwp%2Fv2%2Fmedia&parent=625526"}],"wp:term":[{"taxonomy":"category","embeddable":true,"href":"https:\/\/diariodominicano.com\/index.php?rest_route=%2Fwp%2Fv2%2Fcategories&post=625526"},{"taxonomy":"post_tag","embeddable":true,"href":"https:\/\/diariodominicano.com\/index.php?rest_route=%2Fwp%2Fv2%2Ftags&post=625526"}],"curies":[{"name":"wp","href":"https:\/\/api.w.org\/{rel}","templated":true}]}}