{"id":625492,"date":"2025-07-08T21:22:45","date_gmt":"2025-07-09T01:22:45","guid":{"rendered":"https:\/\/diariodominicano.com\/?p=625492"},"modified":"2025-07-08T21:52:34","modified_gmt":"2025-07-09T01:52:34","slug":"conversatorio-adie-almacenamiento-con-baterias-es-clave-para-una-red-electrica-mas-estable-y-resiliente","status":"publish","type":"post","link":"https:\/\/diariodominicano.com\/?p=625492","title":{"rendered":"Conversatorio ADIE: Almacenamiento con bater\u00edas es clave para una red el\u00e9ctrica m\u00e1s estable y resiliente"},"content":{"rendered":"\n<p><strong><em>Expertos del sector p\u00fablico y privado en temas t\u00e9cnicos y financieros analizan los retos regulatorios, t\u00e9cnicos y de inversi\u00f3n para integrar sistemas de almacenamiento con bater\u00edas al sistema el\u00e9ctrico nacional.<\/em><\/strong><\/p>\n\n\n\n<p><strong>Santo Domingo, Rep\u00fablica Dominicana. \u2013<\/strong>&nbsp;La Asociaci\u00f3n Dominicana de la Industria El\u00e9ctrica (ADIE) celebr\u00f3 el conversatorio&nbsp;<strong>\u201cAlmacenamiento de Energ\u00eda: Bater\u00edas para una Red El\u00e9ctrica Estable y Resiliente\u201d<\/strong>&nbsp;, en el que expertos locales e internacionales discutieron los desaf\u00edos y oportunidades que plantea esta tecnolog\u00eda para la transformaci\u00f3n del sistema el\u00e9ctrico nacional.<\/p>\n\n\n\n<p>\u201cEl almacenamiento ya no es una alternativa a futuro, es una urgencia del presente que debemos abordar con seriedad y visi\u00f3n t\u00e9cnica\u201d, expres\u00f3 Manuel Cabral, vicepresidente ejecutivo de ADIE, al ofrecer las palabras de bienvenida.<\/p>\n\n\n\n<figure class=\"wp-block-image size-large\"><img loading=\"lazy\" decoding=\"async\" width=\"1024\" height=\"683\" src=\"https:\/\/diariodominicano.com\/wp-content\/uploads\/2025\/07\/Edy-Jimenez-Daniel-Chacon-Chadia-Abreu-Edward-Veras-Manuel-Cabral-Maria-Guerras-Ricardo-Estevez-y-Victor-Rodriguez-1024x683.jpg\" alt=\"\" class=\"wp-image-625509\" srcset=\"https:\/\/diariodominicano.com\/wp-content\/uploads\/2025\/07\/Edy-Jimenez-Daniel-Chacon-Chadia-Abreu-Edward-Veras-Manuel-Cabral-Maria-Guerras-Ricardo-Estevez-y-Victor-Rodriguez-1024x683.jpg 1024w, https:\/\/diariodominicano.com\/wp-content\/uploads\/2025\/07\/Edy-Jimenez-Daniel-Chacon-Chadia-Abreu-Edward-Veras-Manuel-Cabral-Maria-Guerras-Ricardo-Estevez-y-Victor-Rodriguez-300x200.jpg 300w, https:\/\/diariodominicano.com\/wp-content\/uploads\/2025\/07\/Edy-Jimenez-Daniel-Chacon-Chadia-Abreu-Edward-Veras-Manuel-Cabral-Maria-Guerras-Ricardo-Estevez-y-Victor-Rodriguez-768x512.jpg 768w, https:\/\/diariodominicano.com\/wp-content\/uploads\/2025\/07\/Edy-Jimenez-Daniel-Chacon-Chadia-Abreu-Edward-Veras-Manuel-Cabral-Maria-Guerras-Ricardo-Estevez-y-Victor-Rodriguez-816x544.jpg 816w, https:\/\/diariodominicano.com\/wp-content\/uploads\/2025\/07\/Edy-Jimenez-Daniel-Chacon-Chadia-Abreu-Edward-Veras-Manuel-Cabral-Maria-Guerras-Ricardo-Estevez-y-Victor-Rodriguez.jpg 1131w\" sizes=\"auto, (max-width: 1024px) 100vw, 1024px\" \/><figcaption class=\"wp-element-caption\">Edy Jim\u00e9nez, Daniel Chaco\u0301n, Chadia Abreu, Edward Veras, Manuel Cabral, Mar\u00eda Guerras, Ricardo Est\u00e9vez y Vi\u0301ctor Rodri\u0301guez <\/figcaption><\/figure>\n\n\n\n<p>Durante la primera ponencia, Edy Jim\u00e9nez, vicepresidente comercial de AES Dominicana, afirm\u00f3 que \u00ablas bater\u00edas son el complemento natural para una matriz m\u00e1s sostenible. Sin almacenamiento, el crecimiento renovable no es viable a largo plazo\u00bb. Record\u00f3 adem\u00e1s que la ADIE lleva m\u00e1s de un a\u00f1o promoviendo el tema en di\u00e1logo con las autoridades.<\/p>\n\n\n\n<p>Como invitado internacional, Daniel Chac\u00f3n, de la empresa Fluence, comparti\u00f3 casos de \u00e9xito en Estados Unidos, Chile y Europa. Subray\u00f3 que \u201cla regi\u00f3n tiene un enorme potencial, y Rep\u00fablica Dominicana puede posicionarse como l\u00edder si act\u00faa a tiempo\u201d.<\/p>\n\n\n\n<p>En el Conversatorio, se ofrecieron declaraciones respecto a c\u00f3mo el almacenamiento energ\u00e9tico permite reducir los costos operativos del sistema al disminuir el uso de generaci\u00f3n t\u00e9rmica en horas pico y optimizar el despacho de renovables. Tambi\u00e9n mejora la calidad del servicio al ofrecer una respuesta r\u00e1pida ante variaciones en la red, lo cual resulta fundamental en un pa\u00eds expuesto a fen\u00f3menos clim\u00e1ticos extremos.<\/p>\n\n\n\n<p>Durante el panel principal, Edward Veras, director de la Comisi\u00f3n Nacional de Energ\u00eda (CNE), destac\u00f3 que \u201cel almacenamiento debe incorporarse en la planificaci\u00f3n del sistema como herramienta estrat\u00e9gica para la estabilidad\u201d. Ricardo Est\u00e9vez, de EGE Haina, sostuvo que esta tecnolog\u00eda aportar\u00e1 flexibilidad operativa sin comprometer la seguridad del sistema.<\/p>\n\n\n\n<p>En ese mismo sentido, V\u00edctor Rodr\u00edguez, de CEPM, llam\u00f3 a establecer \u201creglas claras para que los inversionistas ejecuten proyectos con confianza\u201d. Por su parte, Mar\u00eda Guerra, ejecutiva de Citi Bank, afirm\u00f3 que \u201cel sector financiero est\u00e1 dispuesto a apoyar la incorporaci\u00f3n del almacenamiento, siempre que exista claridad regulatoria y una visi\u00f3n de largo plazo\u201d.<\/p>\n\n\n\n<p>En materia de financiamiento, los expertos coincidieron en que ser\u00e1 clave definir mecanismos que remuneran los servicios que brindan las bater\u00edas, como la regulaci\u00f3n de frecuencia o el respaldo en situaciones cr\u00edticas. Con un marco adecuado, estos proyectos podr\u00edan beneficiarse de instrumentos de financiamiento verde y l\u00edneas de cr\u00e9dito internacionales dirigidas a la transici\u00f3n energ\u00e9tica.<\/p>\n\n\n\n<p>Con este encuentro, la ADIE reafirma su compromiso con una transici\u00f3n energ\u00e9tica ordenada, impulsando espacios t\u00e9cnicos que fortalezcan la sostenibilidad y resiliencia del sistema el\u00e9ctrico nacional.<\/p>\n\n\n\n<p>Karina Pinales <a href=\"mailto:karina@mediaticos.com.do\">karina@mediaticos.com.do<\/a> <\/p>\n","protected":false},"excerpt":{"rendered":"<p>Expertos del sector p\u00fablico y privado en temas t\u00e9cnicos y financieros analizan los retos regulatorios, t\u00e9cnicos y de inversi\u00f3n para integrar sistemas de almacenamiento con bater\u00edas al sistema el\u00e9ctrico nacional. Santo Domingo, Rep\u00fablica Dominicana. \u2013&nbsp;La Asociaci\u00f3n Dominicana de la Industria El\u00e9ctrica (ADIE) celebr\u00f3 el conversatorio&nbsp;\u201cAlmacenamiento de Energ\u00eda: Bater\u00edas para una Red El\u00e9ctrica Estable y Resiliente\u201d&nbsp;, [&hellip;]<\/p>\n","protected":false},"author":7,"featured_media":625508,"comment_status":"closed","ping_status":"closed","sticky":false,"template":"","format":"standard","meta":{"footnotes":""},"categories":[36],"tags":[2797],"class_list":["post-625492","post","type-post","status-publish","format-standard","has-post-thumbnail","hentry","category-hombresmujeresycosas","tag-adie"],"_links":{"self":[{"href":"https:\/\/diariodominicano.com\/index.php?rest_route=\/wp\/v2\/posts\/625492","targetHints":{"allow":["GET"]}}],"collection":[{"href":"https:\/\/diariodominicano.com\/index.php?rest_route=\/wp\/v2\/posts"}],"about":[{"href":"https:\/\/diariodominicano.com\/index.php?rest_route=\/wp\/v2\/types\/post"}],"author":[{"embeddable":true,"href":"https:\/\/diariodominicano.com\/index.php?rest_route=\/wp\/v2\/users\/7"}],"replies":[{"embeddable":true,"href":"https:\/\/diariodominicano.com\/index.php?rest_route=%2Fwp%2Fv2%2Fcomments&post=625492"}],"version-history":[{"count":2,"href":"https:\/\/diariodominicano.com\/index.php?rest_route=\/wp\/v2\/posts\/625492\/revisions"}],"predecessor-version":[{"id":625515,"href":"https:\/\/diariodominicano.com\/index.php?rest_route=\/wp\/v2\/posts\/625492\/revisions\/625515"}],"wp:featuredmedia":[{"embeddable":true,"href":"https:\/\/diariodominicano.com\/index.php?rest_route=\/wp\/v2\/media\/625508"}],"wp:attachment":[{"href":"https:\/\/diariodominicano.com\/index.php?rest_route=%2Fwp%2Fv2%2Fmedia&parent=625492"}],"wp:term":[{"taxonomy":"category","embeddable":true,"href":"https:\/\/diariodominicano.com\/index.php?rest_route=%2Fwp%2Fv2%2Fcategories&post=625492"},{"taxonomy":"post_tag","embeddable":true,"href":"https:\/\/diariodominicano.com\/index.php?rest_route=%2Fwp%2Fv2%2Ftags&post=625492"}],"curies":[{"name":"wp","href":"https:\/\/api.w.org\/{rel}","templated":true}]}}