{"id":625459,"date":"2025-07-08T17:42:40","date_gmt":"2025-07-08T21:42:40","guid":{"rendered":"https:\/\/diariodominicano.com\/?p=625459"},"modified":"2025-07-08T17:42:42","modified_gmt":"2025-07-08T21:42:42","slug":"ministerio-de-la-mujer-rescata-el-legado-de-ercilia-pepin-y-luisa-ozema-pellerano-al-trasladarlas-al-panteon-de-la-patria","status":"publish","type":"post","link":"https:\/\/diariodominicano.com\/?p=625459","title":{"rendered":"Ministerio de la Mujer rescata el legado de Ercilia Pep\u00edn y Luisa Ozema Pellerano al trasladarlas al Pante\u00f3n de la Patria\u00a0"},"content":{"rendered":"\n<p><em>Sus restos reposar\u00e1n en el lugar m\u00e1s sagrado de nuestra memoria nacional: el Pante\u00f3n de la Patria, donde reposan otras grandes mujeres dominicanas.<\/em><\/p>\n\n\n\n<p><strong>Santiago.<\/strong> El Ministerio de la Mujer trasladar\u00e1 los restos mortales de las destacadas educadoras y feministas dominicanas Ercilia Pep\u00edn Estrella y Luisa Ozema Pellerano Castro al Pante\u00f3n de la Patria, conforme a los decretos n\u00famero 282-25 y 281-25, emitidos por el presidente de la Rep\u00fablica, Luis Abinader.<\/p>\n\n\n\n<p>Durante la rueda de prensa realizada este martes en el Ayuntamiento de Santiago, la ministra de la Mujer, Mayra Jim\u00e9nez, destac\u00f3 que estas disposiciones son fruto de la gesti\u00f3n realizada por el Ministerio de la Mujer, como un acto de reparaci\u00f3n simb\u00f3lica y reconocimiento institucional que honra a mujeres que dejaron una huella indeleble en la educaci\u00f3n, el pensamiento cr\u00edtico, la defensa de la soberan\u00eda y los derechos de las mujeres en la Rep\u00fablica Dominicana.&nbsp;<\/p>\n\n\n\n<figure class=\"wp-block-image size-full\"><img loading=\"lazy\" decoding=\"async\" width=\"994\" height=\"632\" src=\"https:\/\/diariodominicano.com\/wp-content\/uploads\/2025\/07\/Ministerio-de-la-Mujer-rescata-el-legado-de-Ercilia-Pepin-y-Luisa-Ozema-Pellerano-al-trasladarlas-al-Panteon-de-la-Patria.jpg\" alt=\"\" class=\"wp-image-625483\" srcset=\"https:\/\/diariodominicano.com\/wp-content\/uploads\/2025\/07\/Ministerio-de-la-Mujer-rescata-el-legado-de-Ercilia-Pepin-y-Luisa-Ozema-Pellerano-al-trasladarlas-al-Panteon-de-la-Patria.jpg 994w, https:\/\/diariodominicano.com\/wp-content\/uploads\/2025\/07\/Ministerio-de-la-Mujer-rescata-el-legado-de-Ercilia-Pepin-y-Luisa-Ozema-Pellerano-al-trasladarlas-al-Panteon-de-la-Patria-300x191.jpg 300w, https:\/\/diariodominicano.com\/wp-content\/uploads\/2025\/07\/Ministerio-de-la-Mujer-rescata-el-legado-de-Ercilia-Pepin-y-Luisa-Ozema-Pellerano-al-trasladarlas-al-Panteon-de-la-Patria-768x488.jpg 768w, https:\/\/diariodominicano.com\/wp-content\/uploads\/2025\/07\/Ministerio-de-la-Mujer-rescata-el-legado-de-Ercilia-Pepin-y-Luisa-Ozema-Pellerano-al-trasladarlas-al-Panteon-de-la-Patria-816x519.jpg 816w\" sizes=\"auto, (max-width: 994px) 100vw, 994px\" \/><\/figure>\n\n\n\n<p>\u201cPresidir esta comisi\u00f3n no es un acto protocolar. Es un compromiso profundo con la historia de las mujeres dominicanas, con el deber institucional de visibilizar sus aportes y de garantizar que su legado permanezca vivo en nuestra memoria nacional\u201d, se\u00f1al\u00f3 Mayra Jim\u00e9nez.&nbsp;<\/p>\n\n\n\n<p>Jim\u00e9nez explic\u00f3 que el Ministerio de la Mujer iniciar\u00e1 esta misma semana los trabajos de coordinaci\u00f3n que incluir\u00e1n la convocatoria y juramentaci\u00f3n de la comisi\u00f3n por parte del presidente de la Rep\u00fablica, as\u00ed como las gestiones con el Ayuntamiento de Santiago, y con todas las instancias involucradas en la aplicaci\u00f3n de los protocolos para la exhumaci\u00f3n, traslado y ceremonia oficial de inhumaci\u00f3n en Santo Domingo.<\/p>\n\n\n\n<p>El alcalde de Santiago, Ulises Rodr\u00edguez, resalt\u00f3 que es un acto de justicia hist\u00f3rica el Decreto 282-25 que ordena el traslado de los restos de Ercilia Pep\u00edn al Pante\u00f3n de la Patria, destacando su legado como educadora y patriota. Adem\u00e1s, que esta decisi\u00f3n honra no solo a una hija ilustre de Santiago, sino tambi\u00e9n a todas las mujeres dominicanas que lucharon por la libertad y la soberan\u00eda nacional.<\/p>\n\n\n\n<p>\u201cRecibo con profundo orgullo el decreto que ordena el traslado de Ercilia Pep\u00edn al Pante\u00f3n de la Patria. Desde esta tierra de valientes, celebramos que el Estado reconozca la grandeza de una mujer que educ\u00f3 para la libertad y que sembr\u00f3 patria desde el aula\u201d, expres\u00f3 Ulises Rodr\u00edguez.<\/p>\n\n\n\n<p>El Decreto n\u00famero 282-25 reconoce la figura de Ercilia Pep\u00edn como una educadora, feminista y patriota que dej\u00f3 una huella indeleble en la formaci\u00f3n c\u00edvica del pa\u00eds. Nacida en Santiago, fue una pionera del pensamiento cr\u00edtico, una voz firme frente a la ocupaci\u00f3n extranjera y una intelectual adelantada a su tiempo que utiliz\u00f3 la palabra como herramienta de transformaci\u00f3n.<\/p>\n\n\n\n<p>Por otra parte, el Decreto n\u00famero 281-25, emitido en ocasi\u00f3n del 123 aniversario del fallecimiento de Luiza Ozema Pellerano, dispone el traslado de sus retos mortales al Pante\u00f3n de la Patria, en tributo a su destacada trayectoria como educadora, fil\u00e1ntropa, diplom\u00e1tica y defensora de los derechos humanos y de la mujer dominicana.<\/p>\n\n\n\n<p>Las dos exaltaciones se suman a las acciones del Ministerio de la Mujer por rescatar la memoria hist\u00f3rica de las dominicanas. Con estos traslados, ser\u00e1n nueve las mujeres cuyos restos reposar\u00e1n en el lugar m\u00e1s sagrado de nuestra memoria nacional: el Pante\u00f3n de la Patria, Salom\u00e9 Ure\u00f1a de Henr\u00edquez, Balbina de Pe\u00f1a S\u00e1nchez, Socorro del Rosario S\u00e1nchez, Concepci\u00f3n Bona, Mar\u00eda Trinidad S\u00e1nchez, Rosa Duarte y Ana Emilia Abigail Mej\u00eda Soli\u00e8re.<\/p>\n\n\n\n<p>Para ambos traslados, la comisi\u00f3n estar\u00e1 presidida por la ministra de la Mujer e integrada por el presidente de la Comisi\u00f3n Permanente de Efem\u00e9rides Patrias, el presidente de la Academia Dominicana de Historia, el director del Archivo General de la Naci\u00f3n, y representantes del Ministerio de Cultura, del Ministerio de Defensa, del Ministerio de Educaci\u00f3n, de la Universidad Aut\u00f3noma de Santo Domingo (UASD) y de la Asociaci\u00f3n Dominicana de Universidades (ADOU).<\/p>\n\n\n\n<p>El Ministerio de la Mujer se compromete a conducir este proceso con el respeto, la solemnidad y la altura que la figura de Ercilia Pep\u00edn y Luisa Ozema Pellerano merecen, reafirmando el compromiso del presidente Luis Abinader con el rescate de la memoria hist\u00f3rica de las mujeres y el reconocimiento del liderazgo, la lucha y la visi\u00f3n de las dominicanas.<\/p>\n\n\n\n<p>Prensa Ministerio de la Mujer <a href=\"mailto:prensa@mujergobdo.onmicrosoft.com\">prensa@mujergobdo.onmicrosoft.com<\/a>&nbsp;<\/p>\n","protected":false},"excerpt":{"rendered":"<p>Sus restos reposar\u00e1n en el lugar m\u00e1s sagrado de nuestra memoria nacional: el Pante\u00f3n de la Patria, donde reposan otras grandes mujeres dominicanas. Santiago. El Ministerio de la Mujer trasladar\u00e1 los restos mortales de las destacadas educadoras y feministas dominicanas Ercilia Pep\u00edn Estrella y Luisa Ozema Pellerano Castro al Pante\u00f3n de la Patria, conforme a [&hellip;]<\/p>\n","protected":false},"author":7,"featured_media":625482,"comment_status":"closed","ping_status":"closed","sticky":false,"template":"","format":"standard","meta":{"footnotes":""},"categories":[36],"tags":[188],"class_list":["post-625459","post","type-post","status-publish","format-standard","has-post-thumbnail","hentry","category-hombresmujeresycosas","tag-ministerio-de-la-mujer"],"_links":{"self":[{"href":"https:\/\/diariodominicano.com\/index.php?rest_route=\/wp\/v2\/posts\/625459","targetHints":{"allow":["GET"]}}],"collection":[{"href":"https:\/\/diariodominicano.com\/index.php?rest_route=\/wp\/v2\/posts"}],"about":[{"href":"https:\/\/diariodominicano.com\/index.php?rest_route=\/wp\/v2\/types\/post"}],"author":[{"embeddable":true,"href":"https:\/\/diariodominicano.com\/index.php?rest_route=\/wp\/v2\/users\/7"}],"replies":[{"embeddable":true,"href":"https:\/\/diariodominicano.com\/index.php?rest_route=%2Fwp%2Fv2%2Fcomments&post=625459"}],"version-history":[{"count":1,"href":"https:\/\/diariodominicano.com\/index.php?rest_route=\/wp\/v2\/posts\/625459\/revisions"}],"predecessor-version":[{"id":625484,"href":"https:\/\/diariodominicano.com\/index.php?rest_route=\/wp\/v2\/posts\/625459\/revisions\/625484"}],"wp:featuredmedia":[{"embeddable":true,"href":"https:\/\/diariodominicano.com\/index.php?rest_route=\/wp\/v2\/media\/625482"}],"wp:attachment":[{"href":"https:\/\/diariodominicano.com\/index.php?rest_route=%2Fwp%2Fv2%2Fmedia&parent=625459"}],"wp:term":[{"taxonomy":"category","embeddable":true,"href":"https:\/\/diariodominicano.com\/index.php?rest_route=%2Fwp%2Fv2%2Fcategories&post=625459"},{"taxonomy":"post_tag","embeddable":true,"href":"https:\/\/diariodominicano.com\/index.php?rest_route=%2Fwp%2Fv2%2Ftags&post=625459"}],"curies":[{"name":"wp","href":"https:\/\/api.w.org\/{rel}","templated":true}]}}