{"id":625457,"date":"2025-07-08T16:22:52","date_gmt":"2025-07-08T20:22:52","guid":{"rendered":"https:\/\/diariodominicano.com\/?p=625457"},"modified":"2025-07-08T16:23:09","modified_gmt":"2025-07-08T20:23:09","slug":"prision-para-los-principales-imputados-de-red-de-trata-de-personas-desmantelada-con-la-operacion-begonias","status":"publish","type":"post","link":"https:\/\/diariodominicano.com\/?p=625457","title":{"rendered":"Prisi\u00f3n para los principales imputados de red de trata de personas desmantelada con la Operaci\u00f3n Begonias"},"content":{"rendered":"\n<p><em><u>El Ministerio P\u00fablico imputa a los procesados por delitos de trata de personas con fines de explotaci\u00f3n sexual, asociaci\u00f3n de malhechores y lavado de activos<\/u><\/em><\/p>\n\n\n\n<p><strong>SANTO DOMINGO (Rep\u00fablica Dominicana).-<\/strong>&nbsp;Basado en las evidencias aportadas por el Ministerio P\u00fablico, un tribunal de Santo Domingo Este impuso prisi\u00f3n preventiva por espacio de tres meses, como medida de coerci\u00f3n, contra los principales imputados de la red de trata de personas desmantelada con la Operaci\u00f3n Begonias.<\/p>\n\n\n\n<p>El caso fue declarado complejo y se impuso la prisi\u00f3n preventiva contra los dominicanos Wilson P\u00e9rez Duque (el Menor) y Ariel Alfredo Soto Madrigal (el Gordo) y las colombianas Karen Juliana Chia Gelvez (Nana y\/o Naye y\/o Colombiana), Lina Marcela Valdez Cortes y Yasibit Esaleivi L\u00f3pez Medina (Cristal). Los procesados deber\u00e1n cumplir la medida en los centros de correcci\u00f3n y rehabilitaci\u00f3n Najayo Hombres y Najayo Mujeres, en San Crist\u00f3bal.<\/p>\n\n\n\n<p>A Johanse D\u00edaz Casado (Johan el Gordo) le fue impuesto arresto domiciliario, una garant\u00eda econ\u00f3mica de 50 mil pesos e impedimento de salida del pa\u00eds.<\/p>\n\n\n\n<p>En tanto que Johanse D\u00edaz Lemonier (Johan) y Lilian Yleana Sierra Espinosa recibieron la imposici\u00f3n de una garant\u00eda econ\u00f3mica de 25 mil pesos, impedimento de salida y presentaci\u00f3n peri\u00f3dica.<\/p>\n\n\n\n<p>El Ministerio P\u00fablico realiza las investigaciones a trav\u00e9s de la Direcci\u00f3n General de Persecuci\u00f3n del Ministerio P\u00fablico, la Procuradur\u00eda Especializada contra el Tr\u00e1fico Il\u00edcito de Migrantes y Trata de Personas (PETT) y la Fiscal\u00eda de Santo Domingo Este.<\/p>\n\n\n\n<p>En la audiencia el Ministerio P\u00fablico estuvo representado por la fiscal litigante Flor Jim\u00e9nez, quien aport\u00f3 las evidencias que vinculan a los procesados con los hechos y que fueron acogidas por el juez Leomar Cruz Quezada, de la Oficina Judicial de Servicios de Atenci\u00f3n Permanente de Santo Domingo Este, para imponer las medidas de coerci\u00f3n a los imputados.<\/p>\n\n\n\n<p>Los procesados incurrieron en trata de personas con fines de explotaci\u00f3n sexual, asociaci\u00f3n de malhechores y lavado de activos.<\/p>\n\n\n\n<p>El Ministerio P\u00fablico indic\u00f3 que los imputados arrestados como parte de la Operaci\u00f3n Begonias captaban en Colombia y movilizaban al pa\u00eds a las j\u00f3venes que explotaban sexualmente.<\/p>\n\n\n\n<p>El grupo ofertaba trabajo a las v\u00edctimas como bartender o camareras de hoteles.<\/p>\n\n\n\n<p>El \u00f3rgano persecutor detall\u00f3 que despu\u00e9s de traerlas reten\u00edan sus documentos y las amenazaban con hacerle da\u00f1o a sus familiares en Colombia, al tiempo de presionarlas por una supuesta deuda de 3,500 a 4,000 d\u00f3lares que le hac\u00edan pagar si quer\u00edan aceptar la promesa de que podr\u00edan liberarlas.<\/p>\n\n\n\n<p><strong>Acci\u00f3n contra el crimen organizado<\/strong><\/p>\n\n\n\n<p>La Operaci\u00f3n Begonias se puso en marcha el pasado 21 de junio, con m\u00faltiples allanamientos en la provincia Santo Domingo, producto de una amplia investigaci\u00f3n iniciada hace varios meses para desarticular redes transnacionales de trata de personas con fines de explotaci\u00f3n sexual y con la que rescat\u00f3 a m\u00e1s de 40 mujeres.<\/p>\n\n\n\n<p>En las labores el Ministerio P\u00fablico cont\u00f3 con el apoyo de la Divisi\u00f3n Especial de Investigaci\u00f3n de Delitos Transnacionales (Deidet) y el Departamento de Trata de Personas de la Polic\u00eda Nacional. Tambi\u00e9n, participaron fiscales de la Fuerza de Tarea de la Direcci\u00f3n General de Persecuci\u00f3n, as\u00ed como miembros del Departamento de Investigaciones de la PETT y la Unidad de Protecci\u00f3n a V\u00edctimas y Testigos del Ministerio P\u00fablico. La investigaci\u00f3n contra las redes tambi\u00e9n cont\u00f3 con la colaboraci\u00f3n de la ONG Anti Trafficking Bureau (ATB).<\/p>\n\n\n\n<p>Un equipo de 10 fiscales, m\u00e1s de 85 agentes de la Polic\u00eda Nacional y varios t\u00e9cnicos de investigaci\u00f3n y especialistas en atenci\u00f3n a v\u00edctimas participaron en la operaci\u00f3n, donde se ocup\u00f3 dinero en efectivo, seis veh\u00edculos, equipos electr\u00f3nicos, cuadernos de anotaciones y diferentes drogas narc\u00f3ticas, as\u00ed como los inmuebles que eran utilizados como espacios de operaci\u00f3n de la red, incluyendo una edificaci\u00f3n de varios niveles.<\/p>\n\n\n\n<p><strong>Direcci\u00f3n General de Comunicaci\u00f3n, Prensa y RRPP<\/strong><\/p>\n\n\n\n<p><strong>Ministerio P\u00fablico RD<\/strong><\/p>\n\n\n\n<p>Comunicaciones PGR <a href=\"mailto:comunicaciones@pgr.gob.do\">comunicaciones@pgr.gob.do<\/a><\/p>\n","protected":false},"excerpt":{"rendered":"<p>El Ministerio P\u00fablico imputa a los procesados por delitos de trata de personas con fines de explotaci\u00f3n sexual, asociaci\u00f3n de malhechores y lavado de activos SANTO DOMINGO (Rep\u00fablica Dominicana).-&nbsp;Basado en las evidencias aportadas por el Ministerio P\u00fablico, un tribunal de Santo Domingo Este impuso prisi\u00f3n preventiva por espacio de tres meses, como medida de coerci\u00f3n, [&hellip;]<\/p>\n","protected":false},"author":7,"featured_media":495896,"comment_status":"closed","ping_status":"closed","sticky":false,"template":"","format":"standard","meta":{"footnotes":""},"categories":[24],"tags":[171],"class_list":["post-625457","post","type-post","status-publish","format-standard","has-post-thumbnail","hentry","category-justicia-y-derecho","tag-ministerio-publico"],"_links":{"self":[{"href":"https:\/\/diariodominicano.com\/index.php?rest_route=\/wp\/v2\/posts\/625457","targetHints":{"allow":["GET"]}}],"collection":[{"href":"https:\/\/diariodominicano.com\/index.php?rest_route=\/wp\/v2\/posts"}],"about":[{"href":"https:\/\/diariodominicano.com\/index.php?rest_route=\/wp\/v2\/types\/post"}],"author":[{"embeddable":true,"href":"https:\/\/diariodominicano.com\/index.php?rest_route=\/wp\/v2\/users\/7"}],"replies":[{"embeddable":true,"href":"https:\/\/diariodominicano.com\/index.php?rest_route=%2Fwp%2Fv2%2Fcomments&post=625457"}],"version-history":[{"count":1,"href":"https:\/\/diariodominicano.com\/index.php?rest_route=\/wp\/v2\/posts\/625457\/revisions"}],"predecessor-version":[{"id":625476,"href":"https:\/\/diariodominicano.com\/index.php?rest_route=\/wp\/v2\/posts\/625457\/revisions\/625476"}],"wp:featuredmedia":[{"embeddable":true,"href":"https:\/\/diariodominicano.com\/index.php?rest_route=\/wp\/v2\/media\/495896"}],"wp:attachment":[{"href":"https:\/\/diariodominicano.com\/index.php?rest_route=%2Fwp%2Fv2%2Fmedia&parent=625457"}],"wp:term":[{"taxonomy":"category","embeddable":true,"href":"https:\/\/diariodominicano.com\/index.php?rest_route=%2Fwp%2Fv2%2Fcategories&post=625457"},{"taxonomy":"post_tag","embeddable":true,"href":"https:\/\/diariodominicano.com\/index.php?rest_route=%2Fwp%2Fv2%2Ftags&post=625457"}],"curies":[{"name":"wp","href":"https:\/\/api.w.org\/{rel}","templated":true}]}}