{"id":625268,"date":"2025-07-07T21:43:56","date_gmt":"2025-07-08T01:43:56","guid":{"rendered":"https:\/\/diariodominicano.com\/?p=625268"},"modified":"2025-07-07T21:43:59","modified_gmt":"2025-07-08T01:43:59","slug":"pareja-que-exploto-sexualmente-a-mujeres-y-adolescentes-fue-condenada-a-20-y-15-anos-de-prision","status":"publish","type":"post","link":"https:\/\/diariodominicano.com\/?p=625268","title":{"rendered":"Pareja que explot\u00f3 sexualmente a mujeres y adolescentes fue condenada a 20 y 15 a\u00f1os de prisi\u00f3n"},"content":{"rendered":"\n<p>La Procuradur\u00eda Especializada Contra el Tr\u00e1fico Il\u00edcito de Migrantes y Trata de Personas y la Fiscal\u00eda de Santiago Rodr\u00edguez presentaron suficientes pruebas para demostrar los hechos<\/p>\n\n\n\n<p>SANTO DOMINGO (Rep\u00fablica Dominicana).- A partir de las pruebas aportadas por el Ministerio P\u00fablico, un tribunal del Distrito judicial de Santiago Rodr\u00edguez conden\u00f3 a 20 y 15 a\u00f1os de prisi\u00f3n a una pareja propietaria de un negocio utilizado para la explotaci\u00f3n sexual de mujeres y adolescentes de diferentes edades.<\/p>\n\n\n\n<p>Mercedes B\u00e1ez fue condenada a 20 a\u00f1os de prisi\u00f3n y su pareja, Isidro Antonio Jaqu\u00e9s Valerio (Megateo), a 15 a\u00f1os. Cada uno deber\u00e1 pagar una multa de 175 salarios m\u00ednimos.<\/p>\n\n\n\n<p>El Ministerio P\u00fablico solicit\u00f3 una condena de 20 a\u00f1os de prisi\u00f3n tras establecer que ambos se dedicaban a la citada actividad en un negocio de su propiedad denominado El Bojucal, que operaba en Santiago Rodr\u00edguez.<\/p>\n\n\n\n<p>La Procuradur\u00eda Especializada Contra el Tr\u00e1fico Il\u00edcito de Migrantes y Trata de Personas (PETT), encabezada por su titular Yoanna Bejar\u00e1n \u00c1lvarez, y la fiscal de la jurisdicci\u00f3n de Santiago Rodr\u00edguez, Denis Guzm\u00e1n, estuvieron a cargo del equipo de investigadores que durante las pesquisas obtuvo suficientes pruebas para sustentar la acusaci\u00f3n.<\/p>\n\n\n\n<p>La investigaci\u00f3n inici\u00f3 cuando en marzo del a\u00f1o pasado el Centro Recepci\u00f3n de Denuncias de la Fiscal\u00eda de Santiago Rodr\u00edguez, fue alertado sobre la desaparici\u00f3n de una mujer que sali\u00f3 meses antes de su vivienda en San Jos\u00e9 de las Matas, en diciembre de 2022.<\/p>\n\n\n\n<p>Posteriormente, se determin\u00f3 que la v\u00edctima se encontraba en el citado establecimiento, de donde fue rescatada junto a un hijo de un a\u00f1o de edad, as\u00ed como otra mujer y su hijo de nueve a\u00f1os, y una adolescente. Durante el allanamiento, adem\u00e1s, se ocuparon diversos objetos il\u00edcitos.<\/p>\n\n\n\n<p>Los ahora condenados, seg\u00fan relata el expediente, cobraban en dicho establecimiento entre 300 y 500 pesos por la salida con mujeres a las que ofertaban por montos superiores a los mil pesos.<\/p>\n\n\n\n<p>El Ministerio P\u00fablico de Santiago Rodr\u00edguez, representado por la fiscal titular Sumaya Rodr\u00edguez Mat\u00edas, Rafael Bueno y Francisco David Guzm\u00e1n, present\u00f3 pruebas documentales, periciales, testimoniales y materiales suficientes, con las cuales qued\u00f3 demostrada la responsabilidad penal de los procesados.<\/p>\n\n\n\n<p>Los jueces del Tribunal Colegiado de la citada provincia, Robinson Rodr\u00edguez, Dayanara Peralta y Risel Pe\u00f1a dispusieron el cumplimiento de las condenas en el centro penitenciario para mujeres de Montecristi y para hombres de Santiago Rodr\u00edguez.<\/p>\n\n\n\n<p>La pareja fue condenada por violar la Ley de Trata de Personas, en la modalidad de Explotaci\u00f3n Sexual (Ley 137-03), y el art\u00edculo 396, letras B y C, del C\u00f3digo Para la Protecci\u00f3n y los Derechos Fundamentales de Ni\u00f1os, Ni\u00f1as y Adolescentes (Ley 136-03), que sanciona el abuso sexual y psicol\u00f3gico cometidos en perjuicio de ni\u00f1os, ni\u00f1as y adolescentes.<\/p>\n\n\n\n<p>Direcci\u00f3n General de Comunicaci\u00f3n, Prensa y RRPP<\/p>\n\n\n\n<p>Ministerio P\u00fablico RD<\/p>\n\n\n\n<p>Comunicaciones PGR <a href=\"mailto:comunicaciones@pgr.gob.do\">comunicaciones@pgr.gob.do<\/a> &nbsp;<\/p>\n","protected":false},"excerpt":{"rendered":"<p>La Procuradur\u00eda Especializada Contra el Tr\u00e1fico Il\u00edcito de Migrantes y Trata de Personas y la Fiscal\u00eda de Santiago Rodr\u00edguez presentaron suficientes pruebas para demostrar los hechos SANTO DOMINGO (Rep\u00fablica Dominicana).- A partir de las pruebas aportadas por el Ministerio P\u00fablico, un tribunal del Distrito judicial de Santiago Rodr\u00edguez conden\u00f3 a 20 y 15 a\u00f1os de [&hellip;]<\/p>\n","protected":false},"author":7,"featured_media":495896,"comment_status":"closed","ping_status":"closed","sticky":false,"template":"","format":"standard","meta":{"footnotes":""},"categories":[24],"tags":[171],"class_list":["post-625268","post","type-post","status-publish","format-standard","has-post-thumbnail","hentry","category-justicia-y-derecho","tag-ministerio-publico"],"_links":{"self":[{"href":"https:\/\/diariodominicano.com\/index.php?rest_route=\/wp\/v2\/posts\/625268","targetHints":{"allow":["GET"]}}],"collection":[{"href":"https:\/\/diariodominicano.com\/index.php?rest_route=\/wp\/v2\/posts"}],"about":[{"href":"https:\/\/diariodominicano.com\/index.php?rest_route=\/wp\/v2\/types\/post"}],"author":[{"embeddable":true,"href":"https:\/\/diariodominicano.com\/index.php?rest_route=\/wp\/v2\/users\/7"}],"replies":[{"embeddable":true,"href":"https:\/\/diariodominicano.com\/index.php?rest_route=%2Fwp%2Fv2%2Fcomments&post=625268"}],"version-history":[{"count":1,"href":"https:\/\/diariodominicano.com\/index.php?rest_route=\/wp\/v2\/posts\/625268\/revisions"}],"predecessor-version":[{"id":625283,"href":"https:\/\/diariodominicano.com\/index.php?rest_route=\/wp\/v2\/posts\/625268\/revisions\/625283"}],"wp:featuredmedia":[{"embeddable":true,"href":"https:\/\/diariodominicano.com\/index.php?rest_route=\/wp\/v2\/media\/495896"}],"wp:attachment":[{"href":"https:\/\/diariodominicano.com\/index.php?rest_route=%2Fwp%2Fv2%2Fmedia&parent=625268"}],"wp:term":[{"taxonomy":"category","embeddable":true,"href":"https:\/\/diariodominicano.com\/index.php?rest_route=%2Fwp%2Fv2%2Fcategories&post=625268"},{"taxonomy":"post_tag","embeddable":true,"href":"https:\/\/diariodominicano.com\/index.php?rest_route=%2Fwp%2Fv2%2Ftags&post=625268"}],"curies":[{"name":"wp","href":"https:\/\/api.w.org\/{rel}","templated":true}]}}