{"id":625241,"date":"2025-07-07T20:28:48","date_gmt":"2025-07-08T00:28:48","guid":{"rendered":"https:\/\/diariodominicano.com\/?p=625241"},"modified":"2025-07-07T20:28:52","modified_gmt":"2025-07-08T00:28:52","slug":"defensa-civil-y-gsd-lideraron-ejercicio-estrategico-que-fortalecio-la-respuesta-ante-emergencias-en-puerto-plata","status":"publish","type":"post","link":"https:\/\/diariodominicano.com\/?p=625241","title":{"rendered":"Defensa Civil y GSD lideraron ejercicio estrat\u00e9gico que fortaleci\u00f3 la respuesta ante emergencias en Puerto Plata"},"content":{"rendered":"\n<p><strong>Puerto Plata.-<\/strong>&nbsp;Con el prop\u00f3sito de fortalecer las capacidades de respuesta locales y regionales ante la ocurrencia de un desastre, la Defensa Civil y Global Support and Developmet (GSD), desarrollaron por cuatro d\u00edas en esta provincia el \u201cEjercicio de Respuesta R\u00e1pida (R2A)\u201d, donde fueron analizados varios escenarios de riesgo.<\/p>\n\n\n\n<p>El acto inaugural estuvo encabezado por el presidente de la Comisi\u00f3n Nacional de Emergencias (CNE) y director ejecutivo de la Defensa Civil, Juan Salas; la senadora local, Ginette Bournigal; la gobernadora, Claritza Rochtte; el director de operaciones y la directora de programas de GSD, Michael Smith y Maggie Fleming, respectivamente.<\/p>\n\n\n\n<figure class=\"wp-block-gallery has-nested-images columns-default is-cropped wp-block-gallery-1 is-layout-flex wp-block-gallery-is-layout-flex\">\n<figure class=\"wp-block-image size-large\"><img loading=\"lazy\" decoding=\"async\" width=\"1024\" height=\"682\" data-id=\"625260\" src=\"https:\/\/diariodominicano.com\/wp-content\/uploads\/2025\/07\/Defensa-Civil-y-GSD-lideraron-ejercicio-estrategico-que-fortalecio-la-respuesta-ante-emergencias-Puerto-Plata-1024x682.jpeg\" alt=\"\" class=\"wp-image-625260\" srcset=\"https:\/\/diariodominicano.com\/wp-content\/uploads\/2025\/07\/Defensa-Civil-y-GSD-lideraron-ejercicio-estrategico-que-fortalecio-la-respuesta-ante-emergencias-Puerto-Plata-1024x682.jpeg 1024w, https:\/\/diariodominicano.com\/wp-content\/uploads\/2025\/07\/Defensa-Civil-y-GSD-lideraron-ejercicio-estrategico-que-fortalecio-la-respuesta-ante-emergencias-Puerto-Plata-300x200.jpeg 300w, https:\/\/diariodominicano.com\/wp-content\/uploads\/2025\/07\/Defensa-Civil-y-GSD-lideraron-ejercicio-estrategico-que-fortalecio-la-respuesta-ante-emergencias-Puerto-Plata-768x512.jpeg 768w, https:\/\/diariodominicano.com\/wp-content\/uploads\/2025\/07\/Defensa-Civil-y-GSD-lideraron-ejercicio-estrategico-que-fortalecio-la-respuesta-ante-emergencias-Puerto-Plata-1536x1023.jpeg 1536w, https:\/\/diariodominicano.com\/wp-content\/uploads\/2025\/07\/Defensa-Civil-y-GSD-lideraron-ejercicio-estrategico-que-fortalecio-la-respuesta-ante-emergencias-Puerto-Plata-816x544.jpeg 816w, https:\/\/diariodominicano.com\/wp-content\/uploads\/2025\/07\/Defensa-Civil-y-GSD-lideraron-ejercicio-estrategico-que-fortalecio-la-respuesta-ante-emergencias-Puerto-Plata.jpeg 1600w\" sizes=\"auto, (max-width: 1024px) 100vw, 1024px\" \/><\/figure>\n<\/figure>\n\n\n\n<p>En su alocuci\u00f3n, Salas afirm\u00f3 que este ejercicio es una continuaci\u00f3n del trabajo conjunto que ha venido impulsando la Defensa Civil junto a GSD y su buque humanitario MV DAWN, enfocado en lograr mayor preparaci\u00f3n para atender de forma oportuna cualquier situaci\u00f3n que pudiera presentarse en el pa\u00eds durante la Temporada Cicl\u00f3nica que inici\u00f3 este 1 de junio.<\/p>\n\n\n\n<figure class=\"wp-block-gallery has-nested-images columns-default is-cropped wp-block-gallery-2 is-layout-flex wp-block-gallery-is-layout-flex\">\n<figure class=\"wp-block-image size-large\"><img loading=\"lazy\" decoding=\"async\" width=\"1024\" height=\"682\" data-id=\"625259\" src=\"https:\/\/diariodominicano.com\/wp-content\/uploads\/2025\/07\/Defensa-Civil-y-GSD-lideraron-ejercicio-estrategico-que-fortalecio-la-respuesta-ante-emergencias-en-Puerto-Plata-1024x682.jpg\" alt=\"\" class=\"wp-image-625259\" srcset=\"https:\/\/diariodominicano.com\/wp-content\/uploads\/2025\/07\/Defensa-Civil-y-GSD-lideraron-ejercicio-estrategico-que-fortalecio-la-respuesta-ante-emergencias-en-Puerto-Plata-1024x682.jpg 1024w, https:\/\/diariodominicano.com\/wp-content\/uploads\/2025\/07\/Defensa-Civil-y-GSD-lideraron-ejercicio-estrategico-que-fortalecio-la-respuesta-ante-emergencias-en-Puerto-Plata-300x200.jpg 300w, https:\/\/diariodominicano.com\/wp-content\/uploads\/2025\/07\/Defensa-Civil-y-GSD-lideraron-ejercicio-estrategico-que-fortalecio-la-respuesta-ante-emergencias-en-Puerto-Plata-768x512.jpg 768w, https:\/\/diariodominicano.com\/wp-content\/uploads\/2025\/07\/Defensa-Civil-y-GSD-lideraron-ejercicio-estrategico-que-fortalecio-la-respuesta-ante-emergencias-en-Puerto-Plata-816x544.jpg 816w, https:\/\/diariodominicano.com\/wp-content\/uploads\/2025\/07\/Defensa-Civil-y-GSD-lideraron-ejercicio-estrategico-que-fortalecio-la-respuesta-ante-emergencias-en-Puerto-Plata.jpg 1367w\" sizes=\"auto, (max-width: 1024px) 100vw, 1024px\" \/><\/figure>\n<\/figure>\n\n\n\n<p>\u201cPuerto Plata es una provincia expuesta a desastres. Por eso estamos aqu\u00ed, trabajando junto a las autoridades locales, incluido nuestro director provincial, Whascar Garc\u00eda. Este ejercicio nos va a permitir aprender e intercambiar experiencias, para que en una situaci\u00f3n real, nos permita tomar las decisiones m\u00e1s oportunas para salvar vidas y propiedades\u201d dijo Salas.<\/p>\n\n\n\n<p>Por su lado, la senadora&nbsp; Bournigal y la gobernadora Rochtte, agradecieron a GSD y a su buque Dawn, por tomar en cuenta a Rep\u00fablica Dominicana y a \u201cLa Novia del Atl\u00e1ntico\u201d, como se conoce a Puerto Plata, para implementar de forma intensiva, esta jornada que ayudar\u00e1 a construir resiliencia territorial y una mayor cohesi\u00f3n institucional entre las entidades que conforman el Comit\u00e9 Provincial de Prevenci\u00f3n, Mitigaci\u00f3n y Respuesta ante Desastres (CPMR).<\/p>\n\n\n\n<p>Sobre el ejercicio<\/p>\n\n\n\n<p>El Ejercicio de Preparaci\u00f3n para la Respuesta R\u00e1pida (R2A), fue un mecanismo de coordinaci\u00f3n entre el barco humanitario \u00abDawn\u00bb y la Defensa Civil en el contexto de respuesta a emergencias en un escenario de riesgo de desastres, donde se defini\u00f3 como escenario de riesgo inundaciones y sequ\u00edas por efectos del Cambio Clim\u00e1tico, en diversos sectores de Puerto Plata.<\/p>\n\n\n\n<p>Como parte de la actividad, fue posible probar la log\u00edstica de distribuci\u00f3n de agua potabilizada por el propio buque, que tiene una capacidad de producir hasta 65 mil litros por d\u00eda. El preciado l\u00edquido fue posteriormente evaluado y distribuido por la Corporaci\u00f3n de Acueductos y Alcantarillados de Puerto Plata (CORAAPPLATA), con la ayuda de otras entidades nacionales.<\/p>\n\n\n\n<p>El tercer y cuarto d\u00eda incluy\u00f3 la entrega de kits de art\u00edculos de higiene personal en las comunidades vulnerables. Tras este proceso se realiz\u00f3 un taller de aprendizaje e identificaci\u00f3n de lecciones aprendidas entre las instancias participantes.&nbsp;<\/p>\n\n\n\n<p>Juan Salas director de la Defensa Civil dominicana, agradeci\u00f3 a otras instituciones participantes como: La Armada de Rep\u00fablica Dominicana; el Cuerpo Especializado de Mitigaci\u00f3n a Emergencia y Desastre (Cemed); Autoridad Portuaria; Instituto Dominicano de Aviaci\u00f3n Civil (IDAC); Salud P\u00fablica; Fuerza A\u00e9rea dominicana; Oficina Nacional de Evaluaci\u00f3n S\u00edsmica y Vulnerabilidad de Infraestructura y Edificaciones (ONESVIE); adem\u00e1s a los subdirectores nacionales de la Defensa Civil, Delf\u00edn Rodriguez y Rub\u00e9n Frontal, as\u00ed como tambi\u00e9n a los t\u00e9cnicos nacionales y de GSD.<\/p>\n\n\n\n<p>Defensa Civil Dominicana <a href=\"mailto:redesdefensacivil@gmail.com\">redesdefensacivil@gmail.com<\/a><\/p>\n","protected":false},"excerpt":{"rendered":"<p>Puerto Plata.-&nbsp;Con el prop\u00f3sito de fortalecer las capacidades de respuesta locales y regionales ante la ocurrencia de un desastre, la Defensa Civil y Global Support and Developmet (GSD), desarrollaron por cuatro d\u00edas en esta provincia el \u201cEjercicio de Respuesta R\u00e1pida (R2A)\u201d, donde fueron analizados varios escenarios de riesgo. El acto inaugural estuvo encabezado por el [&hellip;]<\/p>\n","protected":false},"author":7,"featured_media":625261,"comment_status":"closed","ping_status":"closed","sticky":false,"template":"","format":"standard","meta":{"footnotes":""},"categories":[20],"tags":[573,2790],"class_list":["post-625241","post","type-post","status-publish","format-standard","has-post-thumbnail","hentry","category-dominicana-hoy","tag-defensa-civil","tag-gsd"],"_links":{"self":[{"href":"https:\/\/diariodominicano.com\/index.php?rest_route=\/wp\/v2\/posts\/625241","targetHints":{"allow":["GET"]}}],"collection":[{"href":"https:\/\/diariodominicano.com\/index.php?rest_route=\/wp\/v2\/posts"}],"about":[{"href":"https:\/\/diariodominicano.com\/index.php?rest_route=\/wp\/v2\/types\/post"}],"author":[{"embeddable":true,"href":"https:\/\/diariodominicano.com\/index.php?rest_route=\/wp\/v2\/users\/7"}],"replies":[{"embeddable":true,"href":"https:\/\/diariodominicano.com\/index.php?rest_route=%2Fwp%2Fv2%2Fcomments&post=625241"}],"version-history":[{"count":1,"href":"https:\/\/diariodominicano.com\/index.php?rest_route=\/wp\/v2\/posts\/625241\/revisions"}],"predecessor-version":[{"id":625262,"href":"https:\/\/diariodominicano.com\/index.php?rest_route=\/wp\/v2\/posts\/625241\/revisions\/625262"}],"wp:featuredmedia":[{"embeddable":true,"href":"https:\/\/diariodominicano.com\/index.php?rest_route=\/wp\/v2\/media\/625261"}],"wp:attachment":[{"href":"https:\/\/diariodominicano.com\/index.php?rest_route=%2Fwp%2Fv2%2Fmedia&parent=625241"}],"wp:term":[{"taxonomy":"category","embeddable":true,"href":"https:\/\/diariodominicano.com\/index.php?rest_route=%2Fwp%2Fv2%2Fcategories&post=625241"},{"taxonomy":"post_tag","embeddable":true,"href":"https:\/\/diariodominicano.com\/index.php?rest_route=%2Fwp%2Fv2%2Ftags&post=625241"}],"curies":[{"name":"wp","href":"https:\/\/api.w.org\/{rel}","templated":true}]}}