{"id":625168,"date":"2025-07-07T10:30:51","date_gmt":"2025-07-07T14:30:51","guid":{"rendered":"https:\/\/diariodominicano.com\/?p=625168"},"modified":"2025-07-07T10:53:45","modified_gmt":"2025-07-07T14:53:45","slug":"enterate-ny-126","status":"publish","type":"post","link":"https:\/\/diariodominicano.com\/?p=625168","title":{"rendered":"Enterate NY"},"content":{"rendered":"\n<p><strong>PERIODISMO INFORMATIVO Y CR\u00cdTICO AL SERVICIO DE LA COMUNIDAD<\/strong><\/p>\n\n\n\n<p><strong>Por Ram\u00f3n Mercedes<\/strong><\/p>\n\n\n\n<p><strong>\u25baAbinader tiene raz\u00f3n en reunirse:<\/strong><\/p>\n\n\n\n<figure class=\"wp-block-image size-full\"><img loading=\"lazy\" decoding=\"async\" width=\"736\" height=\"410\" src=\"https:\/\/diariodominicano.com\/wp-content\/uploads\/2025\/07\/Parrafo-1.-Abinader-tiene-razon-en-reunirse.jpg\" alt=\"\" class=\"wp-image-625171\" srcset=\"https:\/\/diariodominicano.com\/wp-content\/uploads\/2025\/07\/Parrafo-1.-Abinader-tiene-razon-en-reunirse.jpg 736w, https:\/\/diariodominicano.com\/wp-content\/uploads\/2025\/07\/Parrafo-1.-Abinader-tiene-razon-en-reunirse-300x167.jpg 300w\" sizes=\"auto, (max-width: 736px) 100vw, 736px\" \/><\/figure>\n\n\n\n<p>\u00a0Lectores nuestros nos escriben desde Brooklyn. Ni quito ni pongo: La semana pasada sabi\u00f3logos y tod\u00f3logos hablaron \u00abbazofia\u00bb, no ten\u00edan que especular sobre la reuni\u00f3n entre Abinader y Danilo Medina que dur\u00f3 1 hora y 50 minutos. \u00bfHubo acuerdo pol\u00edtico entre ambos para el 2028? \u00bfEso es para no darle paso a Leonel? \u00bfDe ahora en adelante veremos una oposici\u00f3n ligth y suave de los peledeces? Dijer\u00f3n. Hablaron galimat\u00edas, disparates y cosas ins\u00edpidas, reiteran, sobre el encuentro entre ambos l\u00edderes. Sin embargo, entre Abinader y Leonel Fern\u00e1ndez el di\u00e1logo dur\u00f3 m\u00e1s de 2 horas y hablaron de lo que ten\u00edan que hablar, como lo hicieron Abinader y Medina, sobre la grave crisis haitiana que si no es con unidad nacional no se podr\u00e1 enfrentar, y el presidente est\u00e1 preparando el pa\u00eds para eso. Hace dos semanas EUA pidi\u00f3 a sus ciudadanos \u201cabandonar Hait\u00ed lo antes posible, deben salir del pa\u00eds en transporte comercial o privado cuando lo consideren seguro; y en RD no utilizar motocicletas como medio de transporte\u201d \u00a1Huumm! Bien por el presidente Abinader en reunirse con el liderazgo nacional. Un ciudadano en el Alto Manhattan vocifer\u00f3 \u00abGuerra avisada no mata soldado, y si lo mata es por descuidado\u00bb\u00a0<strong>=<\/strong>\u00a0Si una persona ha sido advertida sobre un peligro o una situaci\u00f3n dif\u00edcil, tiene m\u00e1s posibilidades de prepararse y evitar las consecuencias negativas. Dicen que el presidente Abinader tiene raz\u00f3n en reunirse con Medina y Fern\u00e1ndez, y con otros l\u00edderes.\u00a0<strong>Ver =<\/strong>\u00a0<a href=\"https:\/\/www.elcaribe.com.do\/panorama\/politica\/abinader-y-leonel-preocupados-por-rumbo-lleva-haiti\/\" target=\"_blank\" rel=\"noreferrer noopener\">https:\/\/www.elcaribe.com.do\/panorama\/politica\/abinader-y-leonel-preocupados-por-rumbo-lleva-haiti\/<\/a><\/p>\n\n\n\n<p><strong>\u25baLamentable fallecimiento:<\/strong><\/p>\n\n\n\n<figure class=\"wp-block-image size-full\"><img loading=\"lazy\" decoding=\"async\" width=\"556\" height=\"557\" src=\"https:\/\/diariodominicano.com\/wp-content\/uploads\/2025\/07\/Parrafo-2.-Lamentable-fallecimiento.bmp\" alt=\"\" class=\"wp-image-625174\" srcset=\"https:\/\/diariodominicano.com\/wp-content\/uploads\/2025\/07\/Parrafo-2.-Lamentable-fallecimiento.bmp 556w, https:\/\/diariodominicano.com\/wp-content\/uploads\/2025\/07\/Parrafo-2.-Lamentable-fallecimiento-300x300.jpg 300w, https:\/\/diariodominicano.com\/wp-content\/uploads\/2025\/07\/Parrafo-2.-Lamentable-fallecimiento-150x150.jpg 150w, https:\/\/diariodominicano.com\/wp-content\/uploads\/2025\/07\/Parrafo-2.-Lamentable-fallecimiento-88x88.jpg 88w\" sizes=\"auto, (max-width: 556px) 100vw, 556px\" \/><\/figure>\n\n\n\n<p>\u00a0Falleci\u00f3 de un infarto el comunicador dominicano Pedro Joaqu\u00edn Aguiar, 68 a\u00f1os, la madrugada del pasado s\u00e1bado en la ciudad de Bayonne-NJ donde resid\u00eda. Fue conocido por la mayor\u00eda de los sectores dominicanos en NY y NJ, como trabajador, serio, servicial, buen amigo y consuetudinario y fiel defensor del PRM y el presidente Luis Abinader. Mantuvo su programa TV \u00abLa Verdad Hablada\u00bb, de lunes a viernes, de 7:00 a 8:00 pm desde el 2017 por Canal Am\u00e9rica, 1014 de Optimun, que dirige George Rodr\u00edguez en El Bronx, con una programaci\u00f3n hacia la comunidad dominicana para NY, Nueva Jersey y Connecticut. Su \u00faltimo programa, pregrabado, lo present\u00f3 la noche de este viernes.\u00a0<strong>Ver=<\/strong>\u00a0<a href=\"https:\/\/www.youtube.com\/watch?v=9-IlpWd2sys&amp;t=4s\" target=\"_blank\" rel=\"noreferrer noopener\">https:\/\/www.youtube.com\/watch?v=9-IlpWd2sys&amp;t=4s<\/a>\u00a0<strong>Detalles<\/strong>\u00a0<strong>=<\/strong>\u00a0<a href=\"https:\/\/actualidadneoyorkina.com\/?p=7273\" target=\"_blank\" rel=\"noreferrer noopener\">https:\/\/actualidadneoyorkina.com\/?p=7273<\/a>\u00a0Hay comentarios generalizados en el Alto Manhattan de que su fallecimiento es culpa del PRM.\u00a0<strong>Veamos:<\/strong>\u00a0Aguiar se faj\u00f3 como el que m\u00e1s para que Luis ganara. Se mud\u00f3 a RD con la esperanza de progresar y asegurar su vejez, diiicen conocedores de su situaci\u00f3n, pidiendo no ser identificarlos, pero todo le result\u00f3 al rev\u00e9s.<\/p>\n\n\n\n<p><strong>\u25baAguiar en RD:<\/strong><\/p>\n\n\n\n<p><strong>\u00a0<\/strong>Confesi\u00f3n de dirigentes del PRM-NY. Aguiar se llev\u00f3 sus escasos recursos a RD e instal\u00f3 una peque\u00f1a compa\u00f1\u00eda de limpieza de oficinas, una sola instituci\u00f3n le consigui\u00f3 un contratico y no le pag\u00f3 durante los 5 meses del mismo. Se hab\u00eda decidido a comprar un peque\u00f1o apartamento en la capital. Atosigado por las deudas acudi\u00f3 meses despu\u00e9s donde un \u00abamigo\u00bb y \u00abcompa\u00f1ero de partido\u00bb de NY que se fueron juntos, pero el amigo tuvo suerte y nombrado en un Mini$terio$ en posici\u00f3n alta. \u00abAmigo y hermano\u00bf? Tengo problemas con el apartamento\u201d, le dice Aguiar meses despu\u00e9s, \u201cnecesito RD$300 mil para resolver, el banco quiere quitarme el apartamento\u201d. Ok, contest\u00f3 su amigo y compa\u00f1ero, pero tiene que ser a un 10% de inter\u00e9s. Qued\u00f3 at\u00f3nito, asombrado e incr\u00e9dulo, por unos minutos, y contest\u00f3 \u00abno gracias\u00bb. Luego con esperanza, ah\u00ed mismo le dijo \u00aby conseguirme un anuncio para mi programa\u00bb. Ok. con un 30% de comisi\u00f3n. No lo pod\u00eda Creo y se march\u00f3 sin despedirse del alto funcionario ya quien consideraba amigo y hermano. A las pocas semanas regres\u00f3 a NY, ya ustedes saben en qu\u00e9 condiciones, derrotado y sin esperanza, dejando todo perdido, diiicen. Sigui\u00f3 con su programa y retom\u00f3 el taxi de manera discrecional, que por a\u00f1os estuvo ligado hasta suceder su lamentable fallecimiento por. infarto, causado por depresi\u00f3n, y se conoce como cardiomiopat\u00eda de takotsubo, ya que el cuerpo libera hormonas del estr\u00e9s que pueden afectar la funci\u00f3n card\u00edaca. \u00c9l ten\u00eda problemas card\u00edacos, diiicen. \u00a1Paz a su alma!<\/p>\n\n\n\n<p><strong>\u25baPerreme\u00edstas NY se sienten traicionados:<\/strong>\u00a0<\/p>\n\n\n\n<figure class=\"wp-block-image size-full\"><img loading=\"lazy\" decoding=\"async\" width=\"372\" height=\"369\" src=\"https:\/\/diariodominicano.com\/wp-content\/uploads\/2025\/07\/Parrafo-4.-Perremeistas-NY-se-sienten-traicionados.jpg\" alt=\"\" class=\"wp-image-625177\" srcset=\"https:\/\/diariodominicano.com\/wp-content\/uploads\/2025\/07\/Parrafo-4.-Perremeistas-NY-se-sienten-traicionados.jpg 372w, https:\/\/diariodominicano.com\/wp-content\/uploads\/2025\/07\/Parrafo-4.-Perremeistas-NY-se-sienten-traicionados-300x298.jpg 300w, https:\/\/diariodominicano.com\/wp-content\/uploads\/2025\/07\/Parrafo-4.-Perremeistas-NY-se-sienten-traicionados-150x150.jpg 150w, https:\/\/diariodominicano.com\/wp-content\/uploads\/2025\/07\/Parrafo-4.-Perremeistas-NY-se-sienten-traicionados-88x88.jpg 88w\" sizes=\"auto, (max-width: 372px) 100vw, 372px\" \/><\/figure>\n\n\n\n<p>Altos dirigentes del PRM-NY dicen sentirse traicionados y burlados. Nos escriben. Ni quito ni pongo. No puedes revelar nuestros nombres. Gracias. El presidente nombra en consulados a personas que lucharon en su contra y ellos \u00abhalando aire\u00bb. Citaron los nombramientos de las vicec\u00f3nsules en NY, Yulissa Hern\u00e1ndez, quien era del PRD, luego del PLD, y luego pas\u00f3 a ser viceministra de Educaci\u00f3n, cuando Roberto Fulcar-PRM. De Vicmari Acosta Familia, tambi\u00e9n como vicec\u00f3nsul en NY. Viene de la Direcci\u00f3n de Pasaportes en RD. El presidente del PRM-NJ y fiel seguidor de Hip\u00f3lito Mej\u00eda, Lucilo de los Santos, fue nombrado como c\u00f3nsul en Montreal. Decreto No. 330-25. Hizo una fiesta de \u00abapaga y vamos\u00bb, diiicen, en los exclusivos y lujosos salones de Fiesta Nightclub en Passaic-NJ. Hubo un suculento buffet en el que solo falt\u00f3 caviar; bebidas: Whisky, vinos, champagne, cervezas, jugos, agua embotellada y postres diferentes. Exitos en sus nuevas funciones Lucido, diiicen muchos. Renunci\u00f3 como asesor del Instituto de Dominicanos en el Exterior (INDEX) con $$$ \u00a1Uff!<\/p>\n\n\n\n<p><strong>\u25baM\u00e1s nombramientos:<\/strong>\u00a0<\/p>\n\n\n\n<p>Otros \u00abcompa\u00f1eros\u00bb en NY han quedado boquiabiertos con el nombramiento de Hanoi S\u00e1nchez Paniagua (Decreto No. 330-25) como c\u00f3nsul en Sao Paulo-Brasil. Fue s\u00edndico por el PLD durante varios per\u00edodos. En las primarias de octubre de 2019 perdi\u00f3. Renunciar. Luego fue por el PRSC. Luego ingresa a la FP y es candidata a la alcald\u00eda 2020. Perdi\u00f3. Se fue y se juramenta en noviembre 2021 en el PRM. Fue candidata a s\u00edndico en el 2024-PRM y perdi\u00f3, y ahora es nombrada como c\u00f3nsul. \u00a1Ah! Una fuente del Palacio inform\u00f3 a\u00a0<strong>Ent\u00e9rate NY<\/strong>\u00a0que pr\u00f3ximamente nombrar\u00edan a Jul\u00edn Mateo, actual vicec\u00f3nsul en NY, como c\u00f3nsul en Praga, Republica Checa, con direcci\u00f3n en Stepanska 17, 11000, \u00b4Praga 1- Rep\u00fablica Checa. Sustituir\u00eda a Jos\u00e9 Manuel Mercedes Aracena. Hodn\u011b \u0161t\u011bst\u00ed\u00a0<strong>=<\/strong>\u00a0Buena suerte.<\/p>\n\n\n\n<p><strong>\u25baTodo se queda en RD:<\/strong>\u00a0<\/p>\n\n\n\n<figure class=\"wp-block-image size-full\"><img loading=\"lazy\" decoding=\"async\" width=\"824\" height=\"548\" src=\"https:\/\/diariodominicano.com\/wp-content\/uploads\/2025\/07\/Parrafo-6.-Todo-se-queda-en-RD.jpg\" alt=\"\" class=\"wp-image-625180\" srcset=\"https:\/\/diariodominicano.com\/wp-content\/uploads\/2025\/07\/Parrafo-6.-Todo-se-queda-en-RD.jpg 824w, https:\/\/diariodominicano.com\/wp-content\/uploads\/2025\/07\/Parrafo-6.-Todo-se-queda-en-RD-300x200.jpg 300w, https:\/\/diariodominicano.com\/wp-content\/uploads\/2025\/07\/Parrafo-6.-Todo-se-queda-en-RD-768x511.jpg 768w, https:\/\/diariodominicano.com\/wp-content\/uploads\/2025\/07\/Parrafo-6.-Todo-se-queda-en-RD-816x543.jpg 816w\" sizes=\"auto, (max-width: 824px) 100vw, 824px\" \/><\/figure>\n\n\n\n<p>Miembros de diferentes entidades pol\u00edticas en NY sostienen que todo se queda en la RD. El dinero que la JCE entrega a los partidos, el 99% de los nombramientos, entre otras cosas. La semana pasada la JCE entreg\u00f3 RD$900 millones de pesos (US$15 millones) correspondientes a la contribuci\u00f3n estatal, seg\u00fan el art\u00edculo 61 de la Ley 33-18 sobre Partidos, Agrupaciones y Movimientos Pol\u00edticos.\u00a0<strong>1-<\/strong>\u00a0Los partidos mayoritarios, PRM, FP y PLD recibir\u00e1n 200 millones (US$3 millones 300 mil) cada uno por haber obtenido el 5% de los votos v\u00e1lidos.\u00a0<strong>2-<\/strong>\u00a0El PRD, PRSC, DxC, PP, BIS, recibir\u00e1n RD$18 millones (US$300 mil), por obtener entre 1% y 5% de los votos v\u00e1lidos.\u00a0<strong>3-<\/strong>\u00a0Cada uno de estos partidos recibir\u00e1 RD$1,818,182.82 (US$30 mil) para obtener entre 0.01% y 1% de los votos. ALPA\u00cdS, PQDC, OD, PRSD, APD, PJS, PCR, GenS, MODA, PHD, PPG, PED, PLR, PUN.\u00a0<strong>Pese<\/strong>\u00a0a que el sistema de partidos en la RD se encuentra entre los m\u00e1s d\u00e9bilmente institucionalizados, seg\u00fan varias organizaciones internacionales, el subsidio estatal a las formaciones pol\u00edticas es de los m\u00e1s altos de la regi\u00f3n.\u00a0<strong>Ver =<\/strong>\u00a0<a href=\"https:\/\/panorama.com.do\/posicionan-a-rd-entre-los-paises-que-mas-financian-a-los-partidos-con-y-sin-elecciones\/\" target=\"_blank\" rel=\"noreferrer noopener\">https:\/\/panorama.com.do\/posicionan-a-rd-entre-los-paises-que-mas-financian-a-los-partidos-con-y-sin-elecciones\/<\/a><\/p>\n\n\n\n<p>\u25ba\u00a0<strong>Un lugar formidable:<\/strong><\/p>\n\n\n\n<figure class=\"wp-block-image size-full\"><img loading=\"lazy\" decoding=\"async\" width=\"954\" height=\"396\" src=\"https:\/\/diariodominicano.com\/wp-content\/uploads\/2025\/07\/Parrafo-7.-Un-lugar-formidable.jpg\" alt=\"\" class=\"wp-image-625183\" srcset=\"https:\/\/diariodominicano.com\/wp-content\/uploads\/2025\/07\/Parrafo-7.-Un-lugar-formidable.jpg 954w, https:\/\/diariodominicano.com\/wp-content\/uploads\/2025\/07\/Parrafo-7.-Un-lugar-formidable-300x125.jpg 300w, https:\/\/diariodominicano.com\/wp-content\/uploads\/2025\/07\/Parrafo-7.-Un-lugar-formidable-768x319.jpg 768w, https:\/\/diariodominicano.com\/wp-content\/uploads\/2025\/07\/Parrafo-7.-Un-lugar-formidable-816x339.jpg 816w\" sizes=\"auto, (max-width: 954px) 100vw, 954px\" \/><\/figure>\n\n\n\n<p>\u00a0Este jueves se inaugura el restaurante \u00abLa Mesa del Rey\u00bb, en el 1712 de la avenida University, casi con la calle 176, en El Bronx (718-483-8766\/67) (\u00a0<a href=\"https:\/\/lamesadelreyny.com\/\" target=\"_blank\" rel=\"noreferrer noopener\">https:\/\/lamesadelreyny.com\/<\/a>\u00a0) Es nuevo, buenas atenciones, excelente comida, comodidad y precios ajustados al mercado y lugar. Todo eso est\u00e1 garantizado, afirmaron sus propietarios Minorky Jim\u00e9nez y Geraldo Rosario, este \u00faltimo un connacional reconocido por los diferentes sectores dominicanos en NYC (empresarios, profesionales, pol\u00edticos, comunitarios, deportivos, y religiosos, entre otros) Un lugar formidable para cualquier tipo de encuentro. Felicidades y \u00e9xitos, de parte de\u00a0<strong>Ent\u00e9rate NY<\/strong>\u00a0.\u00a0<\/p>\n\n\n\n<p>\u25baEsperan con Arayet los pasajes a RD bajen:<\/p>\n\n\n\n<p>\u00a0Es frecuente escuchar a dominicanos en distintas partes (NY, Nueva Jersey, Connecticut, y Pensilvania, entre otros lugares) decir \u00abesperamos que con Arayet, la\u00a0nueva\u00a0aerol\u00ednea de bajo costo y de bandera dominicana, los pasajes a bajen en RD significativamente. Porque, \u200b\u200b\u200bel \u00cdndice de Competitividad del Transporte A\u00e9reo en Am\u00e9rica Latina y el Caribe, la RD figura entre los pa\u00edses con mayores costos operativos del transporte a\u00e9reo.\u00a0<strong>Ver =<\/strong>\u00a0<a href=\"https:\/\/zabalaaldia.com\/noticias-principales\/rd-entre-los-paises-con-mayores-costos-operativos-del-transporte-aereo\/\" target=\"_blank\" rel=\"noreferrer noopener\">https:\/\/zabalaaldia.com\/noticias-principales\/rd-entre-los-paises-con-mayores-costos-operativos-del-transporte-aereo\/<\/a><\/p>\n\n\n\n<p>\u25baDe la Embajada EUA-RD:\u00a0<\/p>\n\n\n\n<p>Comprobar el estado de su caso. El n\u00famero de recibo es un identificador \u00fanico de 13 caracteres que consta de tres letras y 10 n\u00fameros. Omita los guiones (\u00ab-\u00ab) al ingresar un n\u00famero de recibo. Sin embargo, puede incluir todos los dem\u00e1s caracteres, incluidos los asteriscos (\u00ab*\u00bb), si figuran en su aviso como parte del n\u00famero de recibo. Al ingresar un n\u00famero de recibo, se habilitar\u00e1 el bot\u00f3n \u00abVerificar estado\u00bb para que pueda consultarlo.\u00a0<strong>Ver =<\/strong>\u00a0<a href=\"https:\/\/egov.uscis.gov\/\" target=\"_blank\" rel=\"noreferrer noopener\">https:\/\/egov.uscis.gov\/<\/a>\u00a0<\/p>\n\n\n\n<p><strong>\u25baUn valor dominicano en NY:<\/strong><\/p>\n\n\n\n<figure class=\"wp-block-image size-full\"><img loading=\"lazy\" decoding=\"async\" width=\"451\" height=\"445\" src=\"https:\/\/diariodominicano.com\/wp-content\/uploads\/2025\/07\/Ramon-Alvarez-NJ.bmp\" alt=\"\" class=\"wp-image-625186\" srcset=\"https:\/\/diariodominicano.com\/wp-content\/uploads\/2025\/07\/Ramon-Alvarez-NJ.bmp 451w, https:\/\/diariodominicano.com\/wp-content\/uploads\/2025\/07\/Ramon-Alvarez-NJ-300x296.jpg 300w, https:\/\/diariodominicano.com\/wp-content\/uploads\/2025\/07\/Ramon-Alvarez-NJ-88x88.jpg 88w\" sizes=\"auto, (max-width: 451px) 100vw, 451px\" \/><\/figure>\n\n\n\n<p>\u00a0Ram\u00f3n \u00c1lvarez, cari\u00f1osamente llamado Wilson Reyes, se gradu\u00f3 en Ingenier\u00eda Agron\u00f3mica y Maestr\u00eda en Administraci\u00f3n de Empresas (PUCMM). En la Universidad de Cornell (Ithaca-NY) hizo estudio en \u00abCiencias de las Plantas\u00bb para control de malezas en los cultivos. En el Ministerio de Medio Ambiente fue director Administrativo y Financiero. En Bangladesh recibi\u00f3 capacitaci\u00f3n en metodolog\u00eda de cr\u00e9dito Grameen, dirigido por Muhammad Yunus, economista, asesor principal del presidente de ese pa\u00eds y Premio Nobel de la Paz en 2006. Labor\u00f3 \u200b\u200ben la Fundaci\u00f3n Suiza \u00abEcon\u00f3mico de Desarrollo para la Comunidades\u00bb (ECLOF); y en M\u00faltiples pa\u00edses participaron de seminarios y cursos en su \u00e1rea. Actualmente labora en el hospital \u00abWhite Plains\u00bb. Es muy dado en aconsejar j\u00f3venes para que estudien lo m\u00e1s que puedan, porque ah\u00ed es que descansa el desarrollo individual y de los pueblos, dice siempre. Como pone en alto la bandera tricolor en playas extranjeras: \u00abSi usted lo ve caminar por ah\u00ed como lo hace de costumbre, d\u00edgale: \u00abWilson, usted es un valor dominicano en NY\u00bb.<\/p>\n\n\n\n<p>\u25baCultura General:&nbsp;La Organizaci\u00f3n Meteorol\u00f3gica Mundial mantiene el registro oficial de 1913. La temperatura m\u00e1s alta registrada oficialmente en la Tierra es de 56,7 grados Celsius (134,1 grados Fahrenheit). Se registr\u00f3 el 10 de julio de 1913 en el Rancho Creek Ranch, situado en el Parque del Valle de la Muerte, con 13,500 kms\u00b2, a s\u00f3lo 193 kms. de Las Vegas-Nevada. La mayor parte de los habitantes son miembros de la tribu india de los timbishas, \u200b\u200bque adem\u00e1s, trabajan en el complejo tur\u00edstico.<\/p>\n\n\n\n<p>\u25ba&nbsp;Salud:&nbsp;El repollo morado es rico en fibras y antioxidantes que reducen la absorci\u00f3n de grasa de los alimentos y evitan la oxidaci\u00f3n de las c\u00e9lulas de grasa. Es rico en vitaminas C, K y A, tiene fibra, \u00e1cido f\u00f3lico, minerales como potasio y calcio. Sus 10 beneficios&nbsp;<strong>=<\/strong>&nbsp;<a href=\"https:\/\/eldia.com.do\/10-beneficios-para-la-salud-del-repollo-morado\/\" rel=\"noreferrer noopener\" target=\"_blank\">https:\/\/eldia.com.do\/10-beneficios-para-la-salud-del-repollo-morado\/<\/a><\/p>\n\n\n\n<p>\u25baServicio comunitario:&nbsp;La persona con m\u00e1s de 60 a\u00f1os, de bajos ingresos, podr\u00eda recibir asistencia alimentaria: Los programas SFMNP y CSFP son beneficios federales administrados por cada estado. Mayor informaci\u00f3n: Visitar&nbsp;<strong>=<\/strong>&nbsp;<a href=\"https:\/\/www.fns.usda.gov\/fns.contacts\" rel=\"noreferrer noopener\" target=\"_blank\">https:\/\/www.fns.usda.gov\/fns.contacts<\/a><\/p>\n\n\n\n<p><strong>\u25baSobre el espa\u00f1ol:<\/strong><strong>&nbsp;<\/strong>Encono&nbsp;<strong>=<\/strong>&nbsp;Animadversi\u00f3n, rencor arraigado en el \u00e1nimo.<\/p>\n\n\n\n<p>\u25baFrase:&nbsp;\u00abEl que mal vive, mal paga\u00bb = Significa que las personas que act\u00faan de manera negativa o cometen malas acciones eventualmente sufrir\u00e1n las consecuencias de sus actos.<\/p>\n\n\n\n<p><strong>\u25baD\u00f3lar y Euro hasta este domingo 29:<\/strong>&nbsp;Compra del d\u00f3lar 59,03 y venta 60,52; Compra 68,58 euros y venta 72,60<\/p>\n\n\n\n<p>\u25baCombustibles:&nbsp;Del 5 al 11 de julio: Gasolina Premium a $290.10. Regular $272.50. Gasoil Optimo $242.10. Regular $224.80. Gas Licuado a $137.20. Gas Natural $43.97<\/p>\n\n\n\n<p>\u25baPara comunicarse con nosotros:&nbsp;Escribir a&nbsp;<a href=\"mailto:santodomingoaldia@yahoo.com\" rel=\"noreferrer noopener\" target=\"_blank\">santodomingoaldia@yahoo.com<\/a><\/p>\n","protected":false},"excerpt":{"rendered":"<p>PERIODISMO INFORMATIVO Y CR\u00cdTICO AL SERVICIO DE LA COMUNIDAD Por Ram\u00f3n Mercedes \u25baAbinader tiene raz\u00f3n en reunirse: \u00a0Lectores nuestros nos escriben desde Brooklyn. Ni quito ni pongo: La semana pasada sabi\u00f3logos y tod\u00f3logos hablaron \u00abbazofia\u00bb, no ten\u00edan que especular sobre la reuni\u00f3n entre Abinader y Danilo Medina que dur\u00f3 1 hora y 50 minutos. \u00bfHubo [&hellip;]<\/p>\n","protected":false},"author":2,"featured_media":404115,"comment_status":"closed","ping_status":"closed","sticky":false,"template":"","format":"standard","meta":{"footnotes":""},"categories":[36,16,22],"tags":[],"class_list":["post-625168","post","type-post","status-publish","format-standard","has-post-thumbnail","hentry","category-hombresmujeresycosas","category-opiniones","category-politica"],"_links":{"self":[{"href":"https:\/\/diariodominicano.com\/index.php?rest_route=\/wp\/v2\/posts\/625168","targetHints":{"allow":["GET"]}}],"collection":[{"href":"https:\/\/diariodominicano.com\/index.php?rest_route=\/wp\/v2\/posts"}],"about":[{"href":"https:\/\/diariodominicano.com\/index.php?rest_route=\/wp\/v2\/types\/post"}],"author":[{"embeddable":true,"href":"https:\/\/diariodominicano.com\/index.php?rest_route=\/wp\/v2\/users\/2"}],"replies":[{"embeddable":true,"href":"https:\/\/diariodominicano.com\/index.php?rest_route=%2Fwp%2Fv2%2Fcomments&post=625168"}],"version-history":[{"count":7,"href":"https:\/\/diariodominicano.com\/index.php?rest_route=\/wp\/v2\/posts\/625168\/revisions"}],"predecessor-version":[{"id":625187,"href":"https:\/\/diariodominicano.com\/index.php?rest_route=\/wp\/v2\/posts\/625168\/revisions\/625187"}],"wp:featuredmedia":[{"embeddable":true,"href":"https:\/\/diariodominicano.com\/index.php?rest_route=\/wp\/v2\/media\/404115"}],"wp:attachment":[{"href":"https:\/\/diariodominicano.com\/index.php?rest_route=%2Fwp%2Fv2%2Fmedia&parent=625168"}],"wp:term":[{"taxonomy":"category","embeddable":true,"href":"https:\/\/diariodominicano.com\/index.php?rest_route=%2Fwp%2Fv2%2Fcategories&post=625168"},{"taxonomy":"post_tag","embeddable":true,"href":"https:\/\/diariodominicano.com\/index.php?rest_route=%2Fwp%2Fv2%2Ftags&post=625168"}],"curies":[{"name":"wp","href":"https:\/\/api.w.org\/{rel}","templated":true}]}}