{"id":625162,"date":"2025-07-07T10:24:56","date_gmt":"2025-07-07T14:24:56","guid":{"rendered":"https:\/\/diariodominicano.com\/?p=625162"},"modified":"2025-07-07T10:25:08","modified_gmt":"2025-07-07T14:25:08","slug":"sugerencia-de-trump-deportar-ciudadanos-usa-despierta-preocupacion-entre-dominicanos-alto-manhattan","status":"publish","type":"post","link":"https:\/\/diariodominicano.com\/?p=625162","title":{"rendered":"Sugerencia de Trump deportar ciudadanos USA despierta preocupaci\u00f3n entre dominicanos Alto Manhattan"},"content":{"rendered":"\n<p><strong>Por Ram\u00f3n Mercedes<\/strong><\/p>\n\n\n\n<p><strong>NUEVA YORK.-<\/strong>&nbsp;La sugerencia que hiciera la semana pasada el presidente de los Estados Unidos, Donald Trump, de deportar a ciudadanos estadounidenses ha despertado preocupaci\u00f3n entre muchos quisqueyanos en el Alto Manhattan.<\/p>\n\n\n\n<p>\u00abEsta fuerte eso de deportar a uno que es ciudadano\u00bb de USA, coincide en comentar el uno al otro en diferentes lugares p\u00fablicos (restaurantes, barber\u00eda, salones de belleza, bodegas y paradas del transporte p\u00fablico, entre otros). Se rehusaron a ser fotografiados.<\/p>\n\n\n\n<p>No es la primera vez que el presidente de Estados Unidos comenta la posibilidad de expulsar del territorio estadounidense a aquellos que han nacido en el pa\u00eds, tambi\u00e9n ha propuesto terminar con la ciudadan\u00eda por derecho de nacimiento, que viene reflejado en la Constituci\u00f3n.<\/p>\n\n\n\n<p>Trump ha vuelto a criticar la supuesta \u00abpol\u00edtica de puertas abiertas\u00bb de la administraci\u00f3n Biden y ha afirmado que su Gobierno est\u00e1 siendo \u00abobligado\u00bb a actuar como lo est\u00e1n haciendo para mantener el orden y la seguridad en EUA, volviendo as\u00ed a relacionar el crimen con la inmigraci\u00f3n.<\/p>\n\n\n\n<p>El mandatario consider\u00f3 sus consideraciones durante una visita a la nueva c\u00e1rcel \u00abAlcatraz de los Caimanes\u00bb en medio de los Everglades, en Florida, ubicada entre decenas de pantanos con caimanes y serpientes pistones.<\/p>\n\n\n\n<p>Asimismo, con carpas para albergar a 3 mil inmigrantes, con ba\u00f1os port\u00e1tiles, se estacionaron tr\u00e1ileres y su costo fue de unos $450 millones de d\u00f3lares. Fue construido en 8 d\u00edas, en un antiguo aeropuerto.<\/p>\n\n\n\n<p>El costo diario por cada presa ser\u00e1 de $245 d\u00f3lares, hay 200 c\u00e1maras de seguridad, 28.000 pies de alambres de p\u00faas a su alrededor, y 400 miembros de la Guardia Nacional.<\/p>\n\n\n\n<p>M\u00e1s de 1900 personas, entre ellas varias dominicanas, han sido arrestadas en Nueva York por las autoridades federales de inmigraci\u00f3n desde que el presidente Trump tom\u00f3 el cargo, lo que representa un aumento del 31% con respecto al mismo per\u00edodo del a\u00f1o pasado, seg\u00fan cifras obtenidas por el Proyecto de Datos de Deportaci\u00f3n y analizadas por Bloomberg.<\/p>\n","protected":false},"excerpt":{"rendered":"<p>Por Ram\u00f3n Mercedes NUEVA YORK.-&nbsp;La sugerencia que hiciera la semana pasada el presidente de los Estados Unidos, Donald Trump, de deportar a ciudadanos estadounidenses ha despertado preocupaci\u00f3n entre muchos quisqueyanos en el Alto Manhattan. \u00abEsta fuerte eso de deportar a uno que es ciudadano\u00bb de USA, coincide en comentar el uno al otro en diferentes [&hellip;]<\/p>\n","protected":false},"author":2,"featured_media":625163,"comment_status":"closed","ping_status":"closed","sticky":false,"template":"","format":"standard","meta":{"footnotes":""},"categories":[20,23,27],"tags":[],"class_list":["post-625162","post","type-post","status-publish","format-standard","has-post-thumbnail","hentry","category-dominicana-hoy","category-internacional","category-portada"],"_links":{"self":[{"href":"https:\/\/diariodominicano.com\/index.php?rest_route=\/wp\/v2\/posts\/625162","targetHints":{"allow":["GET"]}}],"collection":[{"href":"https:\/\/diariodominicano.com\/index.php?rest_route=\/wp\/v2\/posts"}],"about":[{"href":"https:\/\/diariodominicano.com\/index.php?rest_route=\/wp\/v2\/types\/post"}],"author":[{"embeddable":true,"href":"https:\/\/diariodominicano.com\/index.php?rest_route=\/wp\/v2\/users\/2"}],"replies":[{"embeddable":true,"href":"https:\/\/diariodominicano.com\/index.php?rest_route=%2Fwp%2Fv2%2Fcomments&post=625162"}],"version-history":[{"count":1,"href":"https:\/\/diariodominicano.com\/index.php?rest_route=\/wp\/v2\/posts\/625162\/revisions"}],"predecessor-version":[{"id":625164,"href":"https:\/\/diariodominicano.com\/index.php?rest_route=\/wp\/v2\/posts\/625162\/revisions\/625164"}],"wp:featuredmedia":[{"embeddable":true,"href":"https:\/\/diariodominicano.com\/index.php?rest_route=\/wp\/v2\/media\/625163"}],"wp:attachment":[{"href":"https:\/\/diariodominicano.com\/index.php?rest_route=%2Fwp%2Fv2%2Fmedia&parent=625162"}],"wp:term":[{"taxonomy":"category","embeddable":true,"href":"https:\/\/diariodominicano.com\/index.php?rest_route=%2Fwp%2Fv2%2Fcategories&post=625162"},{"taxonomy":"post_tag","embeddable":true,"href":"https:\/\/diariodominicano.com\/index.php?rest_route=%2Fwp%2Fv2%2Ftags&post=625162"}],"curies":[{"name":"wp","href":"https:\/\/api.w.org\/{rel}","templated":true}]}}