{"id":625004,"date":"2025-07-06T16:37:31","date_gmt":"2025-07-06T20:37:31","guid":{"rendered":"https:\/\/diariodominicano.com\/?p=625004"},"modified":"2025-07-06T16:37:34","modified_gmt":"2025-07-06T20:37:34","slug":"jovenes-de-yamasa-reciben-la-certificacion-del-ctc-un-paso-firme-hacia-el-futuro","status":"publish","type":"post","link":"https:\/\/diariodominicano.com\/?p=625004","title":{"rendered":"J\u00f3venes de Yamas\u00e1 reciben la certificaci\u00f3n del CTC: un paso firme hacia el futuro"},"content":{"rendered":"\n<p>Isidro Torres evoca el mensaje del presidente de la Rep\u00fablica Luis Abinader, animando a los presentes a romper barreras, a no poner l\u00edmites a su crecimiento personal y profesional, ya creer firmemente en su poder de transformar su realidad y la de su comunidad.<\/p>\n\n\n\n<p>Yamas\u00e1, Monte Plata. \u2013 En un acto celebrado en la escuela Fray Pedro de C\u00f3rdoba, el Centro Tecnol\u00f3gico Comunitario (CTC) de Yamas\u00e1 realiz\u00f3 la entrega de certificados a j\u00f3venes de la comunidad que culminaron su formaci\u00f3n en el \u00e1rea de ofim\u00e1tica. La actividad tambi\u00e9n cont\u00f3 con la participaci\u00f3n de beneficiarios del programa oportunidad 14-24.<\/p>\n\n\n\n<p>El encuentro fue coordinado por el gestor del CTC de Yamas\u00e1, M\u00e1ximo S\u00e1nchez, y reuni\u00f3n a diversas autoridades locales y nacionales. Entre los presentes estuvieron el director general de los CTC, Isidro Torres; el encargado de operaciones, Manelix de Le\u00f3n; los encargados de gesti\u00f3n de centros, Claudia Rivas y Atahualpa P\u00e9rez; as\u00ed como el teniente coronel de los bomberos, Ram\u00f3n Danilo Mu\u00f1oz; Cristiana Reinoso, representante del Ministerio de la Mujer; Alejandro Vizca\u00edno, director del programa 14-24 en Yamas\u00e1, y Edwin Gonz\u00e1lez, director del mismo programa en Peralvillo.<\/p>\n\n\n\n<p>Durante la ceremonia, el director general de los CTC, Isidro Torres, con visible orgullo, felicit\u00f3 a los j\u00f3venes por culminar con \u00e9xito esta etapa que marca el inicio de un nuevo cap\u00edtulo en sus vidas. Con palabras cargadas de emoci\u00f3n y compromiso, los inst\u00f3 a nunca dejar de aprender ni de so\u00f1ar en grande, record\u00e1ndoles que los Centros Tecnol\u00f3gicos Comunitarios siempre estar\u00e1n de su lado como aliados del desarrollo juvenil.<\/p>\n\n\n\n<p>Torres evoc\u00f3 el mensaje del presidente de la Rep\u00fablica Luis Abinader, animando a los presentes a romper barreras, a no poner l\u00edmites a su crecimiento personal y profesional, ya creer firmemente en su poder de transformar su realidad y la de su comunidad.<\/p>\n\n\n\n<p>En tanto que el gestor del centro anfitri\u00f3n, M\u00e1ximo S\u00e1nchez, tambi\u00e9n dirigi\u00f3 un mensaje de reconocimiento a los participantes, alent\u00e1ndolos a seguir form\u00e1ndose y destacando el compromiso de los CTC con el desarrollo educativo de la comunidad.<\/p>\n\n\n\n<p>Como parte del acto, fueron entregados obsequios tecnol\u00f3gicos a tres j\u00f3venes destacados: dos tabletas y una computadora port\u00e1til, en reconocimiento a su desempe\u00f1o durante el proceso formativo.<\/p>\n\n\n\n<p>Esta iniciativa forma parte del firme compromiso de los Centros Tecnol\u00f3gicos Comunitarios (CTC) de seguir promoviendo la educaci\u00f3n digital y el acceso al conocimiento en comunidades vulnerables. Como parte de su misi\u00f3n, los CTC trabajan para cerrar la brecha digital en todo el territorio nacional, brindando herramientas tecnol\u00f3gicas que fortalecen las competencias de j\u00f3venes y adultos, y generen oportunidades reales de desarrollo personal, profesional y comunitario.<\/p>\n\n\n\n<p>Esmeralda CTC <a href=\"mailto:esmeraldactc@gmail.com\">esmeraldactc@gmail.com<\/a><\/p>\n","protected":false},"excerpt":{"rendered":"<p>Isidro Torres evoca el mensaje del presidente de la Rep\u00fablica Luis Abinader, animando a los presentes a romper barreras, a no poner l\u00edmites a su crecimiento personal y profesional, ya creer firmemente en su poder de transformar su realidad y la de su comunidad. Yamas\u00e1, Monte Plata. \u2013 En un acto celebrado en la escuela [&hellip;]<\/p>\n","protected":false},"author":7,"featured_media":625009,"comment_status":"closed","ping_status":"closed","sticky":false,"template":"","format":"standard","meta":{"footnotes":""},"categories":[36],"tags":[2157],"class_list":["post-625004","post","type-post","status-publish","format-standard","has-post-thumbnail","hentry","category-hombresmujeresycosas","tag-centros-tecnologicos-comunitarios-ctc"],"_links":{"self":[{"href":"https:\/\/diariodominicano.com\/index.php?rest_route=\/wp\/v2\/posts\/625004","targetHints":{"allow":["GET"]}}],"collection":[{"href":"https:\/\/diariodominicano.com\/index.php?rest_route=\/wp\/v2\/posts"}],"about":[{"href":"https:\/\/diariodominicano.com\/index.php?rest_route=\/wp\/v2\/types\/post"}],"author":[{"embeddable":true,"href":"https:\/\/diariodominicano.com\/index.php?rest_route=\/wp\/v2\/users\/7"}],"replies":[{"embeddable":true,"href":"https:\/\/diariodominicano.com\/index.php?rest_route=%2Fwp%2Fv2%2Fcomments&post=625004"}],"version-history":[{"count":1,"href":"https:\/\/diariodominicano.com\/index.php?rest_route=\/wp\/v2\/posts\/625004\/revisions"}],"predecessor-version":[{"id":625013,"href":"https:\/\/diariodominicano.com\/index.php?rest_route=\/wp\/v2\/posts\/625004\/revisions\/625013"}],"wp:featuredmedia":[{"embeddable":true,"href":"https:\/\/diariodominicano.com\/index.php?rest_route=\/wp\/v2\/media\/625009"}],"wp:attachment":[{"href":"https:\/\/diariodominicano.com\/index.php?rest_route=%2Fwp%2Fv2%2Fmedia&parent=625004"}],"wp:term":[{"taxonomy":"category","embeddable":true,"href":"https:\/\/diariodominicano.com\/index.php?rest_route=%2Fwp%2Fv2%2Fcategories&post=625004"},{"taxonomy":"post_tag","embeddable":true,"href":"https:\/\/diariodominicano.com\/index.php?rest_route=%2Fwp%2Fv2%2Ftags&post=625004"}],"curies":[{"name":"wp","href":"https:\/\/api.w.org\/{rel}","templated":true}]}}