{"id":625002,"date":"2025-07-06T16:32:37","date_gmt":"2025-07-06T20:32:37","guid":{"rendered":"https:\/\/diariodominicano.com\/?p=625002"},"modified":"2025-07-06T16:32:39","modified_gmt":"2025-07-06T20:32:39","slug":"procuraduria-firma-memorando-de-entendimiento-con-la-superintendencia-de-seguros-para-la-efectividad-de-los-contratos-de-fianzas-judiciales","status":"publish","type":"post","link":"https:\/\/diariodominicano.com\/?p=625002","title":{"rendered":"Procuradur\u00eda firma memorando de entendimiento con la Superintendencia de Seguros para la efectividad de los contratos de fianzas judiciales"},"content":{"rendered":"\n<p>El convenio, rubricado por la procuradora Yeni Berenice Reynoso y el superintendente Julio C\u00e9sar Valent\u00edn Jimini\u00e1n, contribuir\u00e1 a reducir el n\u00famero de rebeldes judiciales<\/p>\n\n\n\n<p>SANTO DOMINGO (Rep\u00fablica Dominicana).- La procuradora general de la Rep\u00fablica, Yeni Berenice Reynoso, y el superintendente de Seguros, Julio C\u00e9sar Valent\u00edn Jimini\u00e1n, firmaron un memorando de entendimiento que garantiza el inter\u00e9s de la ciudadan\u00eda al permitir al Ministerio P\u00fablico un mayor control sobre los contratos de fianzas judiciales que deban ser ejecutados.<\/p>\n\n\n\n<p>El memorando, que viene a fortalecer la transparencia y la efectividad del sistema de administraci\u00f3n de Justicia, compromete a la Superintendencia de Seguros a mantener al tanto a la Procuradur\u00eda General de la Rep\u00fablica de la lista de compa\u00f1\u00edas autorizadas a expedir contratos de fianza judicial y a informar, oportunamente, cualquier cambio provisional o permanente que sufra la informaci\u00f3n originalmente suministrada.<\/p>\n\n\n\n<p>Otros de los compromisos adquiridos mediante esta iniciativa consiste en el suministro al \u00f3rgano persecutor de la informaci\u00f3n pertinente sobre las operaciones de aseguradoras en el marco de las competencias y facultades de la Superintendencia de Seguros, con la confidencialidad y el cumplimiento de las disposiciones normativas aplicables.<\/p>\n\n\n\n<p>En ese contexto, la Superintendencia de Seguros informar\u00e1 oportunamente de cualquier irregularidad que detecten sus inspectores en relaci\u00f3n con el proceso de expedici\u00f3n de los contratos de fianza judicial por parte de las compa\u00f1\u00edas de seguros, \u201cincluyendo, la identificaci\u00f3n de las personas responsables de tales irregularidades\u201d.<\/p>\n\n\n\n<p>En aras de la transparencia, la Superintendencia de Seguros tambi\u00e9n vigilar\u00e1 que las compa\u00f1\u00edas de seguros cumplan con sus obligaciones con respecto a los contratos de fianza judicial que hayan suscrito, incluyendo, el respeto al pleno de retenci\u00f3n y el cumplimiento de sus obligaciones establecidas en los respectivos contratos y en las disposiciones legales pertinentes.<\/p>\n\n\n\n<p>Por su parte, la Procuradur\u00eda General de la Rep\u00fablica informar\u00e1 a la Superintendencia de Seguros sobre cualquier irregularidad detectada en la expedici\u00f3n de los contratos de fianza judicial por parte de las compa\u00f1\u00edas de seguros, as\u00ed como tambi\u00e9n sobre los casos de contratos de fianzas judiciales que deban ser ejecutados o hayan sido cancelados.<\/p>\n\n\n\n<p>El Ministerio P\u00fablico tiene la responsabilidad de mantener debidamente informados a sus miembros sobre las compa\u00f1\u00edas aseguradoras autorizadas para expedir fianzas judiciales, con la finalidad de que cada uno de ellos pueda verificar la regularidad de los contratos de fianza judicial emitidos por las compa\u00f1\u00edas aseguradoras.<\/p>\n\n\n\n<p>En la firma de este memorando de colaboraci\u00f3n interinstitucional, la procuradora Reynoso estuvo acompa\u00f1ada de la directora jur\u00eddica del Ministerio P\u00fablico, Frinnette Padilla. Tambi\u00e9n, por la directora de la Unidad de gesti\u00f3n de Cobros de Multas y Garant\u00edas Econ\u00f3micas, Katiuska Viviano Castillo, y la secretaria general del Ministerio P\u00fablico, Wendy Estrella.<\/p>\n\n\n\n<p>Por su parte, el superintendente de Seguros, Valent\u00edn Jimini\u00e1n, se hizo acompa\u00f1ar por la directora jur\u00eddica de esa instituci\u00f3n, Isaura Pe\u00f1al\u00f3. Tambi\u00e9n, por Fernando Langa y Rafiel V\u00e1squez, el director t\u00e9cnico, Jos\u00e9 de La Cruz; la encargada de Certificaciones y Finanzas, Librada Col\u00f3n, y por el director de Tecnolog\u00eda de la Informaci\u00f3n, Am\u00edlcar Carrasco.<\/p>\n\n\n\n<p>El convenio establece que en colaboraci\u00f3n con ambas instituciones y con las aseguradoras interesadas en contribuir al fortalecimiento de un marco operativo transparente, los equipos t\u00e9cnicos aprobar\u00e1n un formato de contrato uniforme para la fianza judicial, el cual ser\u00e1 utilizado por todas las compa\u00f1\u00edas de seguros autorizadas en el pa\u00eds.<\/p>\n\n\n\n<p>En el compromiso mutuo que han adquirido, la Procuradur\u00eda General y la Superintendencia de Seguros desarrollar\u00e1n programas de capacitaci\u00f3n en materia de seguros.<\/p>\n\n\n\n<p>Direcci\u00f3n General de Comunicaci\u00f3n, Prensa y RRPP<\/p>\n\n\n\n<p>Ministerio P\u00fablico RD<\/p>\n\n\n\n<p>Comunicaciones PGR <a href=\"mailto:comunicaciones@pgr.gob.do\">comunicaciones@pgr.gob.do<\/a><\/p>\n","protected":false},"excerpt":{"rendered":"<p>El convenio, rubricado por la procuradora Yeni Berenice Reynoso y el superintendente Julio C\u00e9sar Valent\u00edn Jimini\u00e1n, contribuir\u00e1 a reducir el n\u00famero de rebeldes judiciales SANTO DOMINGO (Rep\u00fablica Dominicana).- La procuradora general de la Rep\u00fablica, Yeni Berenice Reynoso, y el superintendente de Seguros, Julio C\u00e9sar Valent\u00edn Jimini\u00e1n, firmaron un memorando de entendimiento que garantiza el inter\u00e9s [&hellip;]<\/p>\n","protected":false},"author":7,"featured_media":495896,"comment_status":"closed","ping_status":"closed","sticky":false,"template":"","format":"standard","meta":{"footnotes":""},"categories":[24],"tags":[171],"class_list":["post-625002","post","type-post","status-publish","format-standard","has-post-thumbnail","hentry","category-justicia-y-derecho","tag-ministerio-publico"],"_links":{"self":[{"href":"https:\/\/diariodominicano.com\/index.php?rest_route=\/wp\/v2\/posts\/625002","targetHints":{"allow":["GET"]}}],"collection":[{"href":"https:\/\/diariodominicano.com\/index.php?rest_route=\/wp\/v2\/posts"}],"about":[{"href":"https:\/\/diariodominicano.com\/index.php?rest_route=\/wp\/v2\/types\/post"}],"author":[{"embeddable":true,"href":"https:\/\/diariodominicano.com\/index.php?rest_route=\/wp\/v2\/users\/7"}],"replies":[{"embeddable":true,"href":"https:\/\/diariodominicano.com\/index.php?rest_route=%2Fwp%2Fv2%2Fcomments&post=625002"}],"version-history":[{"count":1,"href":"https:\/\/diariodominicano.com\/index.php?rest_route=\/wp\/v2\/posts\/625002\/revisions"}],"predecessor-version":[{"id":625003,"href":"https:\/\/diariodominicano.com\/index.php?rest_route=\/wp\/v2\/posts\/625002\/revisions\/625003"}],"wp:featuredmedia":[{"embeddable":true,"href":"https:\/\/diariodominicano.com\/index.php?rest_route=\/wp\/v2\/media\/495896"}],"wp:attachment":[{"href":"https:\/\/diariodominicano.com\/index.php?rest_route=%2Fwp%2Fv2%2Fmedia&parent=625002"}],"wp:term":[{"taxonomy":"category","embeddable":true,"href":"https:\/\/diariodominicano.com\/index.php?rest_route=%2Fwp%2Fv2%2Fcategories&post=625002"},{"taxonomy":"post_tag","embeddable":true,"href":"https:\/\/diariodominicano.com\/index.php?rest_route=%2Fwp%2Fv2%2Ftags&post=625002"}],"curies":[{"name":"wp","href":"https:\/\/api.w.org\/{rel}","templated":true}]}}