{"id":624899,"date":"2025-07-06T02:36:23","date_gmt":"2025-07-06T06:36:23","guid":{"rendered":"https:\/\/diariodominicano.com\/?p=624899"},"modified":"2025-07-06T14:19:21","modified_gmt":"2025-07-06T18:19:21","slug":"la-coherencia-en-la-comunicacion-politica-mas-que-forma-es-fondo","status":"publish","type":"post","link":"https:\/\/diariodominicano.com\/?p=624899","title":{"rendered":"La\u00a0coherencia\u00a0en\u00a0la\u00a0comunicaci\u00f3n\u00a0pol\u00edtica:\u00a0M\u00e1s que forma, es fondo"},"content":{"rendered":"\n<p>Por Rebeca Olivet<\/p>\n\n\n\n<p>En tiempos de hiperconectividad, donde los mensajes vuelan m\u00e1s r\u00e1pido que los hechos, la coherencia en la comunicaci\u00f3n pol\u00edtica se vuelve no solo deseable, sino indispensable. Y aunque suene a&nbsp;concepto de manual, lo&nbsp;cierto&nbsp;es&nbsp;que,&nbsp;en&nbsp;la&nbsp;pr\u00e1ctica,&nbsp;muchas&nbsp;figuras&nbsp;p\u00fablicas&nbsp;lo&nbsp;han&nbsp;olvidado.&nbsp;En especial, quienes est\u00e1n en posiciones de poder y ya miran de reojo el calendario electoral del 2028.<\/p>\n\n\n\n<p>Desde&nbsp;el&nbsp;punto&nbsp;de&nbsp;vista&nbsp;estrat\u00e9gico,&nbsp;no&nbsp;se&nbsp;trata&nbsp;de&nbsp;criticar,&nbsp;sino&nbsp;de&nbsp;aportar a la conversaci\u00f3n sobre el estado actual de la narrativa pol\u00edtica&nbsp;dominicana.<\/p>\n\n\n\n<p>&nbsp;<strong>El&nbsp;2024:&nbsp;El&nbsp;a\u00f1o&nbsp;de&nbsp;los&nbsp;corazones,&nbsp;las&nbsp;voces&nbsp;y&#8230;&nbsp;los&nbsp;TikToks<\/strong><\/p>\n\n\n\n<p>La campa\u00f1a electoral de 2024 dej\u00f3 aprendizajes importantes. El&nbsp;<strong>Partido Revolucionario Moderno (PRM)&nbsp;<\/strong>consolid\u00f3 su hegemon\u00eda al lograr la reelecci\u00f3n presidencial con m\u00e1s del 57% de los votos y retener la mayor\u00eda de los municipios del pa\u00eds. M\u00e1s all\u00e1 de los n\u00fameros, fue evidente el peso de&nbsp;una&nbsp;comunicaci\u00f3n&nbsp;bien&nbsp;orquestada,&nbsp;centrada&nbsp;en&nbsp;la&nbsp;figura&nbsp;del&nbsp;presidente y en resultados tangibles.<\/p>\n\n\n\n<p>Uno de los casos m\u00e1s emblem\u00e1ticos fue la campa\u00f1a de la alcaldesa&nbsp;<strong>Carolina&nbsp;Mej\u00eda<\/strong>,&nbsp;quien&nbsp;logr\u00f3&nbsp;conectar&nbsp;emocionalmente&nbsp;con&nbsp;el&nbsp;electorado del Distrito Nacional, con una narrativa de cercan\u00eda, continuidad y amor por toda la ciudad.<\/p>\n\n\n\n<p>Y&nbsp;claro,&nbsp;no&nbsp;podemos&nbsp;olvidar&nbsp;el&nbsp;respaldo&nbsp;quir\u00fargicamente&nbsp;medido&nbsp;que&nbsp;dio Abinader a sus candidatos, que funcion\u00f3 como una transfusi\u00f3n de popularidad en momentos clave. No era magia, era estrategia.<\/p>\n\n\n\n<p>Por&nbsp;otro&nbsp;lado,&nbsp;figuras&nbsp;como&nbsp;<strong>Omar&nbsp;Fern\u00e1ndez<\/strong>,&nbsp;hoy&nbsp;senador&nbsp;del&nbsp;Distrito Nacional, demostraron que un relato fresco, bien estructurado y sin&nbsp;estridencias&nbsp;puede&nbsp;convertirse en una fuerza imparable. Su eslogan&nbsp;\u201cEl&nbsp;senador&nbsp;que&nbsp;queremos\u201d&nbsp;peg\u00f3,&nbsp;su&nbsp;est\u00e9tica&nbsp;visual&nbsp;se&nbsp;cuid\u00f3&nbsp;al&nbsp;mil\u00edmetro,&nbsp;y&nbsp;su crecimiento fue tan org\u00e1nico que parec\u00eda campa\u00f1a de Apple: limpio, minimalista y efectivo.<\/p>\n\n\n\n<p>Desde la oposici\u00f3n, la Fuerza del Pueblo mantuvo algunas cartas fuertes, aunque&nbsp;el&nbsp;PLD&nbsp;sigue&nbsp;sufriendo&nbsp;las&nbsp;secuelas&nbsp;de&nbsp;su&nbsp;divisi\u00f3n&nbsp;interna.&nbsp;Aun&nbsp;as\u00ed, el&nbsp;ciclo&nbsp;2024-2028&nbsp;se&nbsp;proyecta&nbsp;como&nbsp;una&nbsp;etapa&nbsp;de&nbsp;recomposici\u00f3n&nbsp;pol\u00edtica&nbsp;y reposicionamiento narrativo para todos los actores.<\/p>\n\n\n\n<h1 class=\"wp-block-heading\">El riesgo de llegar antes de&nbsp;tiempo<\/h1>\n\n\n\n<p>Ahora bien, lo que llama la atenci\u00f3n \u2014y preocupa desde el plano estrat\u00e9gico\u2014 es la sobreexposici\u00f3n prematura. A dos a\u00f1os de las elecciones, muchos aspirantes se comportan como si estuvi\u00e9semos a semanas del certamen electoral. Vemos a funcionarios dedicando m\u00e1s tiempo&nbsp;a&nbsp;la&nbsp;promoci\u00f3n&nbsp;de&nbsp;su&nbsp;figura&nbsp;y&nbsp;aspiraciones&nbsp;a&nbsp;trav\u00e9s&nbsp;de&nbsp;sus&nbsp;redes sociales que a sus funciones, lanzando mensajes y contenidos que parecen m\u00e1s enfocados en la campa\u00f1a que en la gesti\u00f3n.<\/p>\n\n\n\n<p>Esto&nbsp;puede&nbsp;parecer&nbsp;una&nbsp;jugada&nbsp;audaz,&nbsp;pero&nbsp;con&nbsp;frecuencia&nbsp;termina&nbsp;siendo contraproducente. La ciudadan\u00eda percibe con claridad cu\u00e1ndo una figura se mueve por vocaci\u00f3n y cu\u00e1ndo por ambici\u00f3n. En el arte pol\u00edtico, el exceso de protagonismo suele generar ruido, no confianza.<\/p>\n\n\n\n<p>Y&nbsp;es&nbsp;aqu\u00ed&nbsp;donde&nbsp;entra&nbsp;una&nbsp;frase&nbsp;que&nbsp;usamos&nbsp;con&nbsp;frecuencia&nbsp;en&nbsp;los equipos de estrategia pol\u00edtica, casi como un principio rector:<\/p>\n\n\n\n<h2 class=\"wp-block-heading\">\u00abDeja que sea la gente la que hable de ti. Que sean ellos quienes&nbsp;valoren&nbsp;tu&nbsp;trabajo,&nbsp;te&nbsp;reconozcan&nbsp;tus&nbsp;m\u00e9ritos&nbsp;y&nbsp;\u2014si&nbsp;lo consideran genuino\u2014 te proclamen para lo que viene\u00bb.<\/h2>\n\n\n\n<p>Cuando un l\u00edder necesita decir constantemente&nbsp;que&nbsp;est\u00e1&nbsp;\u201clisto\u201d,&nbsp;es&nbsp;porque su&nbsp;gesti\u00f3n&nbsp;no&nbsp;ha&nbsp;hablado&nbsp;lo&nbsp;suficiente por \u00e9l. En cambio, quienes&nbsp;trabajan&nbsp;con&nbsp;&nbsp;&nbsp;consistencia&nbsp;&nbsp;&nbsp;y&nbsp;&nbsp;&nbsp;enfoque&nbsp;&nbsp;&nbsp;suelen&nbsp;&nbsp;&nbsp;ser&nbsp;&nbsp; percibidos&nbsp;como&nbsp;naturales, necesarios y, lo m\u00e1s importante, cre\u00edbles.<\/p>\n\n\n\n<h1 class=\"wp-block-heading\">Comunicaci\u00f3n s\u00ed, pero con&nbsp;prop\u00f3sito<\/h1>\n\n\n\n<p>En la era digital, comunicar es inevitable. Pero&nbsp;<strong>comunicar bien&nbsp;<\/strong>es una decisi\u00f3n&nbsp;estrat\u00e9gica.&nbsp;La&nbsp;narrativa&nbsp;de&nbsp;un&nbsp;pol\u00edtico&nbsp;no&nbsp;puede&nbsp;depender&nbsp;solo&nbsp;de videos&nbsp;bien&nbsp;producidos&nbsp;o&nbsp;frases&nbsp;inspiradoras.&nbsp;Debe&nbsp;anclarse&nbsp;en&nbsp;su&nbsp;historia, en su legado y en la verdad de sus&nbsp;acciones. En un entorno donde todo se mide&nbsp;\u2014likes,&nbsp;shares,&nbsp;comentarios,&nbsp;menciones\u2014,&nbsp;la&nbsp;coherencia&nbsp;ya&nbsp;no&nbsp;es&nbsp;un valor abstracto, sino una m\u00e9trica de confianza.<\/p>\n\n\n\n<p>Se trata de decir lo justo, en el momento correcto, con&nbsp;una&nbsp;narrativa&nbsp;alineada&nbsp;a&nbsp;los&nbsp;hechos.&nbsp;La&nbsp;sobreexposici\u00f3n&nbsp;no&nbsp;suma&nbsp;si&nbsp;no hay contenido s\u00f3lido detr\u00e1s.<\/p>\n\n\n\n<h1 class=\"wp-block-heading\">Lo que viene: reputaci\u00f3n y&nbsp;percepci\u00f3n<\/h1>\n\n\n\n<p>El ciclo pol\u00edtico 2024-2028 ser\u00e1 profundamente competitivo. Con el presidente Abinader descartando&nbsp;aparentemente&nbsp;una nueva postulaci\u00f3n, se&nbsp;abre&nbsp;un&nbsp;abanico&nbsp;de&nbsp;posibilidades&nbsp;dentro&nbsp;del&nbsp;oficialismo.&nbsp;Muchos&nbsp;l\u00edderes est\u00e1n llamados a jugar un rol importante, pero deber\u00e1n construir no solo ambiciones&nbsp;leg\u00edtimas,&nbsp;sino&nbsp;tambi\u00e9n&nbsp;relatos&nbsp;coherentes&nbsp;con&nbsp;su&nbsp;trayectoria&nbsp;y&nbsp;visi\u00f3n.<\/p>\n\n\n\n<p>Para la oposici\u00f3n, el desaf\u00edo es a\u00fan mayor: articular liderazgos cre\u00edbles, narrativas&nbsp;renovadas&nbsp;y&nbsp;propuestas&nbsp;diferenciadas.&nbsp;Ya&nbsp;no&nbsp;basta&nbsp;con&nbsp;ser&nbsp;\u201cla alternativa\u201d. Hoy, el elector exige consistencia, resultados y prop\u00f3sito.<\/p>\n\n\n\n<p><strong>&nbsp;<\/strong><strong>Reflexi\u00f3n&nbsp;final&nbsp;(para&nbsp;quienes&nbsp;todav\u00eda&nbsp;no&nbsp;han&nbsp;puesto&nbsp;su&nbsp;cuenta en modo campa\u00f1a)<\/strong><\/p>\n\n\n\n<p>Amigo&nbsp;pol\u00edtico&nbsp;que&nbsp;sue\u00f1a&nbsp;con&nbsp;el&nbsp;2028:&nbsp;antes&nbsp;de&nbsp;grabar&nbsp;tu&nbsp;pr\u00f3ximo&nbsp;video, saludando desde un barrio que quiz\u00e1s solo visitas una vez al a\u00f1o,&nbsp;preg\u00fantate si tu narrativa es cre\u00edble, si tu gesti\u00f3n respalda tu discurso&nbsp;y&nbsp;si&nbsp;tus&nbsp;seguidores&nbsp;reales&nbsp;van&nbsp;m\u00e1s&nbsp;all\u00e1&nbsp;del&nbsp;algoritmo.<\/p>\n\n\n\n<p>Porque&nbsp;al&nbsp;final,&nbsp;lo&nbsp;que&nbsp;cuenta&nbsp;no&nbsp;es&nbsp;el&nbsp;filtro&nbsp;que&nbsp;uses&nbsp;en&nbsp;Instagram,&nbsp;sino&nbsp;los resultados que puedas mostrar sin miedo a que te pregunten.<\/p>\n\n\n\n<p>As\u00ed&nbsp;que,&nbsp;si&nbsp;est\u00e1s&nbsp;pensando&nbsp;en&nbsp;lanzarte&nbsp;en&nbsp;2028,&nbsp;no&nbsp;empieces&nbsp;con&nbsp;slogans vac\u00edos ni con anuncios que nadie pidi\u00f3.&nbsp;<strong>Empieza con resultados, con estrategias que respeten la inteligencia del electorado y con una&nbsp;comunicaci\u00f3n que no huela a&nbsp;desesperaci\u00f3n.<\/strong><\/p>\n\n\n\n<p>Recuerda:&nbsp;en&nbsp;pol\u00edtica,&nbsp;como&nbsp;en&nbsp;la&nbsp;vida,&nbsp;el&nbsp;que&nbsp;mucho&nbsp;se&nbsp;anuncia\u2026poco&nbsp;se&nbsp;vende.<\/p>\n\n\n\n<h1 class=\"wp-block-heading\">En fin, la narrativa debe nacer&nbsp;de la gesti\u00f3n, no de la&nbsp;ansiedad<\/h1>\n\n\n\n<p>En la pol\u00edtica moderna, la coherencia es el verdadero capital reputacional. No gana el que m\u00e1s habla, sino el que mejor sustenta lo que dice. En ese sentido,&nbsp;<strong>el pr\u00f3ximo gran l\u00edder ser\u00e1 aquel que entienda que la narrativa se&nbsp;construye&nbsp;en&nbsp;el&nbsp;terreno,&nbsp;no&nbsp;en&nbsp;los&nbsp;hashtags<\/strong>.&nbsp;Que&nbsp;la&nbsp;legitimidad&nbsp;no&nbsp;se impone, se percibe. Y que las mejores campa\u00f1as comienzan mucho antes&#8230; con una gesti\u00f3n que hable por s\u00ed sola.<\/p>\n\n\n\n<p>Rebeca&nbsp;Olivet<\/p>\n\n\n\n<p>Claudio Acevedo <a href=\"mailto:notiultimas.rd@gmail.com\">notiultimas.rd@gmail.com<\/a><\/p>\n","protected":false},"excerpt":{"rendered":"<p>Por Rebeca Olivet En tiempos de hiperconectividad, donde los mensajes vuelan m\u00e1s r\u00e1pido que los hechos, la coherencia en la comunicaci\u00f3n pol\u00edtica se vuelve no solo deseable, sino indispensable. Y aunque suene a&nbsp;concepto de manual, lo&nbsp;cierto&nbsp;es&nbsp;que,&nbsp;en&nbsp;la&nbsp;pr\u00e1ctica,&nbsp;muchas&nbsp;figuras&nbsp;p\u00fablicas&nbsp;lo&nbsp;han&nbsp;olvidado.&nbsp;En especial, quienes est\u00e1n en posiciones de poder y ya miran de reojo el calendario electoral del 2028. Desde&nbsp;el&nbsp;punto&nbsp;de&nbsp;vista&nbsp;estrat\u00e9gico,&nbsp;no&nbsp;se&nbsp;trata&nbsp;de&nbsp;criticar,&nbsp;sino&nbsp;de&nbsp;aportar a [&hellip;]<\/p>\n","protected":false},"author":7,"featured_media":624974,"comment_status":"closed","ping_status":"closed","sticky":false,"template":"","format":"standard","meta":{"footnotes":""},"categories":[16],"tags":[2785],"class_list":["post-624899","post","type-post","status-publish","format-standard","has-post-thumbnail","hentry","category-opiniones","tag-rebeca-olivet"],"_links":{"self":[{"href":"https:\/\/diariodominicano.com\/index.php?rest_route=\/wp\/v2\/posts\/624899","targetHints":{"allow":["GET"]}}],"collection":[{"href":"https:\/\/diariodominicano.com\/index.php?rest_route=\/wp\/v2\/posts"}],"about":[{"href":"https:\/\/diariodominicano.com\/index.php?rest_route=\/wp\/v2\/types\/post"}],"author":[{"embeddable":true,"href":"https:\/\/diariodominicano.com\/index.php?rest_route=\/wp\/v2\/users\/7"}],"replies":[{"embeddable":true,"href":"https:\/\/diariodominicano.com\/index.php?rest_route=%2Fwp%2Fv2%2Fcomments&post=624899"}],"version-history":[{"count":1,"href":"https:\/\/diariodominicano.com\/index.php?rest_route=\/wp\/v2\/posts\/624899\/revisions"}],"predecessor-version":[{"id":624900,"href":"https:\/\/diariodominicano.com\/index.php?rest_route=\/wp\/v2\/posts\/624899\/revisions\/624900"}],"wp:featuredmedia":[{"embeddable":true,"href":"https:\/\/diariodominicano.com\/index.php?rest_route=\/wp\/v2\/media\/624974"}],"wp:attachment":[{"href":"https:\/\/diariodominicano.com\/index.php?rest_route=%2Fwp%2Fv2%2Fmedia&parent=624899"}],"wp:term":[{"taxonomy":"category","embeddable":true,"href":"https:\/\/diariodominicano.com\/index.php?rest_route=%2Fwp%2Fv2%2Fcategories&post=624899"},{"taxonomy":"post_tag","embeddable":true,"href":"https:\/\/diariodominicano.com\/index.php?rest_route=%2Fwp%2Fv2%2Ftags&post=624899"}],"curies":[{"name":"wp","href":"https:\/\/api.w.org\/{rel}","templated":true}]}}