{"id":624898,"date":"2025-07-06T13:49:55","date_gmt":"2025-07-06T17:49:55","guid":{"rendered":"https:\/\/diariodominicano.com\/?p=624898"},"modified":"2025-07-06T13:49:57","modified_gmt":"2025-07-06T17:49:57","slug":"luis-abinader-y-la-crisis-haitiana-una-llamada-ineludible-a-la-responsabilidad-internacional","status":"publish","type":"post","link":"https:\/\/diariodominicano.com\/?p=624898","title":{"rendered":"Luis Abinader y la Crisis Haitiana: Una Llamada Ineludible a la Responsabilidad Internacional"},"content":{"rendered":"\n<p><strong>Por Darwin Feliz Matos<\/strong><\/p>\n\n\n\n<p>En el contexto m\u00e1s cr\u00edtico de la historia reciente de Hait\u00ed, el presidente dominicano Luis Abinader ha adoptado una postura firme, propositiva y profundamente patri\u00f3tica frente a una realidad que ya no admite matices: \u201cHait\u00ed es una bomba de tiempo\u201d. La descomposici\u00f3n institucional, el dominio absoluto de las bandas armadas \u201cque ya controlan m\u00e1s del 90% de la capital, Puerto Pr\u00edncipe\u201d, y la amenaza de un colapso humanitario total, convierten esta crisis en un desaf\u00edo que supera las fronteras de lo bilateral.<\/p>\n\n\n\n<p>Lejos de adoptar una actitud de indiferencia o complacencia, Abinader ha hecho de la situaci\u00f3n haitiana una prioridad de Estado. Y no lo ha hecho solo. Por segunda vez, ha convocado a los expresidentes Hip\u00f3lito Mej\u00eda, Leonel Fern\u00e1ndez y Danilo Medina, adem\u00e1s con el Consejo Econ\u00f3mico y Social, para articular una respuesta nacional que trascienda los colores partidarios. Este gesto de madurez pol\u00edtica no solo refuerza la unidad interna, sino que env\u00eda un mensaje claro a la comunidad internacional: la Rep\u00fablica Dominicana no puede \u201cni debe\u201d cargar sola con el peso de una tragedia que amenaza con desbordarse sobre toda la regi\u00f3n.<\/p>\n\n\n\n<p>La apuesta del mandatario es clara: un enfoque integral, consensuado y soberano. Su llamado no se limita a la ret\u00f3rica; exige la acci\u00f3n decidida de organismos multilaterales que, hasta ahora, han respondido con una preocupante lentitud, mientras el problema crece. Las cifras hablan por s\u00ed solas: m\u00e1s de 1.3 millones de desplazados internos, el 80% de la infraestructura sanitaria inoperante, y una red de pandillas criminales que ha tomado el control log\u00edstico, territorial y hasta simb\u00f3lico del pa\u00eds vecino. Incluso, como alert\u00f3 la ONU, se cierne la sombra de un \u201cpunto de no retorno\u201d.<\/p>\n\n\n\n<p>Abinader ha delineado las prioridades con precisi\u00f3n quir\u00fargica: una pol\u00edtica migratoria humana pero firme, seguridad fronteriza reforzada, modernizaci\u00f3n de infraestructuras en zonas lim\u00edtrofes, regulaci\u00f3n del comercio bilateral para erradicar pr\u00e1cticas il\u00edcitas, y una estrategia diplom\u00e1tica que convoque al mundo a asumir su cuota de responsabilidad. Todo esto sin descuidar el delicado tema de la mano de obra haitiana en suelo dominicano, que plantea retos laborales, humanitarios y de gobernabilidad.<\/p>\n\n\n\n<p>Pero el n\u00facleo de su posici\u00f3n no es t\u00e9cnico, sino profundamente \u00e9tico. \u201cNuestro compromiso debe ser con una naci\u00f3n que encuentre en la justicia su escudo, en la unidad su fortaleza y en la dignidad su destino\u201d, ha dicho. La Rep\u00fablica Dominicana no busca ni intervenir ni desentenderse, sino actuar con firmeza y compasi\u00f3n, protegiendo su soberan\u00eda mientras aboga por una soluci\u00f3n definitiva para Hait\u00ed, que solo podr\u00e1 lograrse si la comunidad internacional deja atr\u00e1s el letargo diplom\u00e1tico y asume su rol con urgencia.<\/p>\n\n\n\n<p>El presidente Luis Abinader ha desempe\u00f1ado un rol activo y persistente en la escena internacional al elevar la voz de la Rep\u00fablica Dominicana en favor de una soluci\u00f3n urgente a la profunda crisis que atraviesa Hait\u00ed. Desde tribunas como la Organizaci\u00f3n de Estados Americanos (OEA), la Organizaci\u00f3n de las Naciones Unidas (ONU) y otros foros multilaterales, Abinader ha reiterado la necesidad de una intervenci\u00f3n efectiva de la comunidad internacional para frenar el colapso institucional y el dominio de las bandas armadas que azotan al pueblo haitiano. Pese a sus constantes llamados y a las promesas de cooperaci\u00f3n recibidas, la respuesta global ha sido limitada, prolongando la inestabilidad en la vecina naci\u00f3n y obligando a Rep\u00fablica Dominicana a cargar con un peso desproporcionado ante una crisis que, por su naturaleza, requiere un abordaje colectivo y urgente.<\/p>\n\n\n\n<p>La historia recordar\u00e1 que, cuando el abismo se acercaba peligrosamente a nuestras puertas, el presidente Abinader eligi\u00f3 la ruta de la unidad, la diplomacia activa y la responsabilidad compartida. Hoy, m\u00e1s que nunca, Hait\u00ed necesita al mundo. Y el mundo no puede mirar hacia otro lado. Porque cuando una naci\u00f3n colapsa, toda la regi\u00f3n tiembla. Y cuando una naci\u00f3n hermana clama por auxilio, callar es complicidad.<\/p>\n\n\n\n<p>Darwin Feliz Matos <a href=\"mailto:darwinfeliz@gmail.com\">darwinfeliz@gmail.com<\/a><\/p>\n","protected":false},"excerpt":{"rendered":"<p>Por Darwin Feliz Matos En el contexto m\u00e1s cr\u00edtico de la historia reciente de Hait\u00ed, el presidente dominicano Luis Abinader ha adoptado una postura firme, propositiva y profundamente patri\u00f3tica frente a una realidad que ya no admite matices: \u201cHait\u00ed es una bomba de tiempo\u201d. La descomposici\u00f3n institucional, el dominio absoluto de las bandas armadas \u201cque [&hellip;]<\/p>\n","protected":false},"author":7,"featured_media":624964,"comment_status":"closed","ping_status":"closed","sticky":false,"template":"","format":"standard","meta":{"footnotes":""},"categories":[16],"tags":[2786],"class_list":["post-624898","post","type-post","status-publish","format-standard","has-post-thumbnail","hentry","category-opiniones","tag-darwin-feliz-matos"],"_links":{"self":[{"href":"https:\/\/diariodominicano.com\/index.php?rest_route=\/wp\/v2\/posts\/624898","targetHints":{"allow":["GET"]}}],"collection":[{"href":"https:\/\/diariodominicano.com\/index.php?rest_route=\/wp\/v2\/posts"}],"about":[{"href":"https:\/\/diariodominicano.com\/index.php?rest_route=\/wp\/v2\/types\/post"}],"author":[{"embeddable":true,"href":"https:\/\/diariodominicano.com\/index.php?rest_route=\/wp\/v2\/users\/7"}],"replies":[{"embeddable":true,"href":"https:\/\/diariodominicano.com\/index.php?rest_route=%2Fwp%2Fv2%2Fcomments&post=624898"}],"version-history":[{"count":1,"href":"https:\/\/diariodominicano.com\/index.php?rest_route=\/wp\/v2\/posts\/624898\/revisions"}],"predecessor-version":[{"id":624966,"href":"https:\/\/diariodominicano.com\/index.php?rest_route=\/wp\/v2\/posts\/624898\/revisions\/624966"}],"wp:featuredmedia":[{"embeddable":true,"href":"https:\/\/diariodominicano.com\/index.php?rest_route=\/wp\/v2\/media\/624964"}],"wp:attachment":[{"href":"https:\/\/diariodominicano.com\/index.php?rest_route=%2Fwp%2Fv2%2Fmedia&parent=624898"}],"wp:term":[{"taxonomy":"category","embeddable":true,"href":"https:\/\/diariodominicano.com\/index.php?rest_route=%2Fwp%2Fv2%2Fcategories&post=624898"},{"taxonomy":"post_tag","embeddable":true,"href":"https:\/\/diariodominicano.com\/index.php?rest_route=%2Fwp%2Fv2%2Ftags&post=624898"}],"curies":[{"name":"wp","href":"https:\/\/api.w.org\/{rel}","templated":true}]}}