{"id":624878,"date":"2025-07-05T22:36:30","date_gmt":"2025-07-06T02:36:30","guid":{"rendered":"https:\/\/diariodominicano.com\/?p=624878"},"modified":"2025-12-29T01:54:43","modified_gmt":"2025-12-29T05:54:43","slug":"gobierno-en-la-provincia-llega-a-dajabon-para-fortalecer-vinculos-con-las-comunidades","status":"publish","type":"post","link":"https:\/\/diariodominicano.com\/?p=624878","title":{"rendered":"Afirma Gobierno ha ejecutado decenas de obras en la provincia  Dajab\u00f3n"},"content":{"rendered":"\n<p><strong><em>Edgar Augusto F\u00e9liz M\u00e9ndez, dijo que el gobierno del presidente de la Rep\u00fablica, Luis Abinader Corona, ha ejecutado decenas de obras en la provincia  Dajab\u00f3n, impactando positivamente a miles de ciudadanos y elevando su calidad de vida.\u00a0<\/em><\/strong><\/p>\n\n\n\n<p><strong>Dajab\u00f3n. &#8211;<\/strong>  El Gobierno en la Provincia,  realiz\u00f3 un encuentro con el Consejo de Desarrollo Provincial de Dajab\u00f3n encabezado por Edgar Augusto F\u00e9liz M\u00e9ndez, director general de Comedores Econ\u00f3micos del Estado (CEED), autoridad designada por el gobierno central para llevar a cabo esta jornada, que fue celebrada en la sede de la Gobernaci\u00f3n Provincial, con el objetivo de acercar el Estado a la comunidades, atender las demandas y garantizar que las pol\u00edticas p\u00fablicas lleguen de manera efectiva.<\/p>\n\n\n\n<figure class=\"wp-block-gallery has-nested-images columns-default is-cropped wp-block-gallery-1 is-layout-flex wp-block-gallery-is-layout-flex\">\n<figure class=\"wp-block-image size-large\"><img loading=\"lazy\" decoding=\"async\" width=\"1024\" height=\"576\" data-id=\"624892\" src=\"https:\/\/diariodominicano.com\/wp-content\/uploads\/2025\/07\/Gobierno-en-la-Provincia-llega-a-Dajabon-para-fortalecer-vinculos-1024x576.jpg\" alt=\"\" class=\"wp-image-624892\" srcset=\"https:\/\/diariodominicano.com\/wp-content\/uploads\/2025\/07\/Gobierno-en-la-Provincia-llega-a-Dajabon-para-fortalecer-vinculos-1024x576.jpg 1024w, https:\/\/diariodominicano.com\/wp-content\/uploads\/2025\/07\/Gobierno-en-la-Provincia-llega-a-Dajabon-para-fortalecer-vinculos-300x169.jpg 300w, https:\/\/diariodominicano.com\/wp-content\/uploads\/2025\/07\/Gobierno-en-la-Provincia-llega-a-Dajabon-para-fortalecer-vinculos-768x432.jpg 768w, https:\/\/diariodominicano.com\/wp-content\/uploads\/2025\/07\/Gobierno-en-la-Provincia-llega-a-Dajabon-para-fortalecer-vinculos-1536x864.jpg 1536w, https:\/\/diariodominicano.com\/wp-content\/uploads\/2025\/07\/Gobierno-en-la-Provincia-llega-a-Dajabon-para-fortalecer-vinculos-816x459.jpg 816w, https:\/\/diariodominicano.com\/wp-content\/uploads\/2025\/07\/Gobierno-en-la-Provincia-llega-a-Dajabon-para-fortalecer-vinculos.jpg 1599w\" sizes=\"auto, (max-width: 1024px) 100vw, 1024px\" \/><\/figure>\n\n\n\n<figure class=\"wp-block-image size-large\"><img loading=\"lazy\" decoding=\"async\" width=\"1024\" height=\"682\" data-id=\"624891\" src=\"https:\/\/diariodominicano.com\/wp-content\/uploads\/2025\/07\/Gobierno-en-la-Provincia-llega-a-Dajabon-para-fortalecer-vinculos-1024x682.jpeg\" alt=\"\" class=\"wp-image-624891\" srcset=\"https:\/\/diariodominicano.com\/wp-content\/uploads\/2025\/07\/Gobierno-en-la-Provincia-llega-a-Dajabon-para-fortalecer-vinculos-1024x682.jpeg 1024w, https:\/\/diariodominicano.com\/wp-content\/uploads\/2025\/07\/Gobierno-en-la-Provincia-llega-a-Dajabon-para-fortalecer-vinculos-300x200.jpeg 300w, https:\/\/diariodominicano.com\/wp-content\/uploads\/2025\/07\/Gobierno-en-la-Provincia-llega-a-Dajabon-para-fortalecer-vinculos-768x512.jpeg 768w, https:\/\/diariodominicano.com\/wp-content\/uploads\/2025\/07\/Gobierno-en-la-Provincia-llega-a-Dajabon-para-fortalecer-vinculos-1536x1023.jpeg 1536w, https:\/\/diariodominicano.com\/wp-content\/uploads\/2025\/07\/Gobierno-en-la-Provincia-llega-a-Dajabon-para-fortalecer-vinculos-816x544.jpeg 816w, https:\/\/diariodominicano.com\/wp-content\/uploads\/2025\/07\/Gobierno-en-la-Provincia-llega-a-Dajabon-para-fortalecer-vinculos.jpeg 1600w\" sizes=\"auto, (max-width: 1024px) 100vw, 1024px\" \/><\/figure>\n<\/figure>\n\n\n\n<p>El encuentro en el que tambi\u00e9n estuvo presente la Gobernadora Severina Gil, cont\u00f3, adem\u00e1s, con la asistencia de autoridades gubernamentales, municipales, legislativas, representantes de las organizaciones sociales y empresarios, quienes coincidieron en valorar la iniciativa que permite la implementaci\u00f3n y seguimiento a las acciones del gobierno orientadas a una visi\u00f3n de desarrollo sostenible, inclusiva y adaptadas a las realidades locales.<\/p>\n\n\n\n<p>Durante la reuni\u00f3n se present\u00f3 la inversi\u00f3n del gobierno en la provincia a trav\u00e9s de un informe pormenorizado sobre las obras concluidas, las que est\u00e1n en ejecuci\u00f3n, y aquellas que se encuentran en proceso de resoluci\u00f3n de aspectos legales, administrativos y presupuestarios.<\/p>\n\n\n\n<p>Edgar Augusto F\u00e9liz M\u00e9ndez, destac\u00f3 que el gobierno del presidente Luis Abinader Corona, ha ejecutado decenas de obras en la provincia de Dajab\u00f3n, impactando positivamente a miles de ciudadanos y elevando su calidad de vida.<\/p>\n\n\n\n<p>\u201cEl Gobierno en la Provincia es mucho m\u00e1s que un recuento de obras; es una muestra del compromiso del presidente Abinader, con una gesti\u00f3n cercana, transparente y centrada en la gente. Estamos enfocados en llevar bienestar a la poblaci\u00f3n, especialmente a la m\u00e1s vulnerable\u201d, expres\u00f3 F\u00e9liz M\u00e9ndez.<\/p>\n\n\n\n<p>De su lado, la gobernadora provincial, Severina Gil, valor\u00f3 la intervenci\u00f3n de Comedores Econ\u00f3micos, con el reparto de raciones de comidas cocidas y crudas durante esta jornada.&nbsp;<\/p>\n\n\n\n<p>\u201cEn el d\u00eda de hoy en Dajab\u00f3n se ha sentido la presencia del Gobierno a trav\u00e9s de los Comedores Econ\u00f3micos del Estado. La poblaci\u00f3n est\u00e1 feliz y la algarab\u00eda se siente en toda la provincia\u201d declar\u00f3, Gil.&nbsp;<\/p>\n\n\n\n<p>Durante la jornada del Gobierno en la Provincia, se sostuvo un di\u00e1logo abierto entre las autoridades y representantes de la sociedad civil, quienes aprovecharon la ocasi\u00f3n para plantear nuevas necesidades y proyectos prioritarios para la demarcaci\u00f3n.<\/p>\n\n\n\n<p>En esta ocasi\u00f3n, simult\u00e1neamente con el encuentro con el Consejo de Desarrollo Provincial de Dajab\u00f3n, Comedores Econ\u00f3micos del Estado Dominicano (CEED), llev\u00f3 a cabo un amplio operativo de entrega de raciones de comida cocida a trav\u00e9s de las cocinas m\u00f3viles y la entrega de kits de raciones crudas.&nbsp;<\/p>\n\n\n\n<p>Al concluir esta productiva jornada, qued\u00f3 reafirmado el compromiso del gobierno que encabeza el presidente de la Rep\u00fablica, Luis Abinader Corona, con el desarrollo integral de Dajab\u00f3n y del resto del pa\u00eds, impulsando proyectos que fortalecen sectores clave como salud, educaci\u00f3n, infraestructura y desarrollo productivo para proporcionar un crecimiento equilibrado en toda la naci\u00f3n.&nbsp;<\/p>\n\n\n\n<p><strong>Departamento de Comunicaci\u00f3n<\/strong><\/p>\n\n\n\n<p><strong>Comedores Econ\u00f3micos del Estado<\/strong><\/p>\n\n\n\n<p><strong>Carmen Curiel &lt;<\/strong><a href=\"mailto:carmencuriel6@gmail.com\"><strong>carmencuriel6@gmail.com<\/strong><\/a><strong>&gt;&nbsp;<\/strong><\/p>\n","protected":false},"excerpt":{"rendered":"<p>Edgar Augusto F\u00e9liz M\u00e9ndez, dijo que el gobierno del presidente de la Rep\u00fablica, Luis Abinader Corona, ha ejecutado decenas de obras en la provincia Dajab\u00f3n, impactando positivamente a miles de ciudadanos y elevando su calidad de vida.\u00a0 Dajab\u00f3n. &#8211; El Gobierno en la Provincia, realiz\u00f3 un encuentro con el Consejo de Desarrollo Provincial de Dajab\u00f3n [&hellip;]<\/p>\n","protected":false},"author":7,"featured_media":624893,"comment_status":"closed","ping_status":"closed","sticky":false,"template":"","format":"standard","meta":{"footnotes":""},"categories":[36],"tags":[2328],"class_list":["post-624878","post","type-post","status-publish","format-standard","has-post-thumbnail","hentry","category-hombresmujeresycosas","tag-comedores-economicos-del-estado-dominicano-ceed"],"_links":{"self":[{"href":"https:\/\/diariodominicano.com\/index.php?rest_route=\/wp\/v2\/posts\/624878","targetHints":{"allow":["GET"]}}],"collection":[{"href":"https:\/\/diariodominicano.com\/index.php?rest_route=\/wp\/v2\/posts"}],"about":[{"href":"https:\/\/diariodominicano.com\/index.php?rest_route=\/wp\/v2\/types\/post"}],"author":[{"embeddable":true,"href":"https:\/\/diariodominicano.com\/index.php?rest_route=\/wp\/v2\/users\/7"}],"replies":[{"embeddable":true,"href":"https:\/\/diariodominicano.com\/index.php?rest_route=%2Fwp%2Fv2%2Fcomments&post=624878"}],"version-history":[{"count":3,"href":"https:\/\/diariodominicano.com\/index.php?rest_route=\/wp\/v2\/posts\/624878\/revisions"}],"predecessor-version":[{"id":624911,"href":"https:\/\/diariodominicano.com\/index.php?rest_route=\/wp\/v2\/posts\/624878\/revisions\/624911"}],"wp:featuredmedia":[{"embeddable":true,"href":"https:\/\/diariodominicano.com\/index.php?rest_route=\/wp\/v2\/media\/624893"}],"wp:attachment":[{"href":"https:\/\/diariodominicano.com\/index.php?rest_route=%2Fwp%2Fv2%2Fmedia&parent=624878"}],"wp:term":[{"taxonomy":"category","embeddable":true,"href":"https:\/\/diariodominicano.com\/index.php?rest_route=%2Fwp%2Fv2%2Fcategories&post=624878"},{"taxonomy":"post_tag","embeddable":true,"href":"https:\/\/diariodominicano.com\/index.php?rest_route=%2Fwp%2Fv2%2Ftags&post=624878"}],"curies":[{"name":"wp","href":"https:\/\/api.w.org\/{rel}","templated":true}]}}