{"id":624826,"date":"2025-07-05T02:40:28","date_gmt":"2025-07-05T06:40:28","guid":{"rendered":"https:\/\/diariodominicano.com\/?p=624826"},"modified":"2025-07-05T02:40:36","modified_gmt":"2025-07-05T06:40:36","slug":"el-fin-del-tps-para-haitianos-en-ee-uu-uu-su-impacto-en-la-republica-dominicana","status":"publish","type":"post","link":"https:\/\/diariodominicano.com\/?p=624826","title":{"rendered":"El fin del TPS para haitianos en EE.UU. UU. su impacto en la Rep\u00fablica Dominicana"},"content":{"rendered":"\n<p><strong>Por Ram\u00f3n Ceballo<\/strong><\/p>\n\n\n\n<p>El Departamento de Seguridad Nacional de Estados Unidos (DHS, por sus siglas en ingl\u00e9s) anunci\u00f3 este viernes la cancelaci\u00f3n definitiva del Estatus de Protecci\u00f3n Temporal (TPS, por sus siglas en ingl\u00e9s) para aproximadamente&nbsp;500.000 ciudadanos haitianos&nbsp;, una decisi\u00f3n tomada bajo la administraci\u00f3n del presidente&nbsp;Donald Trump&nbsp;, con efectos a partir del&nbsp;2 de septiembre de 2025&nbsp;.<\/p>\n\n\n\n<p>La cancelaci\u00f3n del TPS para haitianos no es solo un asunto de pol\u00edtica migratoria estadounidense; representa una bomba de tiempo para la regi\u00f3n.&nbsp;Rep\u00fablica Dominicana no puede ni debe enfrentar sola las consecuencias de esta decisi\u00f3n&nbsp;, que amenaza con intensificar la ya cr\u00edtica situaci\u00f3n migratoria en la isla.<\/p>\n\n\n\n<p>La verdad es que esto marca un punto de inflexi\u00f3n no solo para los miles de haitianos que residen legalmente en Estados Unidos desde el terremoto de 2010, sino tambi\u00e9n para la regi\u00f3n caribe\u00f1a, especialmente&nbsp;Rep\u00fablica Dominicana&nbsp;, pa\u00eds que podr\u00eda verse directamente afectado por las consecuencias migratorias, econ\u00f3micas y sociales derivadas de esta medida.<\/p>\n\n\n\n<p>El TPS fue otorgado a ciudadanos haitianos tras el devastador terremoto de 2010, permiti\u00e9ndoles residir y trabajar legalmente en EE.UU. UU. desde entonces. Su eliminaci\u00f3n forzar\u00e1 a millas a enfrentar la deportaci\u00f3n, a menos que encuentren otras v\u00edas legales para permanecer.<\/p>\n\n\n\n<p>La decisi\u00f3n se produce en un momento de extrema fragilidad institucional en Hait\u00ed, donde el colapso del Estado, la violencia de bandas armadas y la falta de gobernabilidad impiden garantizar condiciones m\u00ednimas de reintegraci\u00f3n para los retornados.<\/p>\n\n\n\n<p>Aunque los deportados ser\u00e1n enviados formalmente a Hait\u00ed,&nbsp;es previsible que una parte significativa de ellos busque ingresar a la Rep\u00fablica Dominicana&nbsp;, ya sea como paso hacia un tercer destino o como \u00fanica opci\u00f3n viable de estabilidad geogr\u00e1fica y econ\u00f3mica.<\/p>\n\n\n\n<p>Este fen\u00f3meno podr\u00eda agudizar los desaf\u00edos ya existentes en la frontera dominico-haitiana y en comunidades locales, especialmente en un contexto en el que Rep\u00fablica Dominicana mantiene su propia presi\u00f3n migratoria irregular, tensiones sociales y recursos institucionales limitados.<\/p>\n\n\n\n<p><strong>Impacto econ\u00f3mico y social anticipado<\/strong><\/p>\n\n\n\n<ol class=\"wp-block-list\" start=\"1\">\n<li>Mayor presi\u00f3n sobre los servicios p\u00fablicos dominicanos\u00a0, especialmente salud, educaci\u00f3n y asistencia social, en zonas fronterizas y urbanas vulnerables.<\/li>\n\n\n\n<li>Incremento del trabajo informal\u00a0y competencia por empleos mal remunerados, generando fricciones entre comunidades locales y migrantes.<\/li>\n\n\n\n<li>Posible aumento de discursos pol\u00edticos nacionalistas\u00a0ante la percepci\u00f3n de una \u201ccarga\u201d impuesta desde el exterior.<\/li>\n\n\n\n<li>Tensi\u00f3n diplom\u00e1tica\u00a0entre los gobiernos dominicano y estadounidense si no se prev\u00e9 un plan de apoyo regional.<\/li>\n<\/ol>\n\n\n\n<p>Ante este escenario, expertos en relaciones exteriores sugieren la necesidad de:<\/p>\n\n\n\n<ul class=\"wp-block-list\">\n<li>Establecer\u00a0mecanismos de vigilancia migratoria preventiva\u00a0, en coordinaci\u00f3n con organismos internacionales.<\/li>\n\n\n\n<li>Solicitar a EE. UU.\u00a0Informaci\u00f3n transparente\u00a0sobre los retornados haitianos y aviones de asistencia.<\/li>\n\n\n\n<li>Activar\u00a0foros multilaterales\u00a0para exigir corresponsabilidad de la comunidad internacional en el manejo de la crisis haitiana.<\/li>\n\n\n\n<li>Promover una\u00a0estrategia nacional de contenci\u00f3n humanitaria y diplom\u00e1tica\u00a0, con apego al derecho internacional ya la soberan\u00eda nacional.<\/li>\n<\/ul>\n\n\n\n<p>Frente a este nuevo cap\u00edtulo, la respuesta debe ser inteligente, coordinada y contundente, para proteger nuestra soberan\u00eda sin perder de vista la dimensi\u00f3n humanitaria, y exigir que los costos de esta crisis no recaigan nuevamente solo sobre los m\u00e1s cercanos.<\/p>\n","protected":false},"excerpt":{"rendered":"<p>Por Ram\u00f3n Ceballo El Departamento de Seguridad Nacional de Estados Unidos (DHS, por sus siglas en ingl\u00e9s) anunci\u00f3 este viernes la cancelaci\u00f3n definitiva del Estatus de Protecci\u00f3n Temporal (TPS, por sus siglas en ingl\u00e9s) para aproximadamente&nbsp;500.000 ciudadanos haitianos&nbsp;, una decisi\u00f3n tomada bajo la administraci\u00f3n del presidente&nbsp;Donald Trump&nbsp;, con efectos a partir del&nbsp;2 de septiembre de [&hellip;]<\/p>\n","protected":false},"author":2,"featured_media":624827,"comment_status":"closed","ping_status":"closed","sticky":false,"template":"","format":"standard","meta":{"footnotes":""},"categories":[36,23,16],"tags":[],"class_list":["post-624826","post","type-post","status-publish","format-standard","has-post-thumbnail","hentry","category-hombresmujeresycosas","category-internacional","category-opiniones"],"_links":{"self":[{"href":"https:\/\/diariodominicano.com\/index.php?rest_route=\/wp\/v2\/posts\/624826","targetHints":{"allow":["GET"]}}],"collection":[{"href":"https:\/\/diariodominicano.com\/index.php?rest_route=\/wp\/v2\/posts"}],"about":[{"href":"https:\/\/diariodominicano.com\/index.php?rest_route=\/wp\/v2\/types\/post"}],"author":[{"embeddable":true,"href":"https:\/\/diariodominicano.com\/index.php?rest_route=\/wp\/v2\/users\/2"}],"replies":[{"embeddable":true,"href":"https:\/\/diariodominicano.com\/index.php?rest_route=%2Fwp%2Fv2%2Fcomments&post=624826"}],"version-history":[{"count":1,"href":"https:\/\/diariodominicano.com\/index.php?rest_route=\/wp\/v2\/posts\/624826\/revisions"}],"predecessor-version":[{"id":624828,"href":"https:\/\/diariodominicano.com\/index.php?rest_route=\/wp\/v2\/posts\/624826\/revisions\/624828"}],"wp:featuredmedia":[{"embeddable":true,"href":"https:\/\/diariodominicano.com\/index.php?rest_route=\/wp\/v2\/media\/624827"}],"wp:attachment":[{"href":"https:\/\/diariodominicano.com\/index.php?rest_route=%2Fwp%2Fv2%2Fmedia&parent=624826"}],"wp:term":[{"taxonomy":"category","embeddable":true,"href":"https:\/\/diariodominicano.com\/index.php?rest_route=%2Fwp%2Fv2%2Fcategories&post=624826"},{"taxonomy":"post_tag","embeddable":true,"href":"https:\/\/diariodominicano.com\/index.php?rest_route=%2Fwp%2Fv2%2Ftags&post=624826"}],"curies":[{"name":"wp","href":"https:\/\/api.w.org\/{rel}","templated":true}]}}